{"id":893,"date":"2010-08-19T17:21:40","date_gmt":"2010-08-19T20:21:40","guid":{"rendered":"http:\/\/ultimato.com.br\/sites\/paralelo10\/?p=893"},"modified":"2010-08-19T17:21:40","modified_gmt":"2010-08-19T20:21:40","slug":"noticias-do-v-encontro-renas","status":"publish","type":"post","link":"https:\/\/ultimato.com.br\/sites\/paralelo10\/2010\/08\/noticias-do-v-encontro-renas\/","title":{"rendered":"Not\u00edcias do V Encontro RENAS"},"content":{"rendered":"<p><a href=\"http:\/\/ultimato.com.br\/sites\/paralelo10\/files\/2010\/08\/renas11.jpg\" class=\"lightview\" data-lightview-group=\"group-893\" data-lightview-options=\"skin: 'dark', controls: 'relative', padding: '10', shadow: { color: '#000000', opacity: 0.08, blur: 3 }\" data-lightview-title=\"renas1\"><img loading=\"lazy\" decoding=\"async\" class=\"alignleft size-full wp-image-896\" style=\"margin: 10px;\" title=\"renas1\" src=\"http:\/\/ultimato.com.br\/sites\/paralelo10\/files\/2010\/08\/renas11.jpg\" alt=\"\" width=\"320\" height=\"240\" srcset=\"https:\/\/ultimato.com.br\/sites\/paralelo10\/files\/2010\/08\/renas11.jpg 320w, https:\/\/ultimato.com.br\/sites\/paralelo10\/files\/2010\/08\/renas11-300x225.jpg 300w\" sizes=\"auto, (max-width: 320px) 100vw, 320px\" \/><\/a>Aconteceu, dos dias 12 a 14 de agosto, em Camaragibe, regi\u00e3o metropolitana de Recife, PE, o V Encontro RENAS. O Paralelo 10 foi muito bem representado por Caio C\u00e9sar, Belmiro Rocha, Elton e Zeny Bessa e Jana\u00edna Lima, todos alunos bolsistas do projeto no Centro Evang\u00e9lico de Miss\u00f5es. Contamos tamb\u00e9m com a presen\u00e7a de Daniela Adlay, participante do projeto que mora em Barreiras, BA.<\/p>\n<p>Foi um tempo de muita alegria, compartilhar de inciativas e novos desafios para as igrejas locais. Tudo isto com mais de 400 pessoas de 19 estados e quase cem cidades brasileiras.<\/p>\n<p>Em breve divulgaremos v\u00eddeos, fotos e testemunhos do encontro.<\/p>\n<p>Fraternalmente,<\/p>\n<p><em>Ivny Monteiro<\/em><\/p>\n<p>Coordenadora do Paralelo 10<\/p>\n","protected":false},"excerpt":{"rendered":"<p>Aconteceu, dos dias 12 a 14 de agosto, em Camaragibe, regi\u00e3o metropolitana de Recife, PE, o V Encontro RENAS. O Paralelo 10 foi muito bem representado por Caio C\u00e9sar, Belmiro Rocha, Elton e Zeny Bessa e Jana\u00edna Lima, todos alunos bolsistas do projeto no Centro Evang\u00e9lico de Miss\u00f5es. Contamos tamb\u00e9m com a presen\u00e7a de Daniela [&hellip;]<\/p>\n","protected":false},"author":2,"featured_media":0,"comment_status":"open","ping_status":"open","sticky":false,"template":"","format":"standard","meta":{"ngg_post_thumbnail":0,"footnotes":""},"categories":[7],"tags":[],"class_list":["post-893","post","type-post","status-publish","format-standard","hentry","category-noticias"],"_links":{"self":[{"href":"https:\/\/ultimato.com.br\/sites\/paralelo10\/wp-json\/wp\/v2\/posts\/893","targetHints":{"allow":["GET"]}}],"collection":[{"href":"https:\/\/ultimato.com.br\/sites\/paralelo10\/wp-json\/wp\/v2\/posts"}],"about":[{"href":"https:\/\/ultimato.com.br\/sites\/paralelo10\/wp-json\/wp\/v2\/types\/post"}],"author":[{"embeddable":true,"href":"https:\/\/ultimato.com.br\/sites\/paralelo10\/wp-json\/wp\/v2\/users\/2"}],"replies":[{"embeddable":true,"href":"https:\/\/ultimato.com.br\/sites\/paralelo10\/wp-json\/wp\/v2\/comments?post=893"}],"version-history":[{"count":1,"href":"https:\/\/ultimato.com.br\/sites\/paralelo10\/wp-json\/wp\/v2\/posts\/893\/revisions"}],"predecessor-version":[{"id":897,"href":"https:\/\/ultimato.com.br\/sites\/paralelo10\/wp-json\/wp\/v2\/posts\/893\/revisions\/897"}],"wp:attachment":[{"href":"https:\/\/ultimato.com.br\/sites\/paralelo10\/wp-json\/wp\/v2\/media?parent=893"}],"wp:term":[{"taxonomy":"category","embeddable":true,"href":"https:\/\/ultimato.com.br\/sites\/paralelo10\/wp-json\/wp\/v2\/categories?post=893"},{"taxonomy":"post_tag","embeddable":true,"href":"https:\/\/ultimato.com.br\/sites\/paralelo10\/wp-json\/wp\/v2\/tags?post=893"}],"curies":[{"name":"wp","href":"https:\/\/api.w.org\/{rel}","templated":true}]}}