{"id":869,"date":"2010-07-29T14:08:20","date_gmt":"2010-07-29T17:08:20","guid":{"rendered":"http:\/\/ultimato.com.br\/blogs\/paralelo10\/?p=869"},"modified":"2010-07-29T14:08:20","modified_gmt":"2010-07-29T17:08:20","slug":"paralelo-10-entrevista-bill-crente","status":"publish","type":"post","link":"https:\/\/ultimato.com.br\/sites\/paralelo10\/2010\/07\/paralelo-10-entrevista-bill-crente\/","title":{"rendered":"Paralelo 10 entrevista Bill Crente"},"content":{"rendered":"<p><img src=\"https:\/\/ultimato.com.br\/sites\/paralelo10\/wp-content\/plugins\/lightview-plus\/img\/novideo.png\" width=\"300\" height=\"168\" alt=\"Video not available\" \/><br \/><div style=\"background-color:#FFC0CB; border:1px solid silver; color:#110000; margin:0 0 1.5em; overflow:auto; padding: 3px;\">\n\t\t\t\t\t\t\t\t<strong>Provider:<\/strong>  <br \/>\n\t\t\t\t\t\t\t\t<strong>Title:<\/strong>  <br \/>\n\t\t\t\t\t\t\t\t<strong>Thumbnail URL:<\/strong>  <br \/>\n\t\t\t\t\t\t\t\t<strong>Embed URL:<\/strong>  <br \/>\n\t\t\t\t\t\t\t\t<strong>Link:<\/strong>  <br \/>\n\t\t\t\t\t\t\t\t<strong>Width:<\/strong>  px<br \/>\n\t\t\t\t\t\t\t\t<strong>Height:<\/strong>  px<br \/>\n\t\t\t\t\t\t\t\t<strong>Got data @:<\/strong> 26.4.2026 12:13:36<br \/>\n\t\t\t\t\t\t\t<\/div><\/p>\n<p>Jana\u00edna Lima, aluna bolsista do Paralelo 10, entrevistou Bill Crente, mission\u00e1rio do Sal da Terra, durante sua visita \u00e0 sede da Editora Ultimato no fim de junho.<\/p>\n","protected":false},"excerpt":{"rendered":"<p>Provider: Title: Thumbnail URL: Embed URL: Link: Width: px Height: px Got data @: 26.4.2026 12:13:36 Jana\u00edna Lima, aluna bolsista do Paralelo 10, entrevistou Bill Crente, mission\u00e1rio do Sal da Terra, durante sua visita \u00e0 sede da Editora Ultimato no fim de junho.<\/p>\n","protected":false},"author":2,"featured_media":0,"comment_status":"open","ping_status":"open","sticky":false,"template":"","format":"standard","meta":{"ngg_post_thumbnail":0,"footnotes":""},"categories":[5,6],"tags":[],"class_list":["post-869","post","type-post","status-publish","format-standard","hentry","category-arte-e-cultura","category-bom-tempero"],"_links":{"self":[{"href":"https:\/\/ultimato.com.br\/sites\/paralelo10\/wp-json\/wp\/v2\/posts\/869","targetHints":{"allow":["GET"]}}],"collection":[{"href":"https:\/\/ultimato.com.br\/sites\/paralelo10\/wp-json\/wp\/v2\/posts"}],"about":[{"href":"https:\/\/ultimato.com.br\/sites\/paralelo10\/wp-json\/wp\/v2\/types\/post"}],"author":[{"embeddable":true,"href":"https:\/\/ultimato.com.br\/sites\/paralelo10\/wp-json\/wp\/v2\/users\/2"}],"replies":[{"embeddable":true,"href":"https:\/\/ultimato.com.br\/sites\/paralelo10\/wp-json\/wp\/v2\/comments?post=869"}],"version-history":[{"count":2,"href":"https:\/\/ultimato.com.br\/sites\/paralelo10\/wp-json\/wp\/v2\/posts\/869\/revisions"}],"predecessor-version":[{"id":874,"href":"https:\/\/ultimato.com.br\/sites\/paralelo10\/wp-json\/wp\/v2\/posts\/869\/revisions\/874"}],"wp:attachment":[{"href":"https:\/\/ultimato.com.br\/sites\/paralelo10\/wp-json\/wp\/v2\/media?parent=869"}],"wp:term":[{"taxonomy":"category","embeddable":true,"href":"https:\/\/ultimato.com.br\/sites\/paralelo10\/wp-json\/wp\/v2\/categories?post=869"},{"taxonomy":"post_tag","embeddable":true,"href":"https:\/\/ultimato.com.br\/sites\/paralelo10\/wp-json\/wp\/v2\/tags?post=869"}],"curies":[{"name":"wp","href":"https:\/\/api.w.org\/{rel}","templated":true}]}}