{"id":8203,"date":"2020-03-18T11:20:20","date_gmt":"2020-03-18T14:20:20","guid":{"rendered":"http:\/\/ultimato.com.br\/sites\/paralelo10\/?p=8203"},"modified":"2020-03-18T11:25:30","modified_gmt":"2020-03-18T14:25:30","slug":"o-reino-de-deus-e-a-liberdade-para-servir","status":"publish","type":"post","link":"https:\/\/ultimato.com.br\/sites\/paralelo10\/2020\/03\/o-reino-de-deus-e-a-liberdade-para-servir\/","title":{"rendered":"O reino de Deus e a liberdade para servir"},"content":{"rendered":"<blockquote><p>O que aconteceria \u00e0s nossas vidas, fam\u00edlias, comunidades e\u00a0na\u00e7\u00f5es se, num piscar de olhos, o reino de Deus se manifestasse\u00a0em toda a sua plenitude?<\/p><\/blockquote>\n<p><a href=\"http:\/\/ultimato.com.br\/sites\/paralelo10\/files\/2020\/03\/blog_p10_18_3_20_reino_entre_nos.jpg\" class=\"lightview\" data-lightview-group=\"group-8203\" data-lightview-options=\"skin: 'dark', controls: 'relative', padding: '10', shadow: { color: '#000000', opacity: 0.08, blur: 3 }\" data-lightview-title=\"Frase Ilustrada do Livro &quot;O reino entre n\u00f3s&quot;, Editora Ultimato.\"><img loading=\"lazy\" decoding=\"async\" class=\"alignright wp-image-8204 size-medium\" title=\"Frase Ilustrada do Livro &quot;O reino entre n\u00f3s&quot;, Editora Ultimato.\" src=\"http:\/\/ultimato.com.br\/sites\/paralelo10\/files\/2020\/03\/blog_p10_18_3_20_reino_entre_nos-258x300.jpg\" alt=\"\" width=\"258\" height=\"300\" srcset=\"https:\/\/ultimato.com.br\/sites\/paralelo10\/files\/2020\/03\/blog_p10_18_3_20_reino_entre_nos-258x300.jpg 258w, https:\/\/ultimato.com.br\/sites\/paralelo10\/files\/2020\/03\/blog_p10_18_3_20_reino_entre_nos.jpg 505w\" sizes=\"auto, (max-width: 258px) 100vw, 258px\" \/><\/a>O reino de Deus, que \u00e9 revelado na pessoa de Jesus Cristo,\u00a0deve estar manifesto em cada aspecto da vida de um \u201ccidad\u00e3o\u201d do\u00a0reino. Na vida devocional, na comunh\u00e3o, no trabalho, no mercado\u00a0p\u00fablico, na escola, na universidade, no lazer, na fam\u00edlia. Como o\u00a0ap\u00f3stolo Paulo escreveu a Tito: \u201cTodas as coisas s\u00e3o puras para os\u00a0puros\u201d (Tt 1.15); e, em outra ocasi\u00e3o, aos cor\u00edntios: \u201cPortanto, quer\u00a0comais, quer bebais, ou fa\u00e7ais outra coisa qualquer, fazei tudo para\u00a0a gl\u00f3ria de Deus\u201d (1Co 10.31). O reino de Deus santifica o comum.<\/p>\n<p>A compreens\u00e3o desses princ\u00edpios aplic\u00e1veis individualmente\u00a0\u00e9 fundamental para o desenvolvimento comunit\u00e1rio. Quando\u00a0entendemos que o reino de Deus \u00e9 completo e abrangente, e n\u00e3o se restringe apenas \u00e0 vida devocional e \u00e0s disciplinas espirituais,\u00a0somos livres para ministrar junto \u00e0 comunidade em todas as \u00e1reas.\u00a0E isso, n\u00e3o como uma mera express\u00e3o de \u201ctrabalho social\u201d, mas\u00a0para que o governo de Deus cres\u00e7a e se estabele\u00e7a.<\/p>\n<p>O que aconteceria \u00e0s nossas vidas, fam\u00edlias, comunidades e\u00a0na\u00e7\u00f5es se, num piscar de olhos, o reino de Deus se manifestasse\u00a0em toda a sua plenitude? Pessoas se converteriam a ele e passariam\u00a0a conhecer o Deus verdadeiro. Relacionamentos seriam\u00a0restaurados. A prostitui\u00e7\u00e3o e a viol\u00eancia acabariam. Haveria\u00a0provis\u00e3o para todos. Enfermos seriam curados. A polui\u00e7\u00e3o teria\u00a0fim. Justi\u00e7a e paz reinariam sobre a terra. Percebemos claramente\u00a0que a chegada do reino afetaria todas as \u00e1reas da nossa vida, da\u00a0sociedade e da pr\u00f3pria cria\u00e7\u00e3o. O reino de Deus \u00e9 abrangente.\u00a0Ora, como Igreja de Jesus na terra, encarregados da implanta\u00e7\u00e3o\u00a0do reino, se realmente estivermos empenhados na vinda do reino,\u00a0haveremos de ter, tamb\u00e9m, um minist\u00e9rio abrangente. O reino\u00a0de Deus traz completa transforma\u00e7\u00e3o. Em outras palavras, n\u00e3o\u00a0h\u00e1 como nos mantermos comprometidos com o reino de Deus\u00a0sem nos envolvermos em quest\u00f5es de justi\u00e7a social, den\u00fancia do\u00a0opressor, viol\u00eancia, prostitui\u00e7\u00e3o, mis\u00e9ria, sa\u00fade etc. Cabe a cada\u00a0gera\u00e7\u00e3o, em cada contexto, discernir sabiamente as \u00e1reas cr\u00edticas\u00a0e trabalhar para devolver a Deus o seu governo nessas \u00e1reas.<\/p>\n<pre>Trecho retirado de <a href=\"https:\/\/www.ultimato.com.br\/loja\/produtos\/o-reino-entre-nos-1\" target=\"_blank\" rel=\"noopener noreferrer\"><em>O reino entre n\u00f3s<\/em><\/a>, da Editora Ultimato.<\/pre>\n<p>&nbsp;<\/p>\n<p>\u00bb <strong>Desigualdade \u2013 o que a igreja tem a ver com isso?<\/strong> Conhe\u00e7a a edi\u00e7\u00e3o <a href=\"https:\/\/www.ultimato.com.br\/revista\/382\" target=\"_blank\" rel=\"noopener noreferrer\">382<\/a> (mar\u00e7o\/abril) de <strong>Ultimato<\/strong>.<\/p>\n","protected":false},"excerpt":{"rendered":"<p>O que aconteceria \u00e0s nossas vidas, fam\u00edlias, comunidades e\u00a0na\u00e7\u00f5es se, num piscar de olhos, o reino de Deus se manifestasse\u00a0em toda a sua plenitude? O reino de Deus, que \u00e9 revelado na pessoa de Jesus Cristo,\u00a0deve estar manifesto em cada aspecto da vida de um \u201ccidad\u00e3o\u201d do\u00a0reino. Na vida devocional, na comunh\u00e3o, no trabalho, no [&hellip;]<\/p>\n","protected":false},"author":2,"featured_media":0,"comment_status":"open","ping_status":"open","sticky":false,"template":"","format":"standard","meta":{"ngg_post_thumbnail":0,"footnotes":""},"categories":[32],"tags":[73,22794,17260,40506,7642],"class_list":["post-8203","post","type-post","status-publish","format-standard","hentry","category-reflexoes","tag-comunidade","tag-justica-social","tag-reino-de-deus","tag-servico-cristao","tag-sociedade"],"_links":{"self":[{"href":"https:\/\/ultimato.com.br\/sites\/paralelo10\/wp-json\/wp\/v2\/posts\/8203","targetHints":{"allow":["GET"]}}],"collection":[{"href":"https:\/\/ultimato.com.br\/sites\/paralelo10\/wp-json\/wp\/v2\/posts"}],"about":[{"href":"https:\/\/ultimato.com.br\/sites\/paralelo10\/wp-json\/wp\/v2\/types\/post"}],"author":[{"embeddable":true,"href":"https:\/\/ultimato.com.br\/sites\/paralelo10\/wp-json\/wp\/v2\/users\/2"}],"replies":[{"embeddable":true,"href":"https:\/\/ultimato.com.br\/sites\/paralelo10\/wp-json\/wp\/v2\/comments?post=8203"}],"version-history":[{"count":5,"href":"https:\/\/ultimato.com.br\/sites\/paralelo10\/wp-json\/wp\/v2\/posts\/8203\/revisions"}],"predecessor-version":[{"id":8209,"href":"https:\/\/ultimato.com.br\/sites\/paralelo10\/wp-json\/wp\/v2\/posts\/8203\/revisions\/8209"}],"wp:attachment":[{"href":"https:\/\/ultimato.com.br\/sites\/paralelo10\/wp-json\/wp\/v2\/media?parent=8203"}],"wp:term":[{"taxonomy":"category","embeddable":true,"href":"https:\/\/ultimato.com.br\/sites\/paralelo10\/wp-json\/wp\/v2\/categories?post=8203"},{"taxonomy":"post_tag","embeddable":true,"href":"https:\/\/ultimato.com.br\/sites\/paralelo10\/wp-json\/wp\/v2\/tags?post=8203"}],"curies":[{"name":"wp","href":"https:\/\/api.w.org\/{rel}","templated":true}]}}