{"id":7772,"date":"2019-08-14T08:58:37","date_gmt":"2019-08-14T11:58:37","guid":{"rendered":"http:\/\/ultimato.com.br\/sites\/paralelo10\/?p=7772"},"modified":"2019-08-14T10:22:31","modified_gmt":"2019-08-14T13:22:31","slug":"igreja-acolhe-acompanhantes-de-pacientes-em-tratamento","status":"publish","type":"post","link":"https:\/\/ultimato.com.br\/sites\/paralelo10\/2019\/08\/igreja-acolhe-acompanhantes-de-pacientes-em-tratamento\/","title":{"rendered":"Igreja acolhe acompanhantes de pacientes em tratamento"},"content":{"rendered":"<p><span style=\"color: #808000;\"><strong>Por Phelipe Reis<br \/>\n<\/strong><\/span><br \/>\n<a href=\"http:\/\/ultimato.com.br\/sites\/paralelo10\/files\/2019\/08\/MQNot_378.jpg\" class=\"lightview\" data-lightview-group=\"group-7772\" data-lightview-options=\"skin: 'dark', controls: 'relative', padding: '10', shadow: { color: '#000000', opacity: 0.08, blur: 3 }\" data-lightview-title=\"Facebook Casa da Vida\"><img loading=\"lazy\" decoding=\"async\" class=\"alignright wp-image-7773 size-medium\" title=\"Facebook Casa da Vida\" src=\"http:\/\/ultimato.com.br\/sites\/paralelo10\/files\/2019\/08\/MQNot_378-300x300.jpg\" alt=\"\" width=\"300\" height=\"300\" srcset=\"https:\/\/ultimato.com.br\/sites\/paralelo10\/files\/2019\/08\/MQNot_378-300x300.jpg 300w, https:\/\/ultimato.com.br\/sites\/paralelo10\/files\/2019\/08\/MQNot_378-150x150.jpg 150w, https:\/\/ultimato.com.br\/sites\/paralelo10\/files\/2019\/08\/MQNot_378.jpg 350w\" sizes=\"auto, (max-width: 300px) 100vw, 300px\" \/><\/a>Mais de 2 mil pessoas j\u00e1 foram atendidas na Casa da Vida, um projeto que hospeda acompanhantes de pacientes em tratamento internados no Hospital Geral de Vit\u00f3ria da Conquista, na Bahia. A iniciativa \u00e9 da Igreja Batista da Cidade e come\u00e7ou em maio de 2017. O idealizador, o pastor Sinvaldo Queiroz, relata que a igreja j\u00e1 fazia capelania hospitalar e se sentiu desafiada a ir al\u00e9m da visita\u00e7\u00e3o, manifestando o amor ao pr\u00f3ximo por meio de a\u00e7\u00f5es solid\u00e1rias. Quem fica na Casa da Vida desfruta de cinco refei\u00e7\u00f5es di\u00e1rias, dormit\u00f3rios, lavanderia, acesso \u00e0 internet e telefone e biblioteca.<\/p>\n<p>A casa conta com setenta volunt\u00e1rios, entre profissionais e estagi\u00e1rios, que se revezam para atender o p\u00fablico com oficinas terap\u00eauticas, atendimento psicol\u00f3gico, psiqui\u00e1trico, oftalmol\u00f3gico, jur\u00eddico e pastoral. O sonho dos volunt\u00e1rios \u00e9 conseguir um lugar pr\u00f3prio para poder ampliar os atendimentos e a estrutura da casa, que hoje tem capacidade para receber quarenta pessoas.<\/p>\n<pre>Not\u00edcia publicada originalmente na edi\u00e7\u00e3o <a href=\"https:\/\/www.ultimato.com.br\/revista\/378\" target=\"_blank\" rel=\"noopener noreferrer\">378<\/a> de <strong>Ultimato<\/strong>.<\/pre>\n<p><strong>Leia mais:<\/strong><br \/>\n\u00bb <a href=\"https:\/\/www.ultimato.com.br\/conteudo\/um-lar-para-o-fim-de-carreira\" target=\"_blank\" rel=\"noopener noreferrer\">Um lar para o fim de carreira<\/a><br \/>\n\u00bb <a href=\"https:\/\/www.ultimato.com.br\/conteudo\/igreja-abre-as-portas-para-migrantes-em-sao-paulo\" target=\"_blank\" rel=\"noopener noreferrer\">Igreja abre as portas para migrantes em S\u00e3o Paulo<\/a><\/p>\n","protected":false},"excerpt":{"rendered":"<p>Por Phelipe Reis Mais de 2 mil pessoas j\u00e1 foram atendidas na Casa da Vida, um projeto que hospeda acompanhantes de pacientes em tratamento internados no Hospital Geral de Vit\u00f3ria da Conquista, na Bahia. A iniciativa \u00e9 da Igreja Batista da Cidade e come\u00e7ou em maio de 2017. O idealizador, o pastor Sinvaldo Queiroz, relata [&hellip;]<\/p>\n","protected":false},"author":2,"featured_media":0,"comment_status":"open","ping_status":"open","sticky":false,"template":"","format":"standard","meta":{"ngg_post_thumbnail":0,"footnotes":""},"categories":[34413,7,95],"tags":[40473,27384,19286],"class_list":["post-7772","post","type-post","status-publish","format-standard","hentry","category-historias","category-noticias","category-testemunhos","tag-casa-da-vida","tag-hospitalidade","tag-igreja-em-acao"],"_links":{"self":[{"href":"https:\/\/ultimato.com.br\/sites\/paralelo10\/wp-json\/wp\/v2\/posts\/7772","targetHints":{"allow":["GET"]}}],"collection":[{"href":"https:\/\/ultimato.com.br\/sites\/paralelo10\/wp-json\/wp\/v2\/posts"}],"about":[{"href":"https:\/\/ultimato.com.br\/sites\/paralelo10\/wp-json\/wp\/v2\/types\/post"}],"author":[{"embeddable":true,"href":"https:\/\/ultimato.com.br\/sites\/paralelo10\/wp-json\/wp\/v2\/users\/2"}],"replies":[{"embeddable":true,"href":"https:\/\/ultimato.com.br\/sites\/paralelo10\/wp-json\/wp\/v2\/comments?post=7772"}],"version-history":[{"count":2,"href":"https:\/\/ultimato.com.br\/sites\/paralelo10\/wp-json\/wp\/v2\/posts\/7772\/revisions"}],"predecessor-version":[{"id":7775,"href":"https:\/\/ultimato.com.br\/sites\/paralelo10\/wp-json\/wp\/v2\/posts\/7772\/revisions\/7775"}],"wp:attachment":[{"href":"https:\/\/ultimato.com.br\/sites\/paralelo10\/wp-json\/wp\/v2\/media?parent=7772"}],"wp:term":[{"taxonomy":"category","embeddable":true,"href":"https:\/\/ultimato.com.br\/sites\/paralelo10\/wp-json\/wp\/v2\/categories?post=7772"},{"taxonomy":"post_tag","embeddable":true,"href":"https:\/\/ultimato.com.br\/sites\/paralelo10\/wp-json\/wp\/v2\/tags?post=7772"}],"curies":[{"name":"wp","href":"https:\/\/api.w.org\/{rel}","templated":true}]}}