{"id":7654,"date":"2019-06-12T08:58:22","date_gmt":"2019-06-12T11:58:22","guid":{"rendered":"http:\/\/ultimato.com.br\/sites\/paralelo10\/?p=7654"},"modified":"2019-06-12T08:58:22","modified_gmt":"2019-06-12T11:58:22","slug":"banheiros-sao-entregues-na-comunidade-quilombola-barra-de-oitis","status":"publish","type":"post","link":"https:\/\/ultimato.com.br\/sites\/paralelo10\/2019\/06\/banheiros-sao-entregues-na-comunidade-quilombola-barra-de-oitis\/","title":{"rendered":"Banheiros s\u00e3o entregues na Comunidade Quilombola Barra de Oitis"},"content":{"rendered":"<blockquote><p><em>A falta de um item t\u00e3o importante para a seguran\u00e7a da higiene sanit\u00e1ria \u00e9 comum em muitas casas de taipa de Barra de Oitis.<\/em><\/p><\/blockquote>\n<p><strong><span style=\"color: #808000;\">Por Ray Santana<\/span><\/strong><\/p>\n<p><a href=\"http:\/\/ultimato.com.br\/sites\/paralelo10\/files\/2019\/06\/IMG_0488.jpg\" class=\"lightview\" data-lightview-group=\"group-7654\" data-lightview-options=\"skin: 'dark', controls: 'relative', padding: '10', shadow: { color: '#000000', opacity: 0.08, blur: 3 }\"><img loading=\"lazy\" decoding=\"async\" class=\"alignright size-medium wp-image-7655\" src=\"http:\/\/ultimato.com.br\/sites\/paralelo10\/files\/2019\/06\/IMG_0488-300x200.jpg\" alt=\"\" width=\"300\" height=\"200\" srcset=\"https:\/\/ultimato.com.br\/sites\/paralelo10\/files\/2019\/06\/IMG_0488-300x200.jpg 300w, https:\/\/ultimato.com.br\/sites\/paralelo10\/files\/2019\/06\/IMG_0488-768x512.jpg 768w, https:\/\/ultimato.com.br\/sites\/paralelo10\/files\/2019\/06\/IMG_0488-1024x683.jpg 1024w, https:\/\/ultimato.com.br\/sites\/paralelo10\/files\/2019\/06\/IMG_0488-732x488.jpg 732w, https:\/\/ultimato.com.br\/sites\/paralelo10\/files\/2019\/06\/IMG_0488-1140x760.jpg 1140w\" sizes=\"auto, (max-width: 300px) 100vw, 300px\" \/><\/a>No atual contexto brasileiro, \u00e9 dif\u00edcil n\u00e3o encontrar pequenas comunidades que sofram os impactos diretos dos problemas sociais e pol\u00edticos pelos quais passa o pa\u00eds. Dificuldades estas que j\u00e1 existiam bem antes, mas que agora se veem em meios ao caos.<\/p>\n<p>No Brasil, o espa\u00e7o de pequenas comunidades de grupos \u00e9tnicos, como os quilombolas, ainda \u00e9 alvo de disputas territoriais pela preserva\u00e7\u00e3o das ra\u00edzes culturais do povo. No pa\u00eds s\u00e3o mais de 3 mil comunidades quilombolas, de acordo com o Instituto Nacional de Coloniza\u00e7\u00e3o e Reforma Agr\u00e1ria (Incra). E al\u00e9m da luta pela conquista territorial, ainda existem fatores preocupantes como o desenvolvimento social lento dessas comunidades, que resulta em problemas mais complexos na sa\u00fade p\u00fablica, educa\u00e7\u00e3o e economia local.<\/p>\n<p>Com pouco mais de 900 habitantes, a Comunidade Quilombola Barra de Oitis, na zona rural do munic\u00edpio de Diamante, sert\u00e3o paraibano, carrega muitos desses problemas. Um dos maiores, sen\u00e3o o maior, \u00e9 o de saneamento b\u00e1sico. Muitas casas possuem esgotos \u00e0 c\u00e9u aberto, descarte incorreto do lixo, que quando n\u00e3o \u00e9 queimado gera ac\u00famulo em meio a cercas de estacas de madeiras que separam os quintais das casas, algumas ainda de taipa, que nem possuem banheiros.<\/p>\n<p>Uma situa\u00e7\u00e3o indigna que aos poucos vem tendo a sua realidade transformada atrav\u00e9s da ACEV \/ ACEV Social, que atrav\u00e9s de parcerias com outras institui\u00e7\u00f5es nacionais e internacionais, como a Tearfund, Evangelical Action Brazil e Comunidade Atos, tem constru\u00eddo banheiros para cada casa do local. Nessa quarta-feira (29), foram entregues oficialmente 8 banheiros, de um total de 17 constru\u00eddos em tr\u00eas etapas ao longo de dois anos.<\/p>\n<p>Foi um longo e criterioso processo de sele\u00e7\u00e3o das fam\u00edlias para serem beneficiadas atrav\u00e9s do Projeto <em>Saneamento Comunit\u00e1rio<\/em>, que busca resgatar a dignidade das fam\u00edlias atrav\u00e9s da constru\u00e7\u00e3o de banheiros e consequentemente melhorar as condi\u00e7\u00f5es de higiene sanit\u00e1ria. Os moradores da comunidade passaram por um processo de sensibiliza\u00e7\u00e3o em rodas de conversas, palestras e oficinas voltadas para a import\u00e2ncia do saneamento b\u00e1sico, a necessidade do cuidado com a sa\u00fade e a preserva\u00e7\u00e3o do meio ambiente.<\/p>\n<p><em>\u201cEsse trabalho n\u00e3o \u00e9 feito s\u00f3 a partir da ACEV, mas \u00e9 feito com outras igrejas e com a fam\u00edlia, que ajuda na constru\u00e7\u00e3o do banheiro com a m\u00e3o de obra\u201d<\/em>, explica o pastor Lindon Carlos Vieira, diretor-executivo da ACEV Social. De acordo com ele, as fam\u00edlias que recebem o projeto se comprometem a mudar o comportamento em rela\u00e7\u00e3o \u00e0 polui\u00e7\u00e3o, adotando medidas de preserva\u00e7\u00e3o do meio ambiente que beneficiem tamb\u00e9m a toda a comunidade.<\/p>\n<p>Alu\u00edsio Delfino de Lima, secret\u00e1rio da Associa\u00e7\u00e3o Quilombola Barra de Oitis, afirma que assim como outras comunidades da zona rural, Barra de Otis \u00e9 esquecida pelo poder p\u00fablico. De acordo com ele, cerca de 90% do local \u00e9 carente, e muitos vivem em situa\u00e7\u00e3o de extrema pobreza, e os banheiros v\u00eam para regatar a esperan\u00e7a de dias melhores para quem vive em Barra. <em>\u201cAs pessoas agora t\u00eam mais dignidade, como morador de Barra de Oitis. Muitas vezes o governo tem o recurso, mas n\u00e3o tem a vontade\u201d<\/em>, afirma.<\/p>\n<p><a href=\"http:\/\/ultimato.com.br\/sites\/paralelo10\/files\/2019\/06\/IMG_1731.jpg\" class=\"lightview\" data-lightview-group=\"group-7654\" data-lightview-options=\"skin: 'dark', controls: 'relative', padding: '10', shadow: { color: '#000000', opacity: 0.08, blur: 3 }\"><img loading=\"lazy\" decoding=\"async\" class=\"alignleft size-medium wp-image-7656\" src=\"http:\/\/ultimato.com.br\/sites\/paralelo10\/files\/2019\/06\/IMG_1731-300x200.jpg\" alt=\"\" width=\"300\" height=\"200\" srcset=\"https:\/\/ultimato.com.br\/sites\/paralelo10\/files\/2019\/06\/IMG_1731-300x200.jpg 300w, https:\/\/ultimato.com.br\/sites\/paralelo10\/files\/2019\/06\/IMG_1731-768x512.jpg 768w, https:\/\/ultimato.com.br\/sites\/paralelo10\/files\/2019\/06\/IMG_1731-1024x683.jpg 1024w, https:\/\/ultimato.com.br\/sites\/paralelo10\/files\/2019\/06\/IMG_1731-732x488.jpg 732w, https:\/\/ultimato.com.br\/sites\/paralelo10\/files\/2019\/06\/IMG_1731-1140x760.jpg 1140w\" sizes=\"auto, (max-width: 300px) 100vw, 300px\" \/><\/a>Outros projetos da ACEV de perfura\u00e7\u00e3o de po\u00e7os, desenvolvimento de planta\u00e7\u00f5es agroecol\u00f3gicas voltadas para a agricultura familiar e cria\u00e7\u00e3o de animais tamb\u00e9m acabam sendo desenvolvidos ao longo do processo com o prop\u00f3sito de garantir a gera\u00e7\u00e3o de renda e seguran\u00e7a alimentar da fam\u00edlia, j\u00e1 que a fome tamb\u00e9m \u00e9 uma realidade vivenciada por muitas fam\u00edlias da comunidade que por muitas vezes n\u00e3o t\u00eam o que comer.<\/p>\n<p>A meta \u00e9 chegar a 40 banheiros constru\u00eddos. Cada banheiro custa em torno de R$ 5.580,00, j\u00e1 com toda instala\u00e7\u00e3o necess\u00e1ria para o seu funcionamento. O projeto depende da parceria entre a igreja com outras institui\u00e7\u00f5es em uma mobiliza\u00e7\u00e3o coletiva. O pastor John Medcraft, presidente da ACEV, explicou na entrega dos banheiros que a igreja est\u00e1 fazendo o que o poder p\u00fablico deixou de fazer, agindo para amenizar a situa\u00e7\u00e3o da comunidade, e sem barganha religiosa.<\/p>\n<p><strong>Os problemas de saneamento afetam tamb\u00e9m o abastecimento de \u00e1gua da comunidade<\/strong><\/p>\n<p>A \u00e1gua que abastece a comunidade vem de um po\u00e7o amazonas, um tipo de po\u00e7o cavado manualmente para captar a \u00e1gua do len\u00e7ol fre\u00e1tico mais pr\u00f3xima da superf\u00edcie. O po\u00e7o foi perfurado em uma parte mais baixa da comunidade, pr\u00f3ximo ao leito de um rio exposto a contamina\u00e7\u00e3o por lixo e fezes de animais e humana, com a \u00e1gua sem nenhum tratamento adequando para consumo, que acaba provocando constantemente epidemias na comunidade.<\/p>\n<p><strong>\u2022 Ray Santana<\/strong> \u00e9 jornalista e assessor da ACEV\/Brasil<\/p>\n<p><strong>Leia mais:<\/strong><\/p>\n<p>\u00bb <a href=\"https:\/\/www.ultimato.com.br\/conteudo\/quilombolas-cada-vez-menos-invisiveis\" target=\"_blank\" rel=\"noopener noreferrer\">Quilombolas cada vez menos invis\u00edveis<\/a><\/p>\n<p>\u00bb <a href=\"http:\/\/ultimato.com.br\/sites\/paralelo10\/2012\/02\/quilombolas-um-desafio-para-a-igreja\/comment-page-1\/\" target=\"_blank\" rel=\"noopener noreferrer\">Quilombolas: um desafio para a Igreja<\/a><\/p>\n","protected":false},"excerpt":{"rendered":"<p>A falta de um item t\u00e3o importante para a seguran\u00e7a da higiene sanit\u00e1ria \u00e9 comum em muitas casas de taipa de Barra de Oitis. Por Ray Santana No atual contexto brasileiro, \u00e9 dif\u00edcil n\u00e3o encontrar pequenas comunidades que sofram os impactos diretos dos problemas sociais e pol\u00edticos pelos quais passa o pa\u00eds. Dificuldades estas que [&hellip;]<\/p>\n","protected":false},"author":2,"featured_media":0,"comment_status":"open","ping_status":"open","sticky":false,"template":"","format":"standard","meta":{"ngg_post_thumbnail":0,"footnotes":""},"categories":[34413,95],"tags":[65,40464,23174,40465,5900,11075,23123],"class_list":["post-7654","post","type-post","status-publish","format-standard","hentry","category-historias","category-testemunhos","tag-acev","tag-banheiros","tag-higiene","tag-impacto-social","tag-projeto","tag-quilombolas","tag-saneamento"],"_links":{"self":[{"href":"https:\/\/ultimato.com.br\/sites\/paralelo10\/wp-json\/wp\/v2\/posts\/7654","targetHints":{"allow":["GET"]}}],"collection":[{"href":"https:\/\/ultimato.com.br\/sites\/paralelo10\/wp-json\/wp\/v2\/posts"}],"about":[{"href":"https:\/\/ultimato.com.br\/sites\/paralelo10\/wp-json\/wp\/v2\/types\/post"}],"author":[{"embeddable":true,"href":"https:\/\/ultimato.com.br\/sites\/paralelo10\/wp-json\/wp\/v2\/users\/2"}],"replies":[{"embeddable":true,"href":"https:\/\/ultimato.com.br\/sites\/paralelo10\/wp-json\/wp\/v2\/comments?post=7654"}],"version-history":[{"count":2,"href":"https:\/\/ultimato.com.br\/sites\/paralelo10\/wp-json\/wp\/v2\/posts\/7654\/revisions"}],"predecessor-version":[{"id":7658,"href":"https:\/\/ultimato.com.br\/sites\/paralelo10\/wp-json\/wp\/v2\/posts\/7654\/revisions\/7658"}],"wp:attachment":[{"href":"https:\/\/ultimato.com.br\/sites\/paralelo10\/wp-json\/wp\/v2\/media?parent=7654"}],"wp:term":[{"taxonomy":"category","embeddable":true,"href":"https:\/\/ultimato.com.br\/sites\/paralelo10\/wp-json\/wp\/v2\/categories?post=7654"},{"taxonomy":"post_tag","embeddable":true,"href":"https:\/\/ultimato.com.br\/sites\/paralelo10\/wp-json\/wp\/v2\/tags?post=7654"}],"curies":[{"name":"wp","href":"https:\/\/api.w.org\/{rel}","templated":true}]}}