{"id":7638,"date":"2019-06-07T12:52:51","date_gmt":"2019-06-07T15:52:51","guid":{"rendered":"http:\/\/ultimato.com.br\/sites\/paralelo10\/?p=7638"},"modified":"2019-06-11T09:16:23","modified_gmt":"2019-06-11T12:16:23","slug":"beleza-das-cores-e-formas-que-deus-criou","status":"publish","type":"post","link":"https:\/\/ultimato.com.br\/sites\/paralelo10\/2019\/06\/beleza-das-cores-e-formas-que-deus-criou\/","title":{"rendered":"Beleza das cores e formas que Deus criou"},"content":{"rendered":"<p>Para celebrar a Semana do Meio Ambiente, convidamos o pastor, mission\u00e1rio e amante de fotografia, John Medcraft, para selecionar suas melhores fotos da natureza do sert\u00e3o nordestino. Voc\u00ea pode apreci\u00e1-las no \u00e1lbum abaixo.<\/p>\n<p><!--more--><\/p>\n<p>John criou uma reserva ecol\u00f3gica, em S\u00e3o Mamede, na Para\u00edba. A Fazenda Reserva Verdes Pastos \u00e9 uma propriedade rural de 121,62 hectares onde o desmatamento, a ca\u00e7a e a pescaria s\u00e3o proibidos. \u00c9 uma \u00e1rea de preserva\u00e7\u00e3o ecol\u00f3gica com 20 locais de \u00e1gua para sustentar a fauna nas secas anuais. 54,74 hectares formam a Reserva Legal (bem mais daquilo exigido por lei) onde se preserva e recupera a vegeta\u00e7\u00e3o da caatinga na sua forma nativa e 35,82 hectares formam a Reserva Ecol\u00f3gica.<\/p>\n<blockquote><p>\u2018Cuidar do jardim\u2019 \u00e9 uma das ordens divinas mais primitivas que existe. Meu mandato \u00e9 este dentro da miss\u00e3o integral da igreja. O trabalho \u00e9 bom exerc\u00edcio f\u00edsico, prazeroso, educacional, pesquisa em parceria com professores da universidade federal aqui na Para\u00edba, exemplo para outros a seguir, chamamento para conhecer, valorizar, defender e proteger a caatinga. \u00c9 uma ponte progressivamente sendo constru\u00edda com a sociedade\/comunidade.<\/p>\n<p><strong>John Medcraft<\/strong><\/p><\/blockquote>\n<p>&nbsp;<\/p>\n\n\t\t<style type=\"text\/css\">\n\t\t\t#gallery-1 {\n\t\t\t\tmargin: auto;\n\t\t\t}\n\t\t\t#gallery-1 .gallery-item {\n\t\t\t\tfloat: left;\n\t\t\t\tmargin-top: 10px;\n\t\t\t\ttext-align: center;\n\t\t\t\twidth: 33%;\n\t\t\t}\n\t\t\t#gallery-1 img {\n\t\t\t\tborder: 2px solid #cfcfcf;\n\t\t\t}\n\t\t\t#gallery-1 .gallery-caption {\n\t\t\t\tmargin-left: 0;\n\t\t\t}\n\t\t\t\/* see gallery_shortcode() in wp-includes\/media.php *\/\n\t\t<\/style>\n\t\t<div id='gallery-1' class='gallery galleryid-7638 gallery-columns-3 gallery-size-thumbnail'><dl class='gallery-item'>\n\t\t\t<dt class='gallery-icon landscape'>\n\t\t\t\t<a href='https:\/\/ultimato.com.br\/sites\/paralelo10\/files\/2019\/06\/Birds-374ccf.jpg#main'><img loading=\"lazy\" decoding=\"async\" width=\"150\" height=\"150\" src=\"https:\/\/ultimato.com.br\/sites\/paralelo10\/files\/2019\/06\/Birds-374ccf-150x150.jpg\" class=\"attachment-thumbnail size-thumbnail\" alt=\"\" aria-describedby=\"gallery-1-7639\" \/><\/a>\n\t\t\t<\/dt>\n\t\t\t\t<dd class='wp-caption-text gallery-caption' id='gallery-1-7639'>\n\t\t\t\tSr. Evaristo \u2013 Fazenda Pernambuco, S\u00e3o Mamede, PB\n\t\t\t\t<\/dd><\/dl><dl class='gallery-item'>\n\t\t\t<dt class='gallery-icon landscape'>\n\t\t\t\t<a href='https:\/\/ultimato.com.br\/sites\/paralelo10\/files\/2019\/06\/FVP-065.jpgc_.jpg#main'><img loading=\"lazy\" decoding=\"async\" width=\"150\" height=\"150\" src=\"https:\/\/ultimato.com.br\/sites\/paralelo10\/files\/2019\/06\/FVP-065.jpgc_-150x150.jpg\" class=\"attachment-thumbnail size-thumbnail\" alt=\"\" aria-describedby=\"gallery-1-7640\" \/><\/a>\n\t\t\t<\/dt>\n\t\t\t\t<dd class='wp-caption-text gallery-caption' id='gallery-1-7640'>\n\t\t\t\tJiboia (Boa constrictor)\n\t\t\t\t<\/dd><\/dl><dl class='gallery-item'>\n\t\t\t<dt class='gallery-icon landscape'>\n\t\t\t\t<a href='https:\/\/ultimato.com.br\/sites\/paralelo10\/files\/2019\/06\/FVP-067.jpgcr_.jpg#main'><img loading=\"lazy\" decoding=\"async\" width=\"150\" height=\"150\" src=\"https:\/\/ultimato.com.br\/sites\/paralelo10\/files\/2019\/06\/FVP-067.jpgcr_-150x150.jpg\" class=\"attachment-thumbnail size-thumbnail\" alt=\"\" aria-describedby=\"gallery-1-7641\" \/><\/a>\n\t\t\t<\/dt>\n\t\t\t\t<dd class='wp-caption-text gallery-caption' id='gallery-1-7641'>\n\t\t\t\tSemente da \u00e1rvore \u2018Feij\u00e3o Bravo\u2019 (Capparis flexuosa)\n\t\t\t\t<\/dd><\/dl><br style=\"clear: both\" \/><dl class='gallery-item'>\n\t\t\t<dt class='gallery-icon landscape'>\n\t\t\t\t<a href='https:\/\/ultimato.com.br\/sites\/paralelo10\/files\/2019\/06\/FVP-112cf.jpg#main'><img loading=\"lazy\" decoding=\"async\" width=\"150\" height=\"150\" src=\"https:\/\/ultimato.com.br\/sites\/paralelo10\/files\/2019\/06\/FVP-112cf-150x150.jpg\" class=\"attachment-thumbnail size-thumbnail\" alt=\"\" aria-describedby=\"gallery-1-7642\" \/><\/a>\n\t\t\t<\/dt>\n\t\t\t\t<dd class='wp-caption-text gallery-caption' id='gallery-1-7642'>\n\t\t\t\tCardeal do Nordeste (Paroaria dominicana)\n\t\t\t\t<\/dd><\/dl><dl class='gallery-item'>\n\t\t\t<dt class='gallery-icon landscape'>\n\t\t\t\t<a href='https:\/\/ultimato.com.br\/sites\/paralelo10\/files\/2019\/06\/FVP-118.jpgcaf.jpg#main'><img loading=\"lazy\" decoding=\"async\" width=\"150\" height=\"150\" src=\"https:\/\/ultimato.com.br\/sites\/paralelo10\/files\/2019\/06\/FVP-118.jpgcaf-150x150.jpg\" class=\"attachment-thumbnail size-thumbnail\" alt=\"\" aria-describedby=\"gallery-1-7643\" \/><\/a>\n\t\t\t<\/dt>\n\t\t\t\t<dd class='wp-caption-text gallery-caption' id='gallery-1-7643'>\n\t\t\t\tCasaca-de-couro (Pseudoseisura cristata)\n\t\t\t\t<\/dd><\/dl><dl class='gallery-item'>\n\t\t\t<dt class='gallery-icon landscape'>\n\t\t\t\t<a href='https:\/\/ultimato.com.br\/sites\/paralelo10\/files\/2019\/06\/FVP-148.jpgcaf.jpg#main'><img loading=\"lazy\" decoding=\"async\" width=\"150\" height=\"150\" src=\"https:\/\/ultimato.com.br\/sites\/paralelo10\/files\/2019\/06\/FVP-148.jpgcaf-150x150.jpg\" class=\"attachment-thumbnail size-thumbnail\" alt=\"\" aria-describedby=\"gallery-1-7644\" \/><\/a>\n\t\t\t<\/dt>\n\t\t\t\t<dd class='wp-caption-text gallery-caption' id='gallery-1-7644'>\n\t\t\t\tTeju (Salvator merianae)\n\t\t\t\t<\/dd><\/dl><br style=\"clear: both\" \/><dl class='gallery-item'>\n\t\t\t<dt class='gallery-icon landscape'>\n\t\t\t\t<a href='https:\/\/ultimato.com.br\/sites\/paralelo10\/files\/2019\/06\/FVP-GilmarCarol-057.jpg#main'><img loading=\"lazy\" decoding=\"async\" width=\"150\" height=\"150\" src=\"https:\/\/ultimato.com.br\/sites\/paralelo10\/files\/2019\/06\/FVP-GilmarCarol-057-150x150.jpg\" class=\"attachment-thumbnail size-thumbnail\" alt=\"\" aria-describedby=\"gallery-1-7645\" \/><\/a>\n\t\t\t<\/dt>\n\t\t\t\t<dd class='wp-caption-text gallery-caption' id='gallery-1-7645'>\n\t\t\t\tJabuti (Chelonoidis carbon\u00e1ria)\n\t\t\t\t<\/dd><\/dl><dl class='gallery-item'>\n\t\t\t<dt class='gallery-icon portrait'>\n\t\t\t\t<a href='https:\/\/ultimato.com.br\/sites\/paralelo10\/files\/2019\/06\/FVP-GilmarCarol-170.jpgcf_.jpg#main'><img loading=\"lazy\" decoding=\"async\" width=\"150\" height=\"150\" src=\"https:\/\/ultimato.com.br\/sites\/paralelo10\/files\/2019\/06\/FVP-GilmarCarol-170.jpgcf_-150x150.jpg\" class=\"attachment-thumbnail size-thumbnail\" alt=\"\" aria-describedby=\"gallery-1-7646\" \/><\/a>\n\t\t\t<\/dt>\n\t\t\t\t<dd class='wp-caption-text gallery-caption' id='gallery-1-7646'>\n\t\t\t\tCaneleiro-preto (Pachyramphus polychopterus)\n\t\t\t\t<\/dd><\/dl><dl class='gallery-item'>\n\t\t\t<dt class='gallery-icon landscape'>\n\t\t\t\t<a href='https:\/\/ultimato.com.br\/sites\/paralelo10\/files\/2019\/06\/FVP-GilmarCarol-212.jpgc_.jpg#main'><img loading=\"lazy\" decoding=\"async\" width=\"150\" height=\"150\" src=\"https:\/\/ultimato.com.br\/sites\/paralelo10\/files\/2019\/06\/FVP-GilmarCarol-212.jpgc_-150x150.jpg\" class=\"attachment-thumbnail size-thumbnail\" alt=\"\" aria-describedby=\"gallery-1-7647\" \/><\/a>\n\t\t\t<\/dt>\n\t\t\t\t<dd class='wp-caption-text gallery-caption' id='gallery-1-7647'>\n\t\t\t\tPica-pau-verde-barrado (Colaptes melanochloros)\n\t\t\t\t<\/dd><\/dl><br style=\"clear: both\" \/><dl class='gallery-item'>\n\t\t\t<dt class='gallery-icon landscape'>\n\t\t\t\t<a href='https:\/\/ultimato.com.br\/sites\/paralelo10\/files\/2019\/06\/FVPmayday-044.jpgcf_.jpg#main'><img loading=\"lazy\" decoding=\"async\" width=\"150\" height=\"150\" src=\"https:\/\/ultimato.com.br\/sites\/paralelo10\/files\/2019\/06\/FVPmayday-044.jpgcf_-150x150.jpg\" class=\"attachment-thumbnail size-thumbnail\" alt=\"\" aria-describedby=\"gallery-1-7648\" \/><\/a>\n\t\t\t<\/dt>\n\t\t\t\t<dd class='wp-caption-text gallery-caption' id='gallery-1-7648'>\n\t\t\t\tTrepadeira \u2018Olho de Boi\u2019 (Dioclea)\n\t\t\t\t<\/dd><\/dl><dl class='gallery-item'>\n\t\t\t<dt class='gallery-icon portrait'>\n\t\t\t\t<a href='https:\/\/ultimato.com.br\/sites\/paralelo10\/files\/2019\/06\/FVPmayday-161.jpg#main'><img loading=\"lazy\" decoding=\"async\" width=\"150\" height=\"150\" src=\"https:\/\/ultimato.com.br\/sites\/paralelo10\/files\/2019\/06\/FVPmayday-161-150x150.jpg\" class=\"attachment-thumbnail size-thumbnail\" alt=\"\" aria-describedby=\"gallery-1-7649\" \/><\/a>\n\t\t\t<\/dt>\n\t\t\t\t<dd class='wp-caption-text gallery-caption' id='gallery-1-7649'>\n\t\t\t\tSerra de Picotes, S\u00e3o Mamede, PB\n\t\t\t\t<\/dd><\/dl>\n\t\t\t<br style='clear: both' \/>\n\t\t<\/div>\n\n<pre>Texto originalmente publicado no <a href=\"https:\/\/ultimato.com.br\/sites\/blogdaultimato\/\" target=\"_blank\" rel=\"noopener noreferrer\">Blog da Ultimato<\/a>, em 2015.<\/pre>\n<p><strong>Leia mais:&nbsp;<\/strong><\/p>\n<p>\u00bb <a href=\"https:\/\/ultimato.com.br\/sites\/paralelo10\/2019\/06\/faz-se-urgente-preservar\/\" target=\"_blank\" rel=\"noopener noreferrer\">Faz-se urgente preservar<\/a><\/p>\n<p>\u00bb <a href=\"http:\/\/ultimato.com.br\/sites\/paralelo10\/2019\/06\/faz-se-urgente-preservar\/\">Perguntas e respostas sobre meio ambiente<\/a><\/p>\n","protected":false},"excerpt":{"rendered":"<p>Para celebrar a Semana do Meio Ambiente, convidamos o pastor, mission\u00e1rio e amante de fotografia, John Medcraft, para selecionar suas melhores fotos da natureza do sert\u00e3o nordestino. Voc\u00ea pode apreci\u00e1-las no \u00e1lbum abaixo.<\/p>\n","protected":false},"author":2,"featured_media":0,"comment_status":"open","ping_status":"open","sticky":false,"template":"","format":"standard","meta":{"ngg_post_thumbnail":0,"footnotes":""},"categories":[5,5622,5736,160],"tags":[40463,165,5891,34423],"class_list":["post-7638","post","type-post","status-publish","format-standard","hentry","category-arte-e-cultura","category-imagens","category-midia","category-poesia","tag-fauna","tag-meio-ambiente","tag-preservacao","tag-reserva-ecologica"],"_links":{"self":[{"href":"https:\/\/ultimato.com.br\/sites\/paralelo10\/wp-json\/wp\/v2\/posts\/7638","targetHints":{"allow":["GET"]}}],"collection":[{"href":"https:\/\/ultimato.com.br\/sites\/paralelo10\/wp-json\/wp\/v2\/posts"}],"about":[{"href":"https:\/\/ultimato.com.br\/sites\/paralelo10\/wp-json\/wp\/v2\/types\/post"}],"author":[{"embeddable":true,"href":"https:\/\/ultimato.com.br\/sites\/paralelo10\/wp-json\/wp\/v2\/users\/2"}],"replies":[{"embeddable":true,"href":"https:\/\/ultimato.com.br\/sites\/paralelo10\/wp-json\/wp\/v2\/comments?post=7638"}],"version-history":[{"count":4,"href":"https:\/\/ultimato.com.br\/sites\/paralelo10\/wp-json\/wp\/v2\/posts\/7638\/revisions"}],"predecessor-version":[{"id":7652,"href":"https:\/\/ultimato.com.br\/sites\/paralelo10\/wp-json\/wp\/v2\/posts\/7638\/revisions\/7652"}],"wp:attachment":[{"href":"https:\/\/ultimato.com.br\/sites\/paralelo10\/wp-json\/wp\/v2\/media?parent=7638"}],"wp:term":[{"taxonomy":"category","embeddable":true,"href":"https:\/\/ultimato.com.br\/sites\/paralelo10\/wp-json\/wp\/v2\/categories?post=7638"},{"taxonomy":"post_tag","embeddable":true,"href":"https:\/\/ultimato.com.br\/sites\/paralelo10\/wp-json\/wp\/v2\/tags?post=7638"}],"curies":[{"name":"wp","href":"https:\/\/api.w.org\/{rel}","templated":true}]}}