{"id":7550,"date":"2019-05-08T08:49:35","date_gmt":"2019-05-08T11:49:35","guid":{"rendered":"http:\/\/ultimato.com.br\/sites\/paralelo10\/?p=7550"},"modified":"2019-05-08T13:07:08","modified_gmt":"2019-05-08T16:07:08","slug":"como-a-historia-do-missionario-vladimir-nos-inspira","status":"publish","type":"post","link":"https:\/\/ultimato.com.br\/sites\/paralelo10\/2019\/05\/como-a-historia-do-missionario-vladimir-nos-inspira\/","title":{"rendered":"Como a hist\u00f3ria do mission\u00e1rio Vladimir nos inspira"},"content":{"rendered":"<p><span style=\"color: #808000;\"><strong>Por Gizelle e George Corr\u00eaa<\/strong><\/span><\/p>\n<p><a href=\"http:\/\/ultimato.com.br\/sites\/paralelo10\/files\/2019\/05\/blog_P10_08_05_2019_gizelle.jpg\" class=\"lightview\" data-lightview-group=\"group-7550\" data-lightview-options=\"skin: 'dark', controls: 'relative', padding: '10', shadow: { color: '#000000', opacity: 0.08, blur: 3 }\" data-lightview-title=\"George e Gizelle no Centro Evang\u00e9lico de Miss\u00f5es, Vi\u00e7osa, MG\"><img loading=\"lazy\" decoding=\"async\" class=\"alignright wp-image-7551 size-medium\" title=\"George e Gizelle no Centro Evang\u00e9lico de Miss\u00f5es, Vi\u00e7osa, MG\" src=\"http:\/\/ultimato.com.br\/sites\/paralelo10\/files\/2019\/05\/blog_P10_08_05_2019_gizelle-300x225.jpg\" alt=\"\" width=\"300\" height=\"225\" srcset=\"https:\/\/ultimato.com.br\/sites\/paralelo10\/files\/2019\/05\/blog_P10_08_05_2019_gizelle-300x225.jpg 300w, https:\/\/ultimato.com.br\/sites\/paralelo10\/files\/2019\/05\/blog_P10_08_05_2019_gizelle.jpg 350w\" sizes=\"auto, (max-width: 300px) 100vw, 300px\" \/><\/a>Conhecemos o <a href=\"https:\/\/www.ultimato.com.br\/conteudo\/missionario-e-encontrado-apos-9-dias-perdido-na-floresta-amazonica#vladimir\">mission\u00e1rio Vladimir<\/a> h\u00e1 1 ano e meio, desde que mudamos para L\u00e1brea, em 2017. Fomos aben\u00e7oados por ele que cedeu o c\u00f4modo de cima da sua casa na cidade para morarmos por um tempo e l\u00e1 estamos at\u00e9 agora. Sempre que ele chega da comunidade e n\u00f3s n\u00e3o estamos no rio, temos um certo conv\u00edvio juntos.<\/p>\n<p>Desde que o conhecemos vimos sua humildade e temos conhecido sua hist\u00f3ria de entrega e dedica\u00e7\u00e3o ao servi\u00e7o de tradu\u00e7\u00e3o, em amor a um povo e em obedi\u00eancia a Deus. Ele \u00e9 fluente na l\u00edngua nativa, trata o povo como parte da fam\u00edlia, com muito amor, e isso faz a diferen\u00e7a no servi\u00e7o transcultural, de tradu\u00e7\u00e3o e evangeliza\u00e7\u00e3o. \u00c9 um minist\u00e9rio de mais de 30 anos.<\/p>\n<p>Toda a situa\u00e7\u00e3o que aconteceu, dele ficar perdido na selva, teve um impacto nas nossas vidas e, cremos, impactar\u00e1 a vida de todos que se empenharam em ora\u00e7\u00e3o e no resgate, por muitos anos, principalmente entre o povo ind\u00edgena e ribeirinhos da regi\u00e3o.<\/p>\n<p>O que aconteceu com Vladimir certamente nos leva a refletir e buscar mais a depend\u00eancia total de Deus, deixando Ele guiar nossa vida, determinar o momento de parar, de seguir outra dire\u00e7\u00e3o, ou de esperar e tomar f\u00f4lego para continuar nossa caminhada, afinal de contas o Senhor \u00e9 soberano e Ele sabe o melhor para cada um de n\u00f3s.<\/p>\n<p>O que aconteceu com Vladimir poderia ter acontecido com qualquer um de n\u00f3s, mission\u00e1rios no Amazonas ou em regi\u00f5es dif\u00edceis assim. O pr\u00f3prio Vladimir falou disso em uma das ocasi\u00f5es de testemunho.<\/p>\n<p><img loading=\"lazy\" decoding=\"async\" class=\"alignright wp-image-7557 size-medium\" title=\"Comunidade ribeirinha em L\u00e1brea, AM\" src=\"http:\/\/ultimato.com.br\/sites\/paralelo10\/files\/2019\/05\/blog_P10_08_05_2019_gizelle_ribeirinha-1-300x187.jpg\" alt=\"\" width=\"300\" height=\"187\" srcset=\"https:\/\/ultimato.com.br\/sites\/paralelo10\/files\/2019\/05\/blog_P10_08_05_2019_gizelle_ribeirinha-1-300x187.jpg 300w, https:\/\/ultimato.com.br\/sites\/paralelo10\/files\/2019\/05\/blog_P10_08_05_2019_gizelle_ribeirinha-1.jpg 350w\" sizes=\"auto, (max-width: 300px) 100vw, 300px\" \/><\/p>\n<p>Em nossa \u00faltima viagem, vi cobra de um metro e meio perto da canoa onde eu estava, uma aranha caranguejeira que de t\u00e3o grande me deu mais medo do que da cobra. Passamos a manh\u00e3 pescando debaixo de chuva na canoa em que entrava \u00e1gua direto, sem contar os jacar\u00e9s, as arraias e os mosquitos transmissores de mal\u00e1ria e fil\u00e1ria que nos picam o dia todo e todo dia.<\/p>\n<p>Mas nada disso nos desanima a continuar no servi\u00e7o que o Senhor nos chamou para fazer. Tem sido grande b\u00ean\u00e7\u00e3o viver dentro do prop\u00f3sito de Deus para nossas vidas mesmo em meio a tantos desafios para levar o evangelho ao povo na regi\u00e3o do Rio Purus.<\/p>\n<p><a href=\"http:\/\/ultimato.com.br\/sites\/paralelo10\/files\/2019\/05\/blog_P10_08_05_2019_gizelle_george-1.jpg\" class=\"lightview\" data-lightview-group=\"group-7550\" data-lightview-options=\"skin: 'dark', controls: 'relative', padding: '10', shadow: { color: '#000000', opacity: 0.08, blur: 3 }\" data-lightview-title=\"Gizelle e George em L\u00e1brea, AM\"><img loading=\"lazy\" decoding=\"async\" class=\"alignright wp-image-7556 size-medium\" title=\"Gizelle e George em L\u00e1brea, AM\" src=\"http:\/\/ultimato.com.br\/sites\/paralelo10\/files\/2019\/05\/blog_P10_08_05_2019_gizelle_george-1-300x210.jpg\" alt=\"\" width=\"300\" height=\"210\" srcset=\"https:\/\/ultimato.com.br\/sites\/paralelo10\/files\/2019\/05\/blog_P10_08_05_2019_gizelle_george-1-300x210.jpg 300w, https:\/\/ultimato.com.br\/sites\/paralelo10\/files\/2019\/05\/blog_P10_08_05_2019_gizelle_george-1.jpg 350w\" sizes=\"auto, (max-width: 300px) 100vw, 300px\" \/><\/a>Louvamos a Deus pela vida de Vladimir e tantos outros servos que tem dedicado suas vidas ao servi\u00e7o do Senhor.<\/p>\n<p><strong>\u2022 Gizelle e George Corr\u00eaa<\/strong>, mission\u00e1rios filiados a Pioneiros em parceria com a MEAP &#8211; Miss\u00e3o Evang\u00e9lica de Assist\u00eancia aos Ribeirinhos base de L\u00e1brea, AM.<\/p>\n<p><strong>Leia mais:<\/strong><\/p>\n<p>\u00bb <a href=\"https:\/\/www.ultimato.com.br\/conteudo\/missionario-e-encontrado-apos-9-dias-perdido-na-floresta-amazonica#vladimir\" target=\"_blank\" rel=\"noopener noreferrer\">Mission\u00e1rio \u00e9 encontrado ap\u00f3s 9 dias perdido na floresta amaz\u00f4nica<\/a><\/p>\n<p>\u00bb <a href=\"http:\/\/ultimato.com.br\/sites\/paralelo10\/2014\/09\/o-deus-da-providencia-e-dos-detalhes\/\" target=\"_blank\" rel=\"noopener noreferrer\">O Deus da provid\u00eancia e dos detalhes<\/a><\/p>\n<p>\u00bb <a href=\"http:\/\/ultimato.com.br\/sites\/paralelo10\/2014\/07\/gratidao-privilegio-e-servico\/\" target=\"_blank\" rel=\"noopener noreferrer\">Gratid\u00e3o, privil\u00e9gio e servi\u00e7o<\/a><\/p>\n<p>&nbsp;<\/p>\n<p>&nbsp;<\/p>\n<p>&nbsp;<\/p>\n<p>&nbsp;<\/p>\n<p>&nbsp;<\/p>\n<p>&nbsp;<\/p>\n<p>&nbsp;<\/p>\n","protected":false},"excerpt":{"rendered":"<p>Por Gizelle e George Corr\u00eaa Conhecemos o mission\u00e1rio Vladimir h\u00e1 1 ano e meio, desde que mudamos para L\u00e1brea, em 2017. Fomos aben\u00e7oados por ele que cedeu o c\u00f4modo de cima da sua casa na cidade para morarmos por um tempo e l\u00e1 estamos at\u00e9 agora. Sempre que ele chega da comunidade e n\u00f3s n\u00e3o [&hellip;]<\/p>\n","protected":false},"author":2,"featured_media":0,"comment_status":"open","ping_status":"open","sticky":false,"template":"","format":"standard","meta":{"ngg_post_thumbnail":0,"footnotes":""},"categories":[34413,7,32],"tags":[77,78,80,79],"class_list":["post-7550","post","type-post","status-publish","format-standard","hentry","category-historias","category-noticias","category-reflexoes","tag-amazonia","tag-missionarios","tag-missoes","tag-ribeirinhos"],"_links":{"self":[{"href":"https:\/\/ultimato.com.br\/sites\/paralelo10\/wp-json\/wp\/v2\/posts\/7550","targetHints":{"allow":["GET"]}}],"collection":[{"href":"https:\/\/ultimato.com.br\/sites\/paralelo10\/wp-json\/wp\/v2\/posts"}],"about":[{"href":"https:\/\/ultimato.com.br\/sites\/paralelo10\/wp-json\/wp\/v2\/types\/post"}],"author":[{"embeddable":true,"href":"https:\/\/ultimato.com.br\/sites\/paralelo10\/wp-json\/wp\/v2\/users\/2"}],"replies":[{"embeddable":true,"href":"https:\/\/ultimato.com.br\/sites\/paralelo10\/wp-json\/wp\/v2\/comments?post=7550"}],"version-history":[{"count":6,"href":"https:\/\/ultimato.com.br\/sites\/paralelo10\/wp-json\/wp\/v2\/posts\/7550\/revisions"}],"predecessor-version":[{"id":7561,"href":"https:\/\/ultimato.com.br\/sites\/paralelo10\/wp-json\/wp\/v2\/posts\/7550\/revisions\/7561"}],"wp:attachment":[{"href":"https:\/\/ultimato.com.br\/sites\/paralelo10\/wp-json\/wp\/v2\/media?parent=7550"}],"wp:term":[{"taxonomy":"category","embeddable":true,"href":"https:\/\/ultimato.com.br\/sites\/paralelo10\/wp-json\/wp\/v2\/categories?post=7550"},{"taxonomy":"post_tag","embeddable":true,"href":"https:\/\/ultimato.com.br\/sites\/paralelo10\/wp-json\/wp\/v2\/tags?post=7550"}],"curies":[{"name":"wp","href":"https:\/\/api.w.org\/{rel}","templated":true}]}}