{"id":7401,"date":"2018-11-28T14:23:47","date_gmt":"2018-11-28T17:23:47","guid":{"rendered":"http:\/\/ultimato.com.br\/sites\/paralelo10\/?p=7401"},"modified":"2018-11-28T15:32:04","modified_gmt":"2018-11-28T18:32:04","slug":"a-igreja-em-movimento-no-norte-e-nordeste-aconteceu","status":"publish","type":"post","link":"https:\/\/ultimato.com.br\/sites\/paralelo10\/2018\/11\/a-igreja-em-movimento-no-norte-e-nordeste-aconteceu\/","title":{"rendered":"A igreja em movimento, no norte e nordeste #aconteceu"},"content":{"rendered":"<p>Os meses de outubro e novembro foram marcados por eventos no norte e nordeste. \u00c9 a igreja em movimento envolvida em muitas frentes de trabalho: meio ambiente, miss\u00e3o urbana, quest\u00e3o ind\u00edgena, Janela Amaz\u00f4nica, parcerias, entre outras. Espia o que aconteceu e fique atento aos pr\u00f3ximos eventos.<\/p>\n<h4><strong>&gt;&gt; IV F\u00f3rum de Miss\u00e3o Urbana promoveu mutir\u00e3o de servi\u00e7os sociais na periferia do Recife<\/strong><\/h4>\n<p><a href=\"http:\/\/ultimato.com.br\/sites\/paralelo10\/files\/2018\/11\/forum-missao-urbana.jpg\" class=\"lightview\" data-lightview-group=\"group-7401\" data-lightview-options=\"skin: 'dark', controls: 'relative', padding: '10', shadow: { color: '#000000', opacity: 0.08, blur: 3 }\"><img loading=\"lazy\" decoding=\"async\" class=\"aligncenter wp-image-7403 size-full\" src=\"http:\/\/ultimato.com.br\/sites\/paralelo10\/files\/2018\/11\/forum-missao-urbana.jpg\" alt=\"\" width=\"400\" height=\"192\" srcset=\"https:\/\/ultimato.com.br\/sites\/paralelo10\/files\/2018\/11\/forum-missao-urbana.jpg 400w, https:\/\/ultimato.com.br\/sites\/paralelo10\/files\/2018\/11\/forum-missao-urbana-300x144.jpg 300w\" sizes=\"auto, (max-width: 400px) 100vw, 400px\" \/><\/a>Entre os dias 8 a 10 de novembro a Rede de Miss\u00e3o Urbana (Redemur) realizou a IV Edi\u00e7\u00e3o do F\u00f3rum de Miss\u00e3o Urbana. O evento, sediado na Igreja Batista do Coqueiral, teve como tema: \u201cIgreja e ODS: Objetivos de Desenvolvimento Sustent\u00e1veis: comunidades e cidades sustent\u00e1veis.\u201d O IV FMU enfocou especificamente o Objetivo 11: Comunidades Sustent\u00e1veis. O evento terminou com a realiza\u00e7\u00e3o de um mutir\u00e3o de servi\u00e7os de atendimento de sa\u00fade e promo\u00e7\u00e3o da cidadania na Comunidade do Sapo Nu.<\/p>\n<p><!--more--><\/p>\n<p><em><a href=\"http:\/\/tearfundbrasil.org\/iv-forum-de-missao-urbana-promoveu-mutirao-de-servicos-sociais-na-periferia-do-recife\/\">Clique aqui<\/a> e leia mais.<\/em><\/p>\n<h4><strong><a href=\"http:\/\/ultimato.com.br\/sites\/paralelo10\/files\/2018\/11\/seminario-ambiental.jpg\" class=\"lightview\" data-lightview-group=\"group-7401\" data-lightview-options=\"skin: 'dark', controls: 'relative', padding: '10', shadow: { color: '#000000', opacity: 0.08, blur: 3 }\"><img loading=\"lazy\" decoding=\"async\" class=\"size-medium wp-image-7402 alignright\" src=\"http:\/\/ultimato.com.br\/sites\/paralelo10\/files\/2018\/11\/seminario-ambiental-300x200.jpg\" alt=\"\" width=\"300\" height=\"200\" srcset=\"https:\/\/ultimato.com.br\/sites\/paralelo10\/files\/2018\/11\/seminario-ambiental-300x200.jpg 300w, https:\/\/ultimato.com.br\/sites\/paralelo10\/files\/2018\/11\/seminario-ambiental.jpg 400w\" sizes=\"auto, (max-width: 300px) 100vw, 300px\" \/><\/a>&gt;&gt; I Semin\u00e1rio Justi\u00e7a Ambiental no Sert\u00e3o<\/strong><\/h4>\n<p>O semin\u00e1rio aconteceu dia 24 de novembro, em Patos (PB), pela igrejas que comp\u00f5em o Grupo Ambiental Sert\u00e3o. O pastor John Medcraft levou uma Reflex\u00e3o B\u00edblico Teol\u00f3gica sobre Justi\u00e7a Ambiental na B\u00edblia. Autoridades representando os poderes legislativo e executivo do munic\u00edpio estiveram presentes.<\/p>\n<p><em><a href=\"https:\/\/m.facebook.com\/story.php?story_fbid=292457704731166&amp;id=183391882304416\">Clique aqui<\/a> e confira as fotos.<\/em><\/p>\n<h4><strong>&gt;&gt; Tearfund promove encontro de parceiros<\/strong><\/h4>\n<p><img loading=\"lazy\" decoding=\"async\" class=\"size-medium wp-image-7406 alignright\" src=\"http:\/\/ultimato.com.br\/sites\/paralelo10\/files\/2018\/11\/Not_15_10_18_tearfund-300x300.jpg\" alt=\"\" width=\"300\" height=\"300\" srcset=\"https:\/\/ultimato.com.br\/sites\/paralelo10\/files\/2018\/11\/Not_15_10_18_tearfund-300x300.jpg 300w, https:\/\/ultimato.com.br\/sites\/paralelo10\/files\/2018\/11\/Not_15_10_18_tearfund-150x150.jpg 150w, https:\/\/ultimato.com.br\/sites\/paralelo10\/files\/2018\/11\/Not_15_10_18_tearfund.jpg 400w\" sizes=\"auto, (max-width: 300px) 100vw, 300px\" \/><\/p>\n<p>Precisamente com o prop\u00f3sito de ouvir uns aos outros e compartilhar as viv\u00eancias oriundas da escuta da nossa gera\u00e7\u00e3o a Tearfund realiza anualmente seu Encontro Nacional de Parceiros. Em 2018 o EP aconteceu entre os dias 25 a 28 de setembro sob o calor escaldante da Caatinga. Realizado tradicionalmente no sert\u00e3o nordestino, o Encontro neste ano foi sediado no pequeno munic\u00edpio paraibano de Princesa Isabel, localizado \u00e0 420 km da capital Campina Grande.<\/p>\n<p><em><a href=\"http:\/\/tearfundbrasil.org\/encontro-de-parceiros-2018-integra-celebracao-do-jubileu-de-ouro-da-tearfund\/\">Clique aqui<\/a> e leia mais.<\/em><\/p>\n<h4><strong>&gt;&gt; No sert\u00e3o da Para\u00edba, Tearfund celebra seus 50 anos<\/strong><\/h4>\n<p>A Tearfund celebra seu Jubileu de Ouro em 2018. S\u00e3o 50 anos de trabalhos voltados ao desenvolvimento comunit\u00e1rio, promo\u00e7\u00e3o de direitos, preven\u00e7\u00e3o e resposta a desastres. Os motivos para celebrar s\u00e3o muitos, e com o intuito de render gra\u00e7as a Deus comunitariamente por esse marco, em 27 de setembro de 2018 foi celebrado um culto de a\u00e7\u00e3o de gra\u00e7as na Igreja A\u00e7\u00e3o Evang\u00e9lica de Princesa Isabel, na Para\u00edba, com a presen\u00e7a de parceiros da organiza\u00e7\u00e3o vindos de v\u00e1rias partes do Brasil.<\/p>\n<p><em><a href=\"https:\/\/www.ultimato.com.br\/conteudo\/no-sertao-da-paraiba-tearfund-celebra-seus-50-anos\">Clique aqui<\/a> e leia mais.<\/em><\/p>\n<h4><strong><a href=\"http:\/\/ultimato.com.br\/sites\/paralelo10\/files\/2018\/11\/conplei-jovem.jpg\" class=\"lightview\" data-lightview-group=\"group-7401\" data-lightview-options=\"skin: 'dark', controls: 'relative', padding: '10', shadow: { color: '#000000', opacity: 0.08, blur: 3 }\"><img loading=\"lazy\" decoding=\"async\" class=\"size-medium wp-image-7404 alignright\" src=\"http:\/\/ultimato.com.br\/sites\/paralelo10\/files\/2018\/11\/conplei-jovem-300x200.jpg\" alt=\"\" width=\"300\" height=\"200\" srcset=\"https:\/\/ultimato.com.br\/sites\/paralelo10\/files\/2018\/11\/conplei-jovem-300x200.jpg 300w, https:\/\/ultimato.com.br\/sites\/paralelo10\/files\/2018\/11\/conplei-jovem.jpg 400w\" sizes=\"auto, (max-width: 300px) 100vw, 300px\" \/><\/a>&gt;&gt; Conplei Jovem<\/strong><\/h4>\n<p>A igreja Ind\u00edgena Manain, em Santa Isabel do Rio Negro, Amazonas, recebeu o Conplei Jovem no per\u00edodo de 1 a 4 de outubro. Nas palavras de Daniel Poquiviqui, foi um momento muito acolhedor. \u201cIsso ficou claro em cada momento dos quatro dias de congresso. A alegria e o amor com que os participantes eram servidos com certeza foi uma das marcas destes dias\u201d, comentou Daniel.<\/p>\n<p><em><a href=\"https:\/\/web.facebook.com\/conpleijovem\/posts\/1853751551388966\">Clique aqui<\/a> para ver fotos do evento.<\/em><\/p>\n<h4><strong>&gt;&gt; Juntos pela Janela Amaz\u00f4nica<\/strong><\/h4>\n<p><a href=\"http:\/\/ultimato.com.br\/sites\/paralelo10\/files\/2018\/11\/congresso-AEPR-1.jpg\" class=\"lightview\" data-lightview-group=\"group-7401\" data-lightview-options=\"skin: 'dark', controls: 'relative', padding: '10', shadow: { color: '#000000', opacity: 0.08, blur: 3 }\"><img loading=\"lazy\" decoding=\"async\" class=\"size-medium wp-image-7405 alignright\" src=\"http:\/\/ultimato.com.br\/sites\/paralelo10\/files\/2018\/11\/congresso-AEPR-1-300x199.jpg\" alt=\"\" width=\"300\" height=\"199\" srcset=\"https:\/\/ultimato.com.br\/sites\/paralelo10\/files\/2018\/11\/congresso-AEPR-1-300x199.jpg 300w, https:\/\/ultimato.com.br\/sites\/paralelo10\/files\/2018\/11\/congresso-AEPR-1.jpg 400w\" sizes=\"auto, (max-width: 300px) 100vw, 300px\" \/><\/a>A Alian\u00e7a Evang\u00e9lica Pr\u00f3 Ribeirinhos \u2013 AEPR realizou no per\u00edodo de 3 a 6 de outubro o seu segundo congresso, em Manaus (AM). Com a participa\u00e7\u00e3o de diversas ag\u00eancias, igrejas, l\u00edderes, pastores e mission\u00e1rios, a ocasi\u00e3o foi mais uma oportunidade para compartilhar esfor\u00e7os na evangeliza\u00e7\u00e3o dos ribeirinhos da Janela Amaz\u00f4nica. Workshop, Grupos de trabalho, apresenta\u00e7\u00e3o de projetos e novas estrat\u00e9gias preencheram os 4 dias de congresso que terminou com a aclama\u00e7\u00e3o do novo grupo de trabalho que ir\u00e1 coordenar a alian\u00e7a pelos pr\u00f3ximos 3 anos.<\/p>\n<p><em><a href=\"http:\/\/ultimato.com.br\/sites\/paralelo10\/2018\/11\/juntos-pela-janela-amazonica-2018\/\">Clique aqui<\/a> e leia mais.<\/em><\/p>\n","protected":false},"excerpt":{"rendered":"<p>Os meses de outubro e novembro foram marcados por eventos no norte e nordeste. \u00c9 a igreja em movimento envolvida em muitas frentes de trabalho: meio ambiente, miss\u00e3o urbana, quest\u00e3o ind\u00edgena, Janela Amaz\u00f4nica, parcerias, entre outras. Espia o que aconteceu e fique atento aos pr\u00f3ximos eventos. &gt;&gt; IV F\u00f3rum de Miss\u00e3o Urbana promoveu mutir\u00e3o de [&hellip;]<\/p>\n","protected":false},"author":24,"featured_media":0,"comment_status":"open","ping_status":"open","sticky":false,"template":"","format":"standard","meta":{"ngg_post_thumbnail":0,"footnotes":""},"categories":[1],"tags":[40443,5523,40444],"class_list":["post-7401","post","type-post","status-publish","format-standard","hentry","category-uncategorized","tag-aconteceu","tag-eventos","tag-igreja-em-movimento"],"_links":{"self":[{"href":"https:\/\/ultimato.com.br\/sites\/paralelo10\/wp-json\/wp\/v2\/posts\/7401","targetHints":{"allow":["GET"]}}],"collection":[{"href":"https:\/\/ultimato.com.br\/sites\/paralelo10\/wp-json\/wp\/v2\/posts"}],"about":[{"href":"https:\/\/ultimato.com.br\/sites\/paralelo10\/wp-json\/wp\/v2\/types\/post"}],"author":[{"embeddable":true,"href":"https:\/\/ultimato.com.br\/sites\/paralelo10\/wp-json\/wp\/v2\/users\/24"}],"replies":[{"embeddable":true,"href":"https:\/\/ultimato.com.br\/sites\/paralelo10\/wp-json\/wp\/v2\/comments?post=7401"}],"version-history":[{"count":6,"href":"https:\/\/ultimato.com.br\/sites\/paralelo10\/wp-json\/wp\/v2\/posts\/7401\/revisions"}],"predecessor-version":[{"id":7412,"href":"https:\/\/ultimato.com.br\/sites\/paralelo10\/wp-json\/wp\/v2\/posts\/7401\/revisions\/7412"}],"wp:attachment":[{"href":"https:\/\/ultimato.com.br\/sites\/paralelo10\/wp-json\/wp\/v2\/media?parent=7401"}],"wp:term":[{"taxonomy":"category","embeddable":true,"href":"https:\/\/ultimato.com.br\/sites\/paralelo10\/wp-json\/wp\/v2\/categories?post=7401"},{"taxonomy":"post_tag","embeddable":true,"href":"https:\/\/ultimato.com.br\/sites\/paralelo10\/wp-json\/wp\/v2\/tags?post=7401"}],"curies":[{"name":"wp","href":"https:\/\/api.w.org\/{rel}","templated":true}]}}