{"id":7343,"date":"2018-10-22T17:32:12","date_gmt":"2018-10-22T20:32:12","guid":{"rendered":"http:\/\/ultimato.com.br\/sites\/paralelo10\/?p=7343"},"modified":"2018-10-22T17:32:54","modified_gmt":"2018-10-22T20:32:54","slug":"por-que-o-direito-a-terra-e-importante","status":"publish","type":"post","link":"https:\/\/ultimato.com.br\/sites\/paralelo10\/2018\/10\/por-que-o-direito-a-terra-e-importante\/","title":{"rendered":"Por que o direito \u00e0 terra \u00e9 importante?"},"content":{"rendered":"<h6><strong><span style=\"color: #808000;\">por Barbara Codispoti&nbsp;<\/span> <\/strong><\/h6>\n<div id=\"attachment_7344\" style=\"width: 390px\" class=\"wp-caption alignright\"><a href=\"http:\/\/ultimato.com.br\/sites\/paralelo10\/files\/2018\/10\/P10_22_10_18_terra-img-01.jpg\" class=\"lightview\" data-lightview-group=\"group-7343\" data-lightview-options=\"skin: 'dark', controls: 'relative', padding: '10', shadow: { color: '#000000', opacity: 0.08, blur: 3 }\"><img loading=\"lazy\" decoding=\"async\" aria-describedby=\"caption-attachment-7344\" class=\"wp-image-7344\" src=\"http:\/\/ultimato.com.br\/sites\/paralelo10\/files\/2018\/10\/P10_22_10_18_terra-img-01-300x198.jpg\" alt=\"\" width=\"380\" height=\"251\" srcset=\"https:\/\/ultimato.com.br\/sites\/paralelo10\/files\/2018\/10\/P10_22_10_18_terra-img-01-300x198.jpg 300w, https:\/\/ultimato.com.br\/sites\/paralelo10\/files\/2018\/10\/P10_22_10_18_terra-img-01.jpg 400w\" sizes=\"auto, (max-width: 380px) 100vw, 380px\" \/><\/a><p id=\"caption-attachment-7344\" class=\"wp-caption-text\">O acesso \u00e0 terra e seus recursos \u00e9 vital para o meio de vida das pessoas. Foto: Layton Thompson\/Tearfund<\/p><\/div>\n<p>Quando come\u00e7amos a trabalhar com o direito \u00e0 terra, a primeira coisa que aprendemos \u00e9 como essa \u00e1rea \u00e9 dif\u00edcil e complexa. Logo fica claro que o direito \u00e0 terra envolve muito mais do que simplesmente encontrar solu\u00e7\u00f5es t\u00e9cnicas para dividir a terra. O trabalho em torno do direito \u00e0 terra consiste em melhorar as regras e normas relacionadas com quem pode acessar, usar e controlar a terra e seus recursos. Trata-se de trabalhar para e com mulheres, homens e comunidades que normalmente t\u00eam pouca ou nenhuma voz nessas decis\u00f5es.<\/p>\n<p>Garantir e proteger o direito \u00e0 terra das pessoas vulner\u00e1veis \u00e9 essencial para criar uma sociedade justa e pr\u00f3spera. \u00c9 fundamental para combater a pobreza e a fome nas comunidades rurais, que dependem da terra para sua alimenta\u00e7\u00e3o. O direito \u00e0 terra \u00e9 essencial para enfrentar as desigualdades, proteger o meio ambiente e sustentar a paz.<\/p>\n<p>Quando mulheres e homens podem provar que t\u00eam o direito \u00e0 terra garantido, seu acesso a cr\u00e9dito, empr\u00e9stimos e servi\u00e7os de extens\u00e3o torna-se mais f\u00e1cil, bem como o acesso a programas como seguros e planos de previd\u00eancia. As pessoas com posse da terra garantida s\u00e3o mais capazes de investir em suas terras e fazer melhorias. Nas \u00e1reas urbanas, o direito \u00e0 terra \u00e9 muitas vezes vital para o acesso aos servi\u00e7os p\u00fablicos, como a \u00e1gua e o saneamento.<\/p>\n<blockquote>\n<h3><strong>Direitos dos grupos marginalizados<\/strong><\/h3>\n<\/blockquote>\n<p>Por todo o mundo, as mulheres possuem menos terra do que os homens. A terra que possuem \u00e9 de pior qualidade e possui menos seguran\u00e7a jur\u00eddica. Apoiar as mulheres na obten\u00e7\u00e3o de acesso a mais terras e direitos de propriedade reconhecidos pode trazer mudan\u00e7as sociais transformadoras. Quando as mulheres possuem terras, seja individualmente ou conjuntamente com seus maridos, elas usufruem de uma posi\u00e7\u00e3o diferente em sua fam\u00edlia e na sociedade. As pesquisas mostram que as mulheres t\u00eam mais probabilidade do que os homens de gastar os rendimentos da terra e de outros recursos na alimenta\u00e7\u00e3o e na educa\u00e7\u00e3o dos filhos.<\/p>\n<p>Trabalhar em prol do direito \u00e0 terra dos povos ind\u00edgenas e das comunidades tamb\u00e9m \u00e9 vital. Grandes quantidades de florestas e pastagens s\u00e3o mantidas e geridas comunitariamente por povos ind\u00edgenas e comunidades locais. Esses grupos t\u00eam habilidades e conhecimentos valiosos para preservar e cuidar de suas terras e recursos naturais. Proteger seus direitos n\u00e3o somente \u00e9 importante para salvaguardar seus meios de vida e identidades culturais, mas tamb\u00e9m ajuda a preservar o meio ambiente e combater os efeitos das mudan\u00e7as clim\u00e1ticas.<\/p>\n<p><!--more--><\/p>\n<blockquote>\n<h3><strong>Competi\u00e7\u00e3o, conflito e corrup\u00e7\u00e3o<\/strong><\/h3>\n<\/blockquote>\n<div id=\"attachment_7345\" style=\"width: 390px\" class=\"wp-caption alignright\"><a href=\"http:\/\/ultimato.com.br\/sites\/paralelo10\/files\/2018\/10\/P10_22_10_18_terra-img-02.jpg\" class=\"lightview\" data-lightview-group=\"group-7343\" data-lightview-options=\"skin: 'dark', controls: 'relative', padding: '10', shadow: { color: '#000000', opacity: 0.08, blur: 3 }\"><img loading=\"lazy\" decoding=\"async\" aria-describedby=\"caption-attachment-7345\" class=\"wp-image-7345\" src=\"http:\/\/ultimato.com.br\/sites\/paralelo10\/files\/2018\/10\/P10_22_10_18_terra-img-02-300x225.jpg\" alt=\"\" width=\"380\" height=\"285\" srcset=\"https:\/\/ultimato.com.br\/sites\/paralelo10\/files\/2018\/10\/P10_22_10_18_terra-img-02-300x225.jpg 300w, https:\/\/ultimato.com.br\/sites\/paralelo10\/files\/2018\/10\/P10_22_10_18_terra-img-02.jpg 400w\" sizes=\"auto, (max-width: 380px) 100vw, 380px\" \/><\/a><p id=\"caption-attachment-7345\" class=\"wp-caption-text\">A terra desta pedreira de bauxita, na Serra Leoa, pertencia ao povo da aldeia de Mbonge, mas foi vendida a uma empresa de minera\u00e7\u00e3o por meio de um pagamento \u00fanico. Foto: Jay Butcher\/Tearfund<\/p><\/div>\n<p>O mundo est\u00e1 passando por uma crise de posse da terra. Isso se deve \u00e0 crescente competi\u00e7\u00e3o por terras e recursos naturais. A competi\u00e7\u00e3o ocorre em todos os n\u00edveis: dentro das fam\u00edlias, dentro da mesma comunidade, entre as comunidades e entre as comunidades e o governo ou investidores privados. Na \u00faltima d\u00e9cada, vimos o crescimento da \u201capropria\u00e7\u00e3o oportunista de terras\u201d, quando elites ou investidores poderosos obt\u00eam terras, muitas vezes a baixo custo e sem a devida consulta ou consentimento. Pessoas sem meios para proteger e reivindicar seu direito \u00e0 terra s\u00e3o despejadas e deslocadas diariamente para o benef\u00edcio de poucos. Isso \u00e9 agravado pelo alto n\u00edvel de corrup\u00e7\u00e3o em muitos governos. A corrup\u00e7\u00e3o tamb\u00e9m pode ser encontrada nas comunidades, onde os l\u00edderes tradicionais podem agir egoisticamente para obter ganhos pessoais.<\/p>\n<p>O rompimento das rela\u00e7\u00f5es entre as pessoas por quest\u00f5es de terra pode facilmente se transformar em conflitos. Sistemas bons e justos para governar a terra e seus recursos s\u00e3o vitais para impedir que essa competi\u00e7\u00e3o destrua nossas sociedades.<\/p>\n<p>&nbsp;<\/p>\n<p>&nbsp;<\/p>\n<blockquote>\n<h3><strong>Trabalho conjunto em prol da mudan\u00e7a<\/strong><\/h3>\n<\/blockquote>\n<p>Algo positivo \u00e9 que, na \u00faltima d\u00e9cada, foram assumidos compromissos internacionais para regular a governan\u00e7a da terra e dos recursos naturais. Proteger o direito \u00e0 terra dos pequenos agricultores, das comunidades vulner\u00e1veis e, particularmente, das mulheres \u00e9 explicitamente mencionado nos Objetivos de Desenvolvimento Sustent\u00e1vel. Organiza\u00e7\u00f5es internacionais, nacionais e locais da sociedade civil est\u00e3o erguendo a voz, desenvolvendo a solidariedade e mobilizando comunidades. Seu objetivo \u00e9 responsabilizar os governos e atores privados pelo que prometeram fazer no papel. Muitas j\u00e1 est\u00e3o agindo, mas ainda h\u00e1 muito a ser feito.<\/p>\n<blockquote>\n<h3><strong>O que os indiv\u00edduos podem fazer?<\/strong><\/h3>\n<\/blockquote>\n<p>A terra \u00e9 uma quest\u00e3o que envolve relacionamentos entre as pessoas e dentro da sociedade. As a\u00e7\u00f5es dos indiv\u00edduos podem ter um impacto positivo em longo prazo somente se fizerem parte de esfor\u00e7os conjuntos maiores. Em sua pr\u00f3pria capacidade, os indiv\u00edduos podem:<\/p>\n<ul>\n<li>solicitar informa\u00e7\u00f5es sobre seu direito \u00e0 terra e recursos conforme a lei e pesquisar maneiras de resolver lit\u00edgios;<\/li>\n<li>buscar apoio para encontrar a melhor e mais econ\u00f4mica forma de documentar e proteger seus direitos individuais e\/ou comunit\u00e1rios (isso poderia envolver entrar em contato com organiza\u00e7\u00f5es que trabalhem nessa \u00e1rea);<\/li>\n<li>uma vez adquiridos esses conhecimentos, educar e mobilizar outros membros da fam\u00edlia e da comunidade sobre a necessidade de proteger o direito \u00e0 terra;<\/li>\n<li>enfatizar a import\u00e2ncia de incluir todos os membros da comunidade nas decis\u00f5es.<\/li>\n<\/ul>\n<blockquote>\n<h3><strong>O que as organiza\u00e7\u00f5es comunit\u00e1rias podem fazer?<\/strong><\/h3>\n<\/blockquote>\n<p>As organiza\u00e7\u00f5es comunit\u00e1rias t\u00eam um papel fundamental a desempenhar no que diz respeito a ajudar comunidades e grupos espec\u00edficos (por exemplo, as mulheres) a se unirem e trabalhar em torno dos problemas relacionados \u00e0 terra. As organiza\u00e7\u00f5es comunit\u00e1rias podem:<\/p>\n<ul>\n<li>ajudar as comunidades a educar, mobilizar e se organizarem para agir em torno do direito \u00e0 terra;<\/li>\n<li>coletar informa\u00e7\u00f5es sobre a situa\u00e7\u00e3o da posse da terra e os lit\u00edgios existentes em suas comunidades locais (as organiza\u00e7\u00f5es precisam de evid\u00eancias bem documentadas para realizar um trabalho eficaz sobre o direito \u00e0 terra);<\/li>\n<li>preparar-se com as ferramentas e habilidades certas para coletar dados sobre a terra (por exemplo, t\u00e9cnicas de mapeamento participativo);<\/li>\n<li>entrar em contato com outras organiza\u00e7\u00f5es e\/ou \u00f3rg\u00e3os governamentais para obter o apoio jur\u00eddico e t\u00e9cnico de que necessitam;<\/li>\n<li>representar os interesses das comunidades em discuss\u00f5es com potenciais investidores;<\/li>\n<li>construir alian\u00e7as com outras organiza\u00e7\u00f5es para defender e promover o direito \u00e0 terra junto aos governos regionais e nacionais.<\/li>\n<\/ul>\n<blockquote>\n<h3><strong>O que podemos pedir que o nosso governo fa\u00e7a?<\/strong><\/h3>\n<\/blockquote>\n<p>Os governos t\u00eam o dever de proteger os direitos de seus cidad\u00e3os. Podemos pedir ao governo que:<\/p>\n<ul>\n<li>desenvolva e aplique pol\u00edticas e leis de terras que beneficiem as pessoas pobres, entre elas, pol\u00edticas de redistribui\u00e7\u00e3o de terras, bem como de reconhecimento e formaliza\u00e7\u00e3o de direitos consuetudin\u00e1rios e coletivos;<\/li>\n<li>desenvolva pol\u00edticas e leis que beneficiem as mulheres em termos de terras (esses regulamentos devem ser inclu\u00eddos na legisla\u00e7\u00e3o de terras, bem como em outras estruturas, tais como as leis de fam\u00edlia e heran\u00e7a); promova e aplique programas como a emiss\u00e3o de t\u00edtulos de terra conjuntos para maridos e esposas, fornecendo incentivos para isso; e que se assegure de que as mulheres sejam inclu\u00eddas nos \u00f3rg\u00e3os respons\u00e1veis por decis\u00f5es referentes \u00e0 terra em todos os n\u00edveis;<\/li>\n<li>garanta que haja um processo aberto e acess\u00edvel para documentar e registrar o direito \u00e0 terra e para resolver lit\u00edgios;<\/li>\n<li>e combata a corrup\u00e7\u00e3o em torno de quest\u00f5es de terra.<\/li>\n<\/ul>\n<p><strong>Barbara Codispoti<\/strong> \u00e9 a L\u00edder Global de Programas de Terra da Oxfam.<\/p>\n<p><em>*Conte\u00fado extra\u00eddo da <a href=\"https:\/\/learn.tearfund.org\/pt-PT\/resources\/publications\/footsteps\/footsteps_101-110\/footsteps_105\/why_are_land_rights_important\/\">edi\u00e7\u00e3o 105<\/a> da revista Passo a Passo.<\/em><\/p>\n","protected":false},"excerpt":{"rendered":"<p>por Barbara Codispoti&nbsp; Quando come\u00e7amos a trabalhar com o direito \u00e0 terra, a primeira coisa que aprendemos \u00e9 como essa \u00e1rea \u00e9 dif\u00edcil e complexa. Logo fica claro que o direito \u00e0 terra envolve muito mais do que simplesmente encontrar solu\u00e7\u00f5es t\u00e9cnicas para dividir a terra. O trabalho em torno do direito \u00e0 terra consiste [&hellip;]<\/p>\n","protected":false},"author":24,"featured_media":0,"comment_status":"open","ping_status":"open","sticky":false,"template":"","format":"standard","meta":{"ngg_post_thumbnail":0,"footnotes":""},"categories":[14],"tags":[37364,37362,6053],"class_list":["post-7343","post","type-post","status-publish","format-standard","hentry","category-recursos","tag-direito","tag-passo-a-passo-105","tag-terra"],"_links":{"self":[{"href":"https:\/\/ultimato.com.br\/sites\/paralelo10\/wp-json\/wp\/v2\/posts\/7343","targetHints":{"allow":["GET"]}}],"collection":[{"href":"https:\/\/ultimato.com.br\/sites\/paralelo10\/wp-json\/wp\/v2\/posts"}],"about":[{"href":"https:\/\/ultimato.com.br\/sites\/paralelo10\/wp-json\/wp\/v2\/types\/post"}],"author":[{"embeddable":true,"href":"https:\/\/ultimato.com.br\/sites\/paralelo10\/wp-json\/wp\/v2\/users\/24"}],"replies":[{"embeddable":true,"href":"https:\/\/ultimato.com.br\/sites\/paralelo10\/wp-json\/wp\/v2\/comments?post=7343"}],"version-history":[{"count":2,"href":"https:\/\/ultimato.com.br\/sites\/paralelo10\/wp-json\/wp\/v2\/posts\/7343\/revisions"}],"predecessor-version":[{"id":7347,"href":"https:\/\/ultimato.com.br\/sites\/paralelo10\/wp-json\/wp\/v2\/posts\/7343\/revisions\/7347"}],"wp:attachment":[{"href":"https:\/\/ultimato.com.br\/sites\/paralelo10\/wp-json\/wp\/v2\/media?parent=7343"}],"wp:term":[{"taxonomy":"category","embeddable":true,"href":"https:\/\/ultimato.com.br\/sites\/paralelo10\/wp-json\/wp\/v2\/categories?post=7343"},{"taxonomy":"post_tag","embeddable":true,"href":"https:\/\/ultimato.com.br\/sites\/paralelo10\/wp-json\/wp\/v2\/tags?post=7343"}],"curies":[{"name":"wp","href":"https:\/\/api.w.org\/{rel}","templated":true}]}}