{"id":7332,"date":"2018-10-05T17:58:45","date_gmt":"2018-10-05T20:58:45","guid":{"rendered":"http:\/\/ultimato.com.br\/sites\/paralelo10\/?p=7332"},"modified":"2018-10-05T17:58:45","modified_gmt":"2018-10-05T20:58:45","slug":"vem-ai-13a-edicao-do-impacto-sertao-livre-sera-em-picos-pi","status":"publish","type":"post","link":"https:\/\/ultimato.com.br\/sites\/paralelo10\/2018\/10\/vem-ai-13a-edicao-do-impacto-sertao-livre-sera-em-picos-pi\/","title":{"rendered":"Vem a\u00ed: 13\u00aa edi\u00e7\u00e3o do Impacto Sert\u00e3o Livre ser\u00e1 em Picos (PI)"},"content":{"rendered":"<p><a href=\"http:\/\/ultimato.com.br\/sites\/paralelo10\/files\/2018\/10\/cats.jpg\" class=\"lightview\" data-lightview-group=\"group-7332\" data-lightview-options=\"skin: 'dark', controls: 'relative', padding: '10', shadow: { color: '#000000', opacity: 0.08, blur: 3 }\"><img loading=\"lazy\" decoding=\"async\" class=\"aligncenter wp-image-7333\" src=\"http:\/\/ultimato.com.br\/sites\/paralelo10\/files\/2018\/10\/cats-300x177.jpg\" alt=\"\" width=\"500\" height=\"295\" srcset=\"https:\/\/ultimato.com.br\/sites\/paralelo10\/files\/2018\/10\/cats-300x177.jpg 300w, https:\/\/ultimato.com.br\/sites\/paralelo10\/files\/2018\/10\/cats.jpg 600w\" sizes=\"auto, (max-width: 500px) 100vw, 500px\" \/><\/a><\/p>\n<p>&nbsp;<\/p>\n<blockquote>\n<h4><strong>O que: 13\u00aa edi\u00e7\u00e3o do Impacto Sert\u00e3o Livre<br \/>\n<\/strong><strong>Onde: Picos, Piau\u00ed.<br \/>\n<\/strong><strong>Quando: 10 a 20 de janeiro de 2019.<br \/>\n<\/strong><strong><a href=\"http:\/\/sertaolivre.org.br\/\">Clique aqui<\/a> para mais informa\u00e7\u00f5es.<\/strong><\/h4>\n<\/blockquote>\n","protected":false},"excerpt":{"rendered":"<p>&nbsp; O que: 13\u00aa edi\u00e7\u00e3o do Impacto Sert\u00e3o Livre Onde: Picos, Piau\u00ed. Quando: 10 a 20 de janeiro de 2019. Clique aqui para mais informa\u00e7\u00f5es.<\/p>\n","protected":false},"author":24,"featured_media":0,"comment_status":"open","ping_status":"open","sticky":false,"template":"","format":"standard","meta":{"ngg_post_thumbnail":0,"footnotes":""},"categories":[19290],"tags":[],"class_list":["post-7332","post","type-post","status-publish","format-standard","hentry","category-capacitando"],"_links":{"self":[{"href":"https:\/\/ultimato.com.br\/sites\/paralelo10\/wp-json\/wp\/v2\/posts\/7332","targetHints":{"allow":["GET"]}}],"collection":[{"href":"https:\/\/ultimato.com.br\/sites\/paralelo10\/wp-json\/wp\/v2\/posts"}],"about":[{"href":"https:\/\/ultimato.com.br\/sites\/paralelo10\/wp-json\/wp\/v2\/types\/post"}],"author":[{"embeddable":true,"href":"https:\/\/ultimato.com.br\/sites\/paralelo10\/wp-json\/wp\/v2\/users\/24"}],"replies":[{"embeddable":true,"href":"https:\/\/ultimato.com.br\/sites\/paralelo10\/wp-json\/wp\/v2\/comments?post=7332"}],"version-history":[{"count":1,"href":"https:\/\/ultimato.com.br\/sites\/paralelo10\/wp-json\/wp\/v2\/posts\/7332\/revisions"}],"predecessor-version":[{"id":7334,"href":"https:\/\/ultimato.com.br\/sites\/paralelo10\/wp-json\/wp\/v2\/posts\/7332\/revisions\/7334"}],"wp:attachment":[{"href":"https:\/\/ultimato.com.br\/sites\/paralelo10\/wp-json\/wp\/v2\/media?parent=7332"}],"wp:term":[{"taxonomy":"category","embeddable":true,"href":"https:\/\/ultimato.com.br\/sites\/paralelo10\/wp-json\/wp\/v2\/categories?post=7332"},{"taxonomy":"post_tag","embeddable":true,"href":"https:\/\/ultimato.com.br\/sites\/paralelo10\/wp-json\/wp\/v2\/tags?post=7332"}],"curies":[{"name":"wp","href":"https:\/\/api.w.org\/{rel}","templated":true}]}}