{"id":7328,"date":"2018-10-05T17:54:39","date_gmt":"2018-10-05T20:54:39","guid":{"rendered":"http:\/\/ultimato.com.br\/sites\/paralelo10\/?p=7328"},"modified":"2018-10-05T17:54:39","modified_gmt":"2018-10-05T20:54:39","slug":"acev-promove-encontro-missionario-para-jovens-em-joao-pessoa-pb","status":"publish","type":"post","link":"https:\/\/ultimato.com.br\/sites\/paralelo10\/2018\/10\/acev-promove-encontro-missionario-para-jovens-em-joao-pessoa-pb\/","title":{"rendered":"Acev promove encontro mission\u00e1rio para jovens em Jo\u00e3o Pessoa (PB)"},"content":{"rendered":"<p><a href=\"http:\/\/ultimato.com.br\/sites\/paralelo10\/files\/2018\/10\/Congresso-jovem-ACEV-detalhes.png\" class=\"lightview\" data-lightview-group=\"group-7328\" data-lightview-options=\"skin: 'dark', controls: 'relative', padding: '10', shadow: { color: '#000000', opacity: 0.08, blur: 3 }\"><img loading=\"lazy\" decoding=\"async\" class=\"wp-image-7329 size-full aligncenter\" src=\"http:\/\/ultimato.com.br\/sites\/paralelo10\/files\/2018\/10\/Congresso-jovem-ACEV-detalhes.png\" alt=\"\" width=\"538\" height=\"285\" srcset=\"https:\/\/ultimato.com.br\/sites\/paralelo10\/files\/2018\/10\/Congresso-jovem-ACEV-detalhes.png 538w, https:\/\/ultimato.com.br\/sites\/paralelo10\/files\/2018\/10\/Congresso-jovem-ACEV-detalhes-300x159.png 300w\" sizes=\"auto, (max-width: 538px) 100vw, 538px\" \/><\/a><\/p>\n<blockquote>\n<h4><strong>O que: XV Congresso de Jovens da ACEV.<br \/>\n<\/strong><strong>Onde: Jo\u00e3o Pessoa, Para\u00edba.<br \/>\n<\/strong><strong>Quando: 12,13 e 14 de outubro.<br \/>\n<\/strong><strong><a href=\"http:\/\/acevbrasil.org.br\/noticia.php?id=238\">Clique aqui<\/a> para mais informa\u00e7\u00f5es.<\/strong><\/h4>\n<\/blockquote>\n<p>&nbsp;<\/p>\n","protected":false},"excerpt":{"rendered":"<p>O que: XV Congresso de Jovens da ACEV. Onde: Jo\u00e3o Pessoa, Para\u00edba. Quando: 12,13 e 14 de outubro. Clique aqui para mais informa\u00e7\u00f5es. &nbsp;<\/p>\n","protected":false},"author":24,"featured_media":0,"comment_status":"open","ping_status":"open","sticky":false,"template":"","format":"standard","meta":{"ngg_post_thumbnail":0,"footnotes":""},"categories":[19290],"tags":[],"class_list":["post-7328","post","type-post","status-publish","format-standard","hentry","category-capacitando"],"_links":{"self":[{"href":"https:\/\/ultimato.com.br\/sites\/paralelo10\/wp-json\/wp\/v2\/posts\/7328","targetHints":{"allow":["GET"]}}],"collection":[{"href":"https:\/\/ultimato.com.br\/sites\/paralelo10\/wp-json\/wp\/v2\/posts"}],"about":[{"href":"https:\/\/ultimato.com.br\/sites\/paralelo10\/wp-json\/wp\/v2\/types\/post"}],"author":[{"embeddable":true,"href":"https:\/\/ultimato.com.br\/sites\/paralelo10\/wp-json\/wp\/v2\/users\/24"}],"replies":[{"embeddable":true,"href":"https:\/\/ultimato.com.br\/sites\/paralelo10\/wp-json\/wp\/v2\/comments?post=7328"}],"version-history":[{"count":2,"href":"https:\/\/ultimato.com.br\/sites\/paralelo10\/wp-json\/wp\/v2\/posts\/7328\/revisions"}],"predecessor-version":[{"id":7331,"href":"https:\/\/ultimato.com.br\/sites\/paralelo10\/wp-json\/wp\/v2\/posts\/7328\/revisions\/7331"}],"wp:attachment":[{"href":"https:\/\/ultimato.com.br\/sites\/paralelo10\/wp-json\/wp\/v2\/media?parent=7328"}],"wp:term":[{"taxonomy":"category","embeddable":true,"href":"https:\/\/ultimato.com.br\/sites\/paralelo10\/wp-json\/wp\/v2\/categories?post=7328"},{"taxonomy":"post_tag","embeddable":true,"href":"https:\/\/ultimato.com.br\/sites\/paralelo10\/wp-json\/wp\/v2\/tags?post=7328"}],"curies":[{"name":"wp","href":"https:\/\/api.w.org\/{rel}","templated":true}]}}