{"id":7309,"date":"2018-10-05T17:45:24","date_gmt":"2018-10-05T20:45:24","guid":{"rendered":"http:\/\/ultimato.com.br\/sites\/paralelo10\/?p=7309"},"modified":"2018-10-22T17:41:41","modified_gmt":"2018-10-22T20:41:41","slug":"um-puxirum-do-reino-de-deus-puxirum01","status":"publish","type":"post","link":"https:\/\/ultimato.com.br\/sites\/paralelo10\/2018\/10\/um-puxirum-do-reino-de-deus-puxirum01\/","title":{"rendered":"Um puxirum do reino de Deus #Puxirum01"},"content":{"rendered":"<p><div id=\"attachment_7310\" style=\"width: 390px\" class=\"wp-caption alignright\"><a href=\"http:\/\/ultimato.com.br\/sites\/paralelo10\/files\/2018\/10\/Puxirum-farinha-ok.jpg\" class=\"lightview\" data-lightview-group=\"group-7309\" data-lightview-options=\"skin: 'dark', controls: 'relative', padding: '10', shadow: { color: '#000000', opacity: 0.08, blur: 3 }\"><img loading=\"lazy\" decoding=\"async\" aria-describedby=\"caption-attachment-7310\" class=\"wp-image-7310\" src=\"http:\/\/ultimato.com.br\/sites\/paralelo10\/files\/2018\/10\/Puxirum-farinha-ok-300x225.jpg\" alt=\"\" width=\"380\" height=\"285\" srcset=\"https:\/\/ultimato.com.br\/sites\/paralelo10\/files\/2018\/10\/Puxirum-farinha-ok-300x225.jpg 300w, https:\/\/ultimato.com.br\/sites\/paralelo10\/files\/2018\/10\/Puxirum-farinha-ok.jpg 400w\" sizes=\"auto, (max-width: 380px) 100vw, 380px\" \/><\/a><p id=\"caption-attachment-7310\" class=\"wp-caption-text\">Em comunidades rurais da Amaz\u00f4nia \u00e9 comum realizar puxirum para fazer a farinha de mandioca [Foto ilustrativa: Blog <a href=\"http:\/\/www.mulheresindigenas.org\/farinhada-das-mulheres-na-serra-do-padeiro\/\">Eu sou pelas mulheres ind\u00edgenas<\/a>]<\/p><\/div><strong>Pu\u2219xi\u2219rum<\/strong>. De acordo com o <a href=\"https:\/\/www.dicionarioinformal.com.br\/puxirum\/\">Dicion\u00e1rio Informal<\/a>, puxirum \u00e9 o mesmo que mutir\u00e3o, ou seja, um esfor\u00e7o coletivo para solu\u00e7\u00e3o de uma necessidade, normalmente um dia de esfor\u00e7o. H\u00e1 diversas palavras que remetem ao mesmo significado de puxirum: mutir\u00e3o, grupo de contribui\u00e7\u00e3o, adjut\u00f3rio, ajut\u00f3rio, putirom, putirum, muxir\u00e3o, muxirum, ponxir\u00e3o, putir\u00e3o, muxirom.<\/p>\n<p>O <strong>Paralelo10<\/strong> se empenha em apoiar, fortalecer e tornar conhecido o trabalho de muitas pessoas que est\u00e3o espalhadas pelo norte e nordeste do Brasil, engajadas na expans\u00e3o do evangelho do reino de Deus. S\u00e3o muitas e diversas as iniciativas: planta\u00e7\u00e3o de igrejas, perfura\u00e7\u00e3o de po\u00e7os no sert\u00e3o, evangeliza\u00e7\u00e3o, a\u00e7\u00f5es de cunho social e cidadania, entre outras. \u00c9 muito trabalho, esfor\u00e7o, suor, l\u00e1grimas, ora\u00e7\u00e3o, parcerias, etc., um verdadeiro puxirum do reino de Deus.<\/p>\n<p>Para fazer com que essas iniciativas se tornem mais conhecidas, o blog <strong>Paralelo10<\/strong> lan\u00e7a o selo #<strong>Puxirum<\/strong>. Trata-se de uma publica\u00e7\u00e3o que re\u00fane um pouquinho do trabalho que os representantes do projeto <strong>Paralelo10<\/strong> realizam em suas igrejas locais e comunidades. Ent\u00e3o, toda vez que voc\u00ea ver uma publica\u00e7\u00e3o com o selo <strong>#Puxirum<\/strong>, j\u00e1 sabe que s\u00e3o not\u00edcias em primeira m\u00e3o dos nossos representantes, que est\u00e3o espalhados do norte ao nordeste.<\/p>\n<h3><strong>Confira abaixo o primeiro puxirum do P10<\/strong><\/h3>\n<p><!--more--><\/p>\n<h3><span style=\"color: #808000;\"><strong>#NOVACRUZ<\/strong><\/span><\/h3>\n<p>Recebemos o novo n\u00famero da revista ultimato. Patroc\u00ednio do projeto Paralelo 10 e seus parceiros. Distribu\u00edmos entre o grupo de estudos e sugerimos uma leitura e atividade no artigo &#8220;O Evangelho do Reino de Deus&#8221; na sess\u00e3o reflex\u00e3o, p\u00e1ginas, 46 e 47, de autoria de Ed Ren\u00e9 Kivtz. Abaixo reproduzimos a impress\u00e3o da leitura do texto que Ver\u00f4nica Porf\u00edrio, membro do grupo e professora da classe de jovens da escola b\u00edblica dominical de nossa igreja escreveu:<\/p>\n<blockquote><p><strong><a href=\"http:\/\/ultimato.com.br\/sites\/paralelo10\/files\/2018\/10\/Jean-oliveira.jpg\" class=\"lightview\" data-lightview-group=\"group-7309\" data-lightview-options=\"skin: 'dark', controls: 'relative', padding: '10', shadow: { color: '#000000', opacity: 0.08, blur: 3 }\"><img loading=\"lazy\" decoding=\"async\" class=\"alignright wp-image-7322 size-medium\" src=\"http:\/\/ultimato.com.br\/sites\/paralelo10\/files\/2018\/10\/Jean-oliveira-245x300.jpg\" alt=\"\" width=\"245\" height=\"300\" srcset=\"https:\/\/ultimato.com.br\/sites\/paralelo10\/files\/2018\/10\/Jean-oliveira-245x300.jpg 245w, https:\/\/ultimato.com.br\/sites\/paralelo10\/files\/2018\/10\/Jean-oliveira.jpg 326w\" sizes=\"auto, (max-width: 245px) 100vw, 245px\" \/><\/a>\u201cQue evangelho \u00e9 esse? <\/strong>O evangelho transformador de Cristo, que muda hist\u00f3ria de pessoas. Podemos perceber atrav\u00e9s da sua Palavra que ele est\u00e1 vivo n\u00e3o s\u00f3 porque Cristo ressuscitou ao terceiro dia. Mas, porque est\u00e1 em n\u00f3s. Ele se apresenta como sacrif\u00edcio vivo, \u201co Cordeiro\u201d que morreu na cruz, para que o plano Divino fosse executado.<\/p>\n<p>Jesus, cria em n\u00f3s um sentimento de adorador! Um cora\u00e7\u00e3o que pulsa desesperadamente, incansavelmente em adorar a Deus acima de tudo e de todos. Em que as batidas do cora\u00e7\u00e3o faz um \u00fanico e verdadeiro som \u201cEu quero apenas te adorar\u201d.&nbsp;<\/p>\n<p>Pois, sua hist\u00f3ria n\u00e3o se limita ao tempo, ao espa\u00e7o nem a posi\u00e7\u00f5es geogr\u00e1ficas, pois, \u00e9 o evangelho que nos impulsiona a adorar.<\/p><\/blockquote>\n<p><strong>Jean R. de Oliveira, Nova Cruz, RN<\/strong><\/p>\n<hr \/>\n<h3><span style=\"color: #808000;\"><strong>#S\u00c3OLUIS #RIOGRANDEDONORTE<\/strong><\/span><\/h3>\n\n\t\t<style type=\"text\/css\">\n\t\t\t#gallery-1 {\n\t\t\t\tmargin: auto;\n\t\t\t}\n\t\t\t#gallery-1 .gallery-item {\n\t\t\t\tfloat: left;\n\t\t\t\tmargin-top: 10px;\n\t\t\t\ttext-align: center;\n\t\t\t\twidth: 50%;\n\t\t\t}\n\t\t\t#gallery-1 img {\n\t\t\t\tborder: 2px solid #cfcfcf;\n\t\t\t}\n\t\t\t#gallery-1 .gallery-caption {\n\t\t\t\tmargin-left: 0;\n\t\t\t}\n\t\t\t\/* see gallery_shortcode() in wp-includes\/media.php *\/\n\t\t<\/style>\n\t\t<div id='gallery-1' class='gallery galleryid-7309 gallery-columns-2 gallery-size-medium'><dl class='gallery-item'>\n\t\t\t<dt class='gallery-icon landscape'>\n\t\t\t\t<a href='https:\/\/ultimato.com.br\/sites\/paralelo10\/files\/2018\/10\/Edilson.jpg#main'><img loading=\"lazy\" decoding=\"async\" width=\"300\" height=\"169\" src=\"https:\/\/ultimato.com.br\/sites\/paralelo10\/files\/2018\/10\/Edilson-300x169.jpg\" class=\"attachment-medium size-medium\" alt=\"\" aria-describedby=\"gallery-1-7316\" srcset=\"https:\/\/ultimato.com.br\/sites\/paralelo10\/files\/2018\/10\/Edilson-300x169.jpg 300w, https:\/\/ultimato.com.br\/sites\/paralelo10\/files\/2018\/10\/Edilson.jpg 400w\" sizes=\"auto, (max-width: 300px) 100vw, 300px\" \/><\/a>\n\t\t\t<\/dt>\n\t\t\t\t<dd class='wp-caption-text gallery-caption' id='gallery-1-7316'>\n\t\t\t\tO grupo do Paralelo 10, em S\u00e3o Lu\u00eds (MA), reunido para refletir sobre o artigo da Revista Ultima:&#8221;A B\u00edblia Ainda Fala!&#8221; (Revista n. 371) no dia 14 de junho de 2018.\n\t\t\t\t<\/dd><\/dl><dl class='gallery-item'>\n\t\t\t<dt class='gallery-icon landscape'>\n\t\t\t\t<a href='https:\/\/ultimato.com.br\/sites\/paralelo10\/files\/2018\/10\/pastor-firmino.jpg#main'><img loading=\"lazy\" decoding=\"async\" width=\"300\" height=\"185\" src=\"https:\/\/ultimato.com.br\/sites\/paralelo10\/files\/2018\/10\/pastor-firmino-300x185.jpg\" class=\"attachment-medium size-medium\" alt=\"\" aria-describedby=\"gallery-1-7323\" srcset=\"https:\/\/ultimato.com.br\/sites\/paralelo10\/files\/2018\/10\/pastor-firmino-300x185.jpg 300w, https:\/\/ultimato.com.br\/sites\/paralelo10\/files\/2018\/10\/pastor-firmino.jpg 400w\" sizes=\"auto, (max-width: 300px) 100vw, 300px\" \/><\/a>\n\t\t\t<\/dt>\n\t\t\t\t<dd class='wp-caption-text gallery-caption' id='gallery-1-7323'>\n\t\t\t\tPastores do Sert\u00e3o de S\u00e3o Jos\u00e9 de Campestre e Passa e Fica, em Rio Grande do Norte, recebendo as revistas Ultimato.\n\t\t\t\t<\/dd><\/dl><br style=\"clear: both\" \/>\n\t\t<\/div>\n\n<hr \/>\n<h3><span style=\"color: #808000;\"><strong>#ALAGOAS<\/strong><\/span><\/h3>\n\n\t\t<style type=\"text\/css\">\n\t\t\t#gallery-2 {\n\t\t\t\tmargin: auto;\n\t\t\t}\n\t\t\t#gallery-2 .gallery-item {\n\t\t\t\tfloat: left;\n\t\t\t\tmargin-top: 10px;\n\t\t\t\ttext-align: center;\n\t\t\t\twidth: 50%;\n\t\t\t}\n\t\t\t#gallery-2 img {\n\t\t\t\tborder: 2px solid #cfcfcf;\n\t\t\t}\n\t\t\t#gallery-2 .gallery-caption {\n\t\t\t\tmargin-left: 0;\n\t\t\t}\n\t\t\t\/* see gallery_shortcode() in wp-includes\/media.php *\/\n\t\t<\/style>\n\t\t<div id='gallery-2' class='gallery galleryid-7309 gallery-columns-2 gallery-size-medium'><dl class='gallery-item'>\n\t\t\t<dt class='gallery-icon landscape'>\n\t\t\t\t<a href='https:\/\/ultimato.com.br\/sites\/paralelo10\/files\/2018\/10\/Eric2.jpg#main'><img loading=\"lazy\" decoding=\"async\" width=\"300\" height=\"200\" src=\"https:\/\/ultimato.com.br\/sites\/paralelo10\/files\/2018\/10\/Eric2-300x200.jpg\" class=\"attachment-medium size-medium\" alt=\"\" aria-describedby=\"gallery-2-7312\" srcset=\"https:\/\/ultimato.com.br\/sites\/paralelo10\/files\/2018\/10\/Eric2-300x200.jpg 300w, https:\/\/ultimato.com.br\/sites\/paralelo10\/files\/2018\/10\/Eric2.jpg 400w\" sizes=\"auto, (max-width: 300px) 100vw, 300px\" \/><\/a>\n\t\t\t<\/dt>\n\t\t\t\t<dd class='wp-caption-text gallery-caption' id='gallery-2-7312'>\n\t\t\t\tProjeto Educando Com Respeito \u00e9 um grupo de apoio a m\u00e3es e demais educadores no bairro do Planalto, Arapiraca (AL). A iniciativa tem por objetivo apoiar, orientar e compartilhar sobre uma educa\u00e7\u00e3o respeitosa e n\u00e3o violenta.\n\t\t\t\t<\/dd><\/dl><dl class='gallery-item'>\n\t\t\t<dt class='gallery-icon landscape'>\n\t\t\t\t<a href='https:\/\/ultimato.com.br\/sites\/paralelo10\/files\/2018\/10\/Eric-funda\u00e7\u00e3o-alcance.jpg#main'><img loading=\"lazy\" decoding=\"async\" width=\"300\" height=\"225\" src=\"https:\/\/ultimato.com.br\/sites\/paralelo10\/files\/2018\/10\/Eric-funda\u00e7\u00e3o-alcance-300x225.jpg\" class=\"attachment-medium size-medium\" alt=\"\" aria-describedby=\"gallery-2-7311\" srcset=\"https:\/\/ultimato.com.br\/sites\/paralelo10\/files\/2018\/10\/Eric-funda\u00e7\u00e3o-alcance-300x225.jpg 300w, https:\/\/ultimato.com.br\/sites\/paralelo10\/files\/2018\/10\/Eric-funda\u00e7\u00e3o-alcance.jpg 400w\" sizes=\"auto, (max-width: 300px) 100vw, 300px\" \/><\/a>\n\t\t\t<\/dt>\n\t\t\t\t<dd class='wp-caption-text gallery-caption' id='gallery-2-7311'>\n\t\t\t\tEric Dion\u00edsio participando de mais uma reuni\u00e3o da Conselho Municipal de Pol\u00edtica Sobre Drogas. Momento para refletir e buscar solu\u00e7\u00f5es e pol\u00edticas p\u00fablicas para reduzir o uso de drogas no Munic\u00edpio.\n\t\t\t\t<\/dd><\/dl><br style=\"clear: both\" \/><dl class='gallery-item'>\n\t\t\t<dt class='gallery-icon landscape'>\n\t\t\t\t<a href='https:\/\/ultimato.com.br\/sites\/paralelo10\/files\/2018\/10\/Eric-casa.jpg#main'><img loading=\"lazy\" decoding=\"async\" width=\"300\" height=\"300\" src=\"https:\/\/ultimato.com.br\/sites\/paralelo10\/files\/2018\/10\/Eric-casa-300x300.jpg\" class=\"attachment-medium size-medium\" alt=\"\" aria-describedby=\"gallery-2-7313\" srcset=\"https:\/\/ultimato.com.br\/sites\/paralelo10\/files\/2018\/10\/Eric-casa-300x300.jpg 300w, https:\/\/ultimato.com.br\/sites\/paralelo10\/files\/2018\/10\/Eric-casa-150x150.jpg 150w, https:\/\/ultimato.com.br\/sites\/paralelo10\/files\/2018\/10\/Eric-casa.jpg 400w\" sizes=\"auto, (max-width: 300px) 100vw, 300px\" \/><\/a>\n\t\t\t<\/dt>\n\t\t\t\t<dd class='wp-caption-text gallery-caption' id='gallery-2-7313'>\n\t\t\t\tDessa vez a constru\u00e7\u00e3o \u00e9 da casa da Dona Eliana, onde nos \u00faltimos dias ocorreu um mutir\u00e3o (puxirum) envolvendo toda a comunidade. Somos muito gratos pelo nosso Coordenador do Projeto Casa Solid\u00e1ria,\u00a0 Eug\u00eanio,\u00a0 que tem ousado e desbravado junto com sua esposa pela melhoria e transforma\u00e7\u00e3o dessas fam\u00edlias.\n\t\t\t\t<\/dd><\/dl><dl class='gallery-item'>\n\t\t\t<dt class='gallery-icon landscape'>\n\t\t\t\t<a href='https:\/\/ultimato.com.br\/sites\/paralelo10\/files\/2018\/10\/ericODS.jpg#main'><img loading=\"lazy\" decoding=\"async\" width=\"300\" height=\"210\" src=\"https:\/\/ultimato.com.br\/sites\/paralelo10\/files\/2018\/10\/ericODS-300x210.jpg\" class=\"attachment-medium size-medium\" alt=\"\" aria-describedby=\"gallery-2-7314\" srcset=\"https:\/\/ultimato.com.br\/sites\/paralelo10\/files\/2018\/10\/ericODS-300x210.jpg 300w, https:\/\/ultimato.com.br\/sites\/paralelo10\/files\/2018\/10\/ericODS.jpg 400w\" sizes=\"auto, (max-width: 300px) 100vw, 300px\" \/><\/a>\n\t\t\t<\/dt>\n\t\t\t\t<dd class='wp-caption-text gallery-caption' id='gallery-2-7314'>\n\t\t\t\tParticipando do Semin\u00e1rio Igreja e ODS, promovido pela Rede de Miss\u00f5es Urbana. Tempo maravilhoso de troca de experi\u00eancias, apresenta\u00e7\u00e3o das problem\u00e1ticas de Macei\u00f3, e refletindo sobre o nosso papel diante da sociedade e como podemos desenvolver trabalhos relevantes em nossa comunidade.\n\t\t\t\t<\/dd><\/dl><br style=\"clear: both\" \/>\n\t\t<\/div>\n\n<hr \/>\n<h3><span style=\"color: #808000;\"><strong>#MANA\u00cdRA<\/strong><\/span><\/h3>\n\n\t\t<style type=\"text\/css\">\n\t\t\t#gallery-3 {\n\t\t\t\tmargin: auto;\n\t\t\t}\n\t\t\t#gallery-3 .gallery-item {\n\t\t\t\tfloat: left;\n\t\t\t\tmargin-top: 10px;\n\t\t\t\ttext-align: center;\n\t\t\t\twidth: 50%;\n\t\t\t}\n\t\t\t#gallery-3 img {\n\t\t\t\tborder: 2px solid #cfcfcf;\n\t\t\t}\n\t\t\t#gallery-3 .gallery-caption {\n\t\t\t\tmargin-left: 0;\n\t\t\t}\n\t\t\t\/* see gallery_shortcode() in wp-includes\/media.php *\/\n\t\t<\/style>\n\t\t<div id='gallery-3' class='gallery galleryid-7309 gallery-columns-2 gallery-size-medium'><dl class='gallery-item'>\n\t\t\t<dt class='gallery-icon landscape'>\n\t\t\t\t<a href='https:\/\/ultimato.com.br\/sites\/paralelo10\/files\/2018\/10\/lindon.jpg#main'><img loading=\"lazy\" decoding=\"async\" width=\"300\" height=\"199\" src=\"https:\/\/ultimato.com.br\/sites\/paralelo10\/files\/2018\/10\/lindon-300x199.jpg\" class=\"attachment-medium size-medium\" alt=\"\" aria-describedby=\"gallery-3-7318\" srcset=\"https:\/\/ultimato.com.br\/sites\/paralelo10\/files\/2018\/10\/lindon-300x199.jpg 300w, https:\/\/ultimato.com.br\/sites\/paralelo10\/files\/2018\/10\/lindon.jpg 400w\" sizes=\"auto, (max-width: 300px) 100vw, 300px\" \/><\/a>\n\t\t\t<\/dt>\n\t\t\t\t<dd class='wp-caption-text gallery-caption' id='gallery-3-7318'>\n\t\t\t\tPastor Lindon Carlos ministrando a palavra na Igreja ACEV \u00c1gua Grande.\n\t\t\t\t<\/dd><\/dl><dl class='gallery-item'>\n\t\t\t<dt class='gallery-icon landscape'>\n\t\t\t\t<a href='https:\/\/ultimato.com.br\/sites\/paralelo10\/files\/2018\/10\/Valdemar-igreka.jpg#main'><img loading=\"lazy\" decoding=\"async\" width=\"300\" height=\"194\" src=\"https:\/\/ultimato.com.br\/sites\/paralelo10\/files\/2018\/10\/Valdemar-igreka-300x194.jpg\" class=\"attachment-medium size-medium\" alt=\"\" aria-describedby=\"gallery-3-7321\" srcset=\"https:\/\/ultimato.com.br\/sites\/paralelo10\/files\/2018\/10\/Valdemar-igreka-300x194.jpg 300w, https:\/\/ultimato.com.br\/sites\/paralelo10\/files\/2018\/10\/Valdemar-igreka.jpg 400w\" sizes=\"auto, (max-width: 300px) 100vw, 300px\" \/><\/a>\n\t\t\t<\/dt>\n\t\t\t\t<dd class='wp-caption-text gallery-caption' id='gallery-3-7321'>\n\t\t\t\tA igreja foi constru\u00edda em parceria com o projeto \u00c1gua Viva, intermediado pelo Paralelo10.\n\t\t\t\t<\/dd><\/dl><br style=\"clear: both\" \/><dl class='gallery-item'>\n\t\t\t<dt class='gallery-icon landscape'>\n\t\t\t\t<a href='https:\/\/ultimato.com.br\/sites\/paralelo10\/files\/2018\/10\/valdemar-filha.jpg#main'><img loading=\"lazy\" decoding=\"async\" width=\"300\" height=\"205\" src=\"https:\/\/ultimato.com.br\/sites\/paralelo10\/files\/2018\/10\/valdemar-filha-300x205.jpg\" class=\"attachment-medium size-medium\" alt=\"\" aria-describedby=\"gallery-3-7320\" srcset=\"https:\/\/ultimato.com.br\/sites\/paralelo10\/files\/2018\/10\/valdemar-filha-300x205.jpg 300w, https:\/\/ultimato.com.br\/sites\/paralelo10\/files\/2018\/10\/valdemar-filha.jpg 400w\" sizes=\"auto, (max-width: 300px) 100vw, 300px\" \/><\/a>\n\t\t\t<\/dt>\n\t\t\t\t<dd class='wp-caption-text gallery-caption' id='gallery-3-7320'>\n\t\t\t\tValdemar, representante do P10, e sua filha durante o louvo comunit\u00e1rio.\n\t\t\t\t<\/dd><\/dl><dl class='gallery-item'>\n\t\t\t<dt class='gallery-icon landscape'>\n\t\t\t\t<a href='https:\/\/ultimato.com.br\/sites\/paralelo10\/files\/2018\/10\/po\u00e7o-casal-americana.jpg#main'><img loading=\"lazy\" decoding=\"async\" width=\"300\" height=\"225\" src=\"https:\/\/ultimato.com.br\/sites\/paralelo10\/files\/2018\/10\/po\u00e7o-casal-americana-300x225.jpg\" class=\"attachment-medium size-medium\" alt=\"\" aria-describedby=\"gallery-3-7319\" srcset=\"https:\/\/ultimato.com.br\/sites\/paralelo10\/files\/2018\/10\/po\u00e7o-casal-americana-300x225.jpg 300w, https:\/\/ultimato.com.br\/sites\/paralelo10\/files\/2018\/10\/po\u00e7o-casal-americana.jpg 400w\" sizes=\"auto, (max-width: 300px) 100vw, 300px\" \/><\/a>\n\t\t\t<\/dt>\n\t\t\t\t<dd class='wp-caption-text gallery-caption' id='gallery-3-7319'>\n\t\t\t\tPo\u00e7o perfurado com o apoio do casal paulista\n\t\t\t\t<\/dd><\/dl><br style=\"clear: both\" \/><dl class='gallery-item'>\n\t\t\t<dt class='gallery-icon landscape'>\n\t\t\t\t<a href='https:\/\/ultimato.com.br\/sites\/paralelo10\/files\/2018\/10\/casal-de-americana.jpg#main'><img loading=\"lazy\" decoding=\"async\" width=\"300\" height=\"300\" src=\"https:\/\/ultimato.com.br\/sites\/paralelo10\/files\/2018\/10\/casal-de-americana-300x300.jpg\" class=\"attachment-medium size-medium\" alt=\"\" aria-describedby=\"gallery-3-7317\" srcset=\"https:\/\/ultimato.com.br\/sites\/paralelo10\/files\/2018\/10\/casal-de-americana-300x300.jpg 300w, https:\/\/ultimato.com.br\/sites\/paralelo10\/files\/2018\/10\/casal-de-americana-150x150.jpg 150w, https:\/\/ultimato.com.br\/sites\/paralelo10\/files\/2018\/10\/casal-de-americana.jpg 400w\" sizes=\"auto, (max-width: 300px) 100vw, 300px\" \/><\/a>\n\t\t\t<\/dt>\n\t\t\t\t<dd class='wp-caption-text gallery-caption' id='gallery-3-7317'>\n\t\t\t\tUm casal da cidade de Americana (SP) em visita ao irm\u00e3o Valdemar. O casal conheceu Valdemar por meio da revista Ultimato e tem apoiado o trabalho desenvolvido no sert\u00e3o. J\u00e1 \u00e9 a terceira vez que visitam a obra mission\u00e1ria no sert\u00e3o.\n\t\t\t\t<\/dd><\/dl>\n\t\t\t<br style='clear: both' \/>\n\t\t<\/div>\n\n","protected":false},"excerpt":{"rendered":"<p>Pu\u2219xi\u2219rum. De acordo com o Dicion\u00e1rio Informal, puxirum \u00e9 o mesmo que mutir\u00e3o, ou seja, um esfor\u00e7o coletivo para solu\u00e7\u00e3o de uma necessidade, normalmente um dia de esfor\u00e7o. H\u00e1 diversas palavras que remetem ao mesmo significado de puxirum: mutir\u00e3o, grupo de contribui\u00e7\u00e3o, adjut\u00f3rio, ajut\u00f3rio, putirom, putirum, muxir\u00e3o, muxirum, ponxir\u00e3o, putir\u00e3o, muxirom. O Paralelo10 se empenha [&hellip;]<\/p>\n","protected":false},"author":24,"featured_media":0,"comment_status":"open","ping_status":"open","sticky":false,"template":"","format":"standard","meta":{"ngg_post_thumbnail":0,"footnotes":""},"categories":[37360],"tags":[37360],"class_list":["post-7309","post","type-post","status-publish","format-standard","hentry","category-puxirum","tag-puxirum"],"_links":{"self":[{"href":"https:\/\/ultimato.com.br\/sites\/paralelo10\/wp-json\/wp\/v2\/posts\/7309","targetHints":{"allow":["GET"]}}],"collection":[{"href":"https:\/\/ultimato.com.br\/sites\/paralelo10\/wp-json\/wp\/v2\/posts"}],"about":[{"href":"https:\/\/ultimato.com.br\/sites\/paralelo10\/wp-json\/wp\/v2\/types\/post"}],"author":[{"embeddable":true,"href":"https:\/\/ultimato.com.br\/sites\/paralelo10\/wp-json\/wp\/v2\/users\/24"}],"replies":[{"embeddable":true,"href":"https:\/\/ultimato.com.br\/sites\/paralelo10\/wp-json\/wp\/v2\/comments?post=7309"}],"version-history":[{"count":4,"href":"https:\/\/ultimato.com.br\/sites\/paralelo10\/wp-json\/wp\/v2\/posts\/7309\/revisions"}],"predecessor-version":[{"id":7327,"href":"https:\/\/ultimato.com.br\/sites\/paralelo10\/wp-json\/wp\/v2\/posts\/7309\/revisions\/7327"}],"wp:attachment":[{"href":"https:\/\/ultimato.com.br\/sites\/paralelo10\/wp-json\/wp\/v2\/media?parent=7309"}],"wp:term":[{"taxonomy":"category","embeddable":true,"href":"https:\/\/ultimato.com.br\/sites\/paralelo10\/wp-json\/wp\/v2\/categories?post=7309"},{"taxonomy":"post_tag","embeddable":true,"href":"https:\/\/ultimato.com.br\/sites\/paralelo10\/wp-json\/wp\/v2\/tags?post=7309"}],"curies":[{"name":"wp","href":"https:\/\/api.w.org\/{rel}","templated":true}]}}