{"id":7299,"date":"2018-09-21T17:29:58","date_gmt":"2018-09-21T20:29:58","guid":{"rendered":"http:\/\/ultimato.com.br\/sites\/paralelo10\/?p=7299"},"modified":"2018-09-21T17:29:58","modified_gmt":"2018-09-21T20:29:58","slug":"vem-ai-vocare-experience-em-belem-do-para","status":"publish","type":"post","link":"https:\/\/ultimato.com.br\/sites\/paralelo10\/2018\/09\/vem-ai-vocare-experience-em-belem-do-para\/","title":{"rendered":"VEM A\u00cd: Vocare Experience, em Bel\u00e9m do Par\u00e1"},"content":{"rendered":"<p><a href=\"http:\/\/ultimato.com.br\/sites\/paralelo10\/files\/2018\/09\/Vocare-experience-belem-para.jpg\" class=\"lightview\" data-lightview-group=\"group-7299\" data-lightview-options=\"skin: 'dark', controls: 'relative', padding: '10', shadow: { color: '#000000', opacity: 0.08, blur: 3 }\"><img loading=\"lazy\" decoding=\"async\" class=\"alignright wp-image-7300\" src=\"http:\/\/ultimato.com.br\/sites\/paralelo10\/files\/2018\/09\/Vocare-experience-belem-para-300x300.jpg\" alt=\"\" width=\"380\" height=\"380\" srcset=\"https:\/\/ultimato.com.br\/sites\/paralelo10\/files\/2018\/09\/Vocare-experience-belem-para-300x300.jpg 300w, https:\/\/ultimato.com.br\/sites\/paralelo10\/files\/2018\/09\/Vocare-experience-belem-para-150x150.jpg 150w, https:\/\/ultimato.com.br\/sites\/paralelo10\/files\/2018\/09\/Vocare-experience-belem-para.jpg 400w\" sizes=\"auto, (max-width: 380px) 100vw, 380px\" \/><\/a>O Vocare Experience Palavra da Vida Norte \u00e9 uma vis\u00e3o de continuar o movimento Vocare no Brasil. O evento \u00e9 uma excepcional oportunidade de ter uma conversa franca sobre voca\u00e7\u00e3o e desafiar jovens a descobrirem seu chamado e se engajarem no servi\u00e7o de Deus usando seus dons e talentos, como crist\u00e3os, para impactar o mundo com o evangelho de Cristo.<\/p>\n<p><strong>Onde: <\/strong>Palavra da Vida Norte, em Bel\u00e9m do Par\u00e1.<\/p>\n<p><strong>Quando: <\/strong>29 e 30 de setembro.<\/p>\n<h3><strong><a href=\"https:\/\/www.e-inscricao.com\/inscricaopvnorte\/vocxp18\">Inscreva-se agora.<\/a><\/strong><\/h3>\n","protected":false},"excerpt":{"rendered":"<p>O Vocare Experience Palavra da Vida Norte \u00e9 uma vis\u00e3o de continuar o movimento Vocare no Brasil. O evento \u00e9 uma excepcional oportunidade de ter uma conversa franca sobre voca\u00e7\u00e3o e desafiar jovens a descobrirem seu chamado e se engajarem no servi\u00e7o de Deus usando seus dons e talentos, como crist\u00e3os, para impactar o mundo [&hellip;]<\/p>\n","protected":false},"author":24,"featured_media":0,"comment_status":"open","ping_status":"open","sticky":false,"template":"","format":"standard","meta":{"ngg_post_thumbnail":0,"footnotes":""},"categories":[1],"tags":[16636,29869,17283,30854],"class_list":["post-7299","post","type-post","status-publish","format-standard","hentry","category-uncategorized","tag-belem","tag-movimento-vocare","tag-para","tag-vocare-experience"],"_links":{"self":[{"href":"https:\/\/ultimato.com.br\/sites\/paralelo10\/wp-json\/wp\/v2\/posts\/7299","targetHints":{"allow":["GET"]}}],"collection":[{"href":"https:\/\/ultimato.com.br\/sites\/paralelo10\/wp-json\/wp\/v2\/posts"}],"about":[{"href":"https:\/\/ultimato.com.br\/sites\/paralelo10\/wp-json\/wp\/v2\/types\/post"}],"author":[{"embeddable":true,"href":"https:\/\/ultimato.com.br\/sites\/paralelo10\/wp-json\/wp\/v2\/users\/24"}],"replies":[{"embeddable":true,"href":"https:\/\/ultimato.com.br\/sites\/paralelo10\/wp-json\/wp\/v2\/comments?post=7299"}],"version-history":[{"count":2,"href":"https:\/\/ultimato.com.br\/sites\/paralelo10\/wp-json\/wp\/v2\/posts\/7299\/revisions"}],"predecessor-version":[{"id":7302,"href":"https:\/\/ultimato.com.br\/sites\/paralelo10\/wp-json\/wp\/v2\/posts\/7299\/revisions\/7302"}],"wp:attachment":[{"href":"https:\/\/ultimato.com.br\/sites\/paralelo10\/wp-json\/wp\/v2\/media?parent=7299"}],"wp:term":[{"taxonomy":"category","embeddable":true,"href":"https:\/\/ultimato.com.br\/sites\/paralelo10\/wp-json\/wp\/v2\/categories?post=7299"},{"taxonomy":"post_tag","embeddable":true,"href":"https:\/\/ultimato.com.br\/sites\/paralelo10\/wp-json\/wp\/v2\/tags?post=7299"}],"curies":[{"name":"wp","href":"https:\/\/api.w.org\/{rel}","templated":true}]}}