{"id":7279,"date":"2018-09-06T12:46:15","date_gmt":"2018-09-06T15:46:15","guid":{"rendered":"http:\/\/ultimato.com.br\/sites\/paralelo10\/?p=7279"},"modified":"2018-09-06T12:46:15","modified_gmt":"2018-09-06T15:46:15","slug":"como-foi-o-primeiro-encontro-de-lideres-sertanejas","status":"publish","type":"post","link":"https:\/\/ultimato.com.br\/sites\/paralelo10\/2018\/09\/como-foi-o-primeiro-encontro-de-lideres-sertanejas\/","title":{"rendered":"Como foi o primeiro encontro de l\u00edderes sertanejas"},"content":{"rendered":"<h6><span style=\"color: #808000;\"><strong>Por Ray Santana \/ACEV Brasil<\/strong><\/span><\/h6>\n<p><a href=\"http:\/\/ultimato.com.br\/sites\/paralelo10\/files\/2018\/09\/IMG_6766.jpg\" class=\"lightview\" data-lightview-group=\"group-7279\" data-lightview-options=\"skin: 'dark', controls: 'relative', padding: '10', shadow: { color: '#000000', opacity: 0.08, blur: 3 }\"><img loading=\"lazy\" decoding=\"async\" class=\"aligncenter size-full wp-image-7280\" src=\"http:\/\/ultimato.com.br\/sites\/paralelo10\/files\/2018\/09\/IMG_6766.jpg\" alt=\"\" width=\"500\" height=\"204\" srcset=\"https:\/\/ultimato.com.br\/sites\/paralelo10\/files\/2018\/09\/IMG_6766.jpg 500w, https:\/\/ultimato.com.br\/sites\/paralelo10\/files\/2018\/09\/IMG_6766-300x122.jpg 300w\" sizes=\"auto, (max-width: 500px) 100vw, 500px\" \/><\/a><\/p>\n<p>Cerca de noventa mulheres l\u00edderes de dezesseis denomina\u00e7\u00f5es diferentes participaram da 1\u00aa Edi\u00e7\u00e3o do Encontro de L\u00edderes Sertanejas, no sert\u00e3o da Para\u00edba, na Reserva Ecol\u00f3gica Verdes Pastos. Fruto da parceria entre ACEV e Tearfund, com o apoio da Comunidade Atos e da Reserva Ecol\u00f3gica Verdes Pastos.Promovido pela Acev, o evento aconteceu nos dias 17 e 18 de agosto e reuniu participantes de comunidades urbanas e rurais, de 45 lugares diferentes.<\/p>\n<p>A troca de experi\u00eancias entre as participantes marcou o encontro com hist\u00f3rias de perseveran\u00e7a da proclama\u00e7\u00e3o do evangelho por mulheres que ainda enfrentam diariamente o preconceito e o machismo enraizado na regi\u00e3o. Foi poss\u00edvel compartilhar as lutas ministeriais, na fam\u00edlia e na comunidade enfrentadas por cada uma. Noelma Ab\u00edlio Lopes, mission\u00e1ria entre ciganos, espera levar o que foi discutido no evento para as comunidades onde trabalha, como forma de encorajar a transforma\u00e7\u00e3o atrav\u00e9s do evangelho que destaca a import\u00e2ncia do papel da mulher no seu contexto local.&nbsp;\u201cEu sei que ao chegar l\u00e1 eu posso compartilhar essas experi\u00eancias com elas, que podem ser motivadas a buscarem ser diferentes, a confiar mais em Deus e mais em si mesmas, saber que s\u00e3o capazes de ir al\u00e9m da vida que elas vivem hoje\u201d, diz a mission\u00e1ria.<\/p>\n<p>O prop\u00f3sito do encontro foi usar o ambiente de intera\u00e7\u00e3o e descontra\u00e7\u00e3o para intensificar a participa\u00e7\u00e3o das mulheres e atrav\u00e9s disso promover o resgate da identidade, das emo\u00e7\u00f5es e dos sonhos da mulher sertaneja \u00e0 luz da B\u00edblia, fazendo-as compreender o plano de Deus para cada uma delas, resgatando a beleza, sensibilidade, do\u00e7ura e a sua valoriza\u00e7\u00e3o, como uma mulher forte, cheia de garra, mas acima de tudo obediente aos princ\u00edpios crist\u00e3o, como enfatizou a coordenadora do encontro, Fl\u00e1via Pereira dos Santos.<\/p>\n<p><!--more--><\/p>\n<p>Na programa\u00e7\u00e3o, aconteceram rodas de conversas com a mission\u00e1ria Elizete Ryioko, da Igreja Alian\u00e7a Internacional, a pastora Joana D&#8217;arc, da Igreja Nazareno e ex-delegada da mulher em Patos, e a mission\u00e1ria Elaine Ara\u00fajo, da Igreja Independente Independente. Foi um momento de desabafo para as mulheres, onde puderam encontrar conforto e palavras de \u00e2nimo para as diversas situa\u00e7\u00f5es colocadas em discuss\u00e3o. A psic\u00f3loga Francisca Kl\u00f6kner, de Londrina (PR), realizou uma palestra sobre o tema principal: &#8216;Mulher macho? N\u00e3o sinh\u00f4!&#8217;, e o louvor regional foi ministrado pela mission\u00e1ria da ACEV Campina Grande \u2013 Catol\u00e9, Gleydice Belchior.<\/p>\n<p>\u201cFica a certeza, a alegria e motiva\u00e7\u00e3o de que o Encontro resultou em uma transforma\u00e7\u00e3o de pensamento, externado na \u00e2nsia por novas atitudes de vidas restauradas e sonhos renovados\u201d, afirmou Fl\u00e1via.&nbsp;<\/p>\n<p>Rodas de conversa ainda devem acontecer nas igrejas locais, abordando os temas presente no encontro, dessa vez contando com a participa\u00e7\u00e3o dos homens nas discuss\u00f5es.&nbsp;<\/p>\n","protected":false},"excerpt":{"rendered":"<p>Por Ray Santana \/ACEV Brasil Cerca de noventa mulheres l\u00edderes de dezesseis denomina\u00e7\u00f5es diferentes participaram da 1\u00aa Edi\u00e7\u00e3o do Encontro de L\u00edderes Sertanejas, no sert\u00e3o da Para\u00edba, na Reserva Ecol\u00f3gica Verdes Pastos. Fruto da parceria entre ACEV e Tearfund, com o apoio da Comunidade Atos e da Reserva Ecol\u00f3gica Verdes Pastos.Promovido pela Acev, o evento [&hellip;]<\/p>\n","protected":false},"author":24,"featured_media":0,"comment_status":"open","ping_status":"open","sticky":false,"template":"","format":"standard","meta":{"ngg_post_thumbnail":0,"footnotes":""},"categories":[7],"tags":[65,5780,37357,94,37],"class_list":["post-7279","post","type-post","status-publish","format-standard","hentry","category-noticias","tag-acev","tag-mulheres","tag-sertanejas","tag-sertao","tag-tearfund"],"_links":{"self":[{"href":"https:\/\/ultimato.com.br\/sites\/paralelo10\/wp-json\/wp\/v2\/posts\/7279","targetHints":{"allow":["GET"]}}],"collection":[{"href":"https:\/\/ultimato.com.br\/sites\/paralelo10\/wp-json\/wp\/v2\/posts"}],"about":[{"href":"https:\/\/ultimato.com.br\/sites\/paralelo10\/wp-json\/wp\/v2\/types\/post"}],"author":[{"embeddable":true,"href":"https:\/\/ultimato.com.br\/sites\/paralelo10\/wp-json\/wp\/v2\/users\/24"}],"replies":[{"embeddable":true,"href":"https:\/\/ultimato.com.br\/sites\/paralelo10\/wp-json\/wp\/v2\/comments?post=7279"}],"version-history":[{"count":2,"href":"https:\/\/ultimato.com.br\/sites\/paralelo10\/wp-json\/wp\/v2\/posts\/7279\/revisions"}],"predecessor-version":[{"id":7282,"href":"https:\/\/ultimato.com.br\/sites\/paralelo10\/wp-json\/wp\/v2\/posts\/7279\/revisions\/7282"}],"wp:attachment":[{"href":"https:\/\/ultimato.com.br\/sites\/paralelo10\/wp-json\/wp\/v2\/media?parent=7279"}],"wp:term":[{"taxonomy":"category","embeddable":true,"href":"https:\/\/ultimato.com.br\/sites\/paralelo10\/wp-json\/wp\/v2\/categories?post=7279"},{"taxonomy":"post_tag","embeddable":true,"href":"https:\/\/ultimato.com.br\/sites\/paralelo10\/wp-json\/wp\/v2\/tags?post=7279"}],"curies":[{"name":"wp","href":"https:\/\/api.w.org\/{rel}","templated":true}]}}