{"id":7121,"date":"2018-05-28T08:27:24","date_gmt":"2018-05-28T11:27:24","guid":{"rendered":"http:\/\/ultimato.com.br\/sites\/paralelo10\/?p=7121"},"modified":"2018-05-28T08:34:16","modified_gmt":"2018-05-28T11:34:16","slug":"ha-10-anos-construindo-pontes-e-fazendo-conexoes","status":"publish","type":"post","link":"https:\/\/ultimato.com.br\/sites\/paralelo10\/2018\/05\/ha-10-anos-construindo-pontes-e-fazendo-conexoes\/","title":{"rendered":"H\u00e1 dez anos construindo pontes e fazendo conex\u00f5es"},"content":{"rendered":"<p><img loading=\"lazy\" decoding=\"async\" class=\"alignright wp-image-7123 size-medium\" src=\"http:\/\/ultimato.com.br\/sites\/paralelo10\/files\/2018\/05\/P10_28_05_18_ponte-300x200.jpg\" alt=\"\" width=\"300\" height=\"200\" srcset=\"https:\/\/ultimato.com.br\/sites\/paralelo10\/files\/2018\/05\/P10_28_05_18_ponte-300x200.jpg 300w, https:\/\/ultimato.com.br\/sites\/paralelo10\/files\/2018\/05\/P10_28_05_18_ponte.jpg 600w\" sizes=\"auto, (max-width: 300px) 100vw, 300px\" \/><\/p>\n<h5><strong><span style=\"color: #808000;\">CELEBRA\u00c7\u00c3O DOS 10 ANOS DO PARALELO 10<\/span><\/strong><\/h5>\n<p><span style=\"color: #333333;\"><em>Por Phelipe Reis<\/em><\/span><\/p>\n<p>Nasci em uma ilha no interior do Amazonas, chamada popularmente de ilha das Cotias. Aos seis anos minha fam\u00edlia mudou-se para outra ilha, no mesmo estado. Quando falo isso, algumas pessoas com imagina\u00e7\u00e3o f\u00e9rtil podem visualizar aquelas ilhas de desenhos animados: uma por\u00e7\u00e3o de terra com umas poucas casas de palha, rodeada por animais, \u00e0 sombra de coqueiros, com \u00e1gua cristalina a uns cinquenta metros de dist\u00e2ncia. Claro que n\u00e3o era assim, mas para mim que cresci no contexto amaz\u00f4nico, onde as estradas s\u00e3o os rios, lagos e igarap\u00e9s, era bem comum me sentir ilhado e isolado do restante do meu pa\u00eds e do mundo. Por causa de tudo isso, pontes t\u00eam para mim um profundo significado, pois ligam n\u00e3o s\u00f3 um lugar a outro, ligam tamb\u00e9m pessoas, hist\u00f3rias e sonhos.<\/p>\n<div id=\"attachment_7124\" style=\"width: 310px\" class=\"wp-caption alignright\"><img loading=\"lazy\" decoding=\"async\" aria-describedby=\"caption-attachment-7124\" class=\"wp-image-7124 size-medium\" src=\"http:\/\/ultimato.com.br\/sites\/paralelo10\/files\/2018\/05\/ph-representante-300x225.jpg\" alt=\"\" width=\"300\" height=\"225\" srcset=\"https:\/\/ultimato.com.br\/sites\/paralelo10\/files\/2018\/05\/ph-representante-300x225.jpg 300w, https:\/\/ultimato.com.br\/sites\/paralelo10\/files\/2018\/05\/ph-representante.jpg 600w\" sizes=\"auto, (max-width: 300px) 100vw, 300px\" \/><p id=\"caption-attachment-7124\" class=\"wp-caption-text\">Grupo de jovens beneficiados pelo Paralelo 10 em Parintins (AM)<\/p><\/div>\n<p>Lembro que quando conheci o blog <strong>Paralelo 10<\/strong> e o portal <strong>Ultimato<\/strong>, fiquei maravilhado por poder acessar tanto conte\u00fado relevante e recursos variados, tudo dispon\u00edvel gratuitamente. O valor disso talvez n\u00e3o seja percebido por algumas pessoas, principalmente por aquelas que nasceram em centros urbanos ou nas grandes capitais e tem condi\u00e7\u00f5es de ir \u00e0 livraria mais pr\u00f3xima e adquirir o livro que quiser, ou com apenas um clique pode acessar uma loja online, pagar a baixar uma infinidade de conte\u00fado. Para tantos que, como eu, dependiam de um sinal de internet prec\u00e1rio e limitado e do lento servi\u00e7o dos Correios, que ficava mais lento ainda porque as correspond\u00eancias vinham de barco, o Paralelo 10 se tornou uma grande e importante ponte.<\/p>\n<p><!--more--><\/p>\n<p>Uma ponte que me mostrou um universo de a\u00e7\u00f5es e projetos de pessoas engajados em sinalizar e demonstrar o reino de Deus nos rinc\u00f5es do sert\u00e3o e nos beirad\u00f5es da Amaz\u00f4nia. N\u00e3o s\u00f3 me mostrou, mas me conectou com essas pessoas, aumentando meu desejo de servir ao Senhor e ser um agente de transforma\u00e7\u00e3o em minha comunidade. Foi assim que me tornei um representante do projeto Paralelo 10, a partir da conex\u00e3o feita por uma amiga do Amazonas, que conheceu o projeto em Vi\u00e7osa, MG, enquanto estudou no Centro Evang\u00e9lico de Miss\u00f5es (CEM).<\/p>\n<h4><strong>Construindo pontes e igrejas<\/strong><\/h4>\n<p>Outro exemplo de conex\u00f5es proporcionadas pelo Paralelo 10 tem a ver com a hist\u00f3ria de um casal da cidade de Americana, SP, e um paraibano da cidade de Mana\u00edra. Tudo come\u00e7ou com um an\u00fancio na revista <a href=\"http:\/\/www.ultimato.com.br\/revista\/\"><strong>Ultimato<\/strong><\/a> divulgando uma iniciativa do Projeto \u00c1gua Viva, que tinha como objetivo ajudar na constru\u00e7\u00e3o de templos no sert\u00e3o nordestino. Valdemar Vieira, representante do Paralelo 10, recebeu a revista e ficou sabendo desta iniciativa. Com a ajuda do projeto \u00c1gua Viva, Valdemar construiu um templo em sua comunidade. Depois disso, o tal casal de Americana, viu a not\u00edcia na revista Ultimato e se voluntariaram para ajudar Valdemar financeiramente na constru\u00e7\u00e3o de um po\u00e7o. Al\u00e9m disso, foram at\u00e9 o interior da Para\u00edba visitar o irm\u00e3o. <em><a href=\"http:\/\/ultimato.com.br\/sites\/paralelo10\/2015\/03\/construindo-pontes-e-igrejas-no-sertao\/\">Leia mais &gt;&gt;&gt;<\/a><\/em><\/p>\n<blockquote><p><strong>A gratid\u00e3o de Valdemar<\/strong><\/p>\n<div id=\"attachment_7126\" style=\"width: 310px\" class=\"wp-caption alignright\"><img loading=\"lazy\" decoding=\"async\" aria-describedby=\"caption-attachment-7126\" class=\"wp-image-7126 size-medium\" src=\"http:\/\/ultimato.com.br\/sites\/paralelo10\/files\/2018\/05\/Valdemar-300x225.jpg\" alt=\"\" width=\"300\" height=\"225\" srcset=\"https:\/\/ultimato.com.br\/sites\/paralelo10\/files\/2018\/05\/Valdemar-300x225.jpg 300w, https:\/\/ultimato.com.br\/sites\/paralelo10\/files\/2018\/05\/Valdemar.jpg 499w\" sizes=\"auto, (max-width: 300px) 100vw, 300px\" \/><p id=\"caption-attachment-7126\" class=\"wp-caption-text\">Valdemar, representante do Paralelo 10, em frente \u00e0 igreja que construiu com as pr\u00f3prias m\u00e3os<\/p><\/div>\n<p>Tenho muito a agradecer a Deus pela vida de voc\u00eas e por ter sido alcan\u00e7ado por Jesus. Moro em uma regi\u00e3o dif\u00edcil, Caro\u00e1, em Mana\u00edra (PB). Dirijo uma congrega\u00e7\u00e3o que fica a 12 km de onde moro. Nesta \u00e9poca do ano, l\u00e1 s\u00f3 roda moto. N\u00e3o tem estrada, mas louvo a Deus porque posso fazer isto para gl\u00f3ria de Deus. N\u00e3o sou patrocinado. O meu patroc\u00ednio tem sido a Ultimato, com a revista e um livro que recebo anualmente. Este material (e, claro, Deus em primeiro lugar acima de tudo) tem me encorajado a viver um Evangelho integral. Obrigado! N\u00e3o se cansem de mandar material para mim. Tenho lido tudo e repassado para outras pessoas.<\/p>\n<p>Deus os aben\u00e7oe!<\/p>\n<p>Um abra\u00e7o.<\/p><\/blockquote>\n<p><a href=\"http:\/\/ultimato.com.br\/sites\/paralelo10\/2017\/12\/no-norte-e-nordeste-a-semeadura-continua\/\">Clique aqui<\/a> e veja outros exemplos de como o <strong>Paralelo 10<\/strong> cria pontes entre gente de todo o Brasil, conecta sonhos e hist\u00f3rias de homens e mulheres, do norte e nordeste, que se empenham para serem agentes de transforma\u00e7\u00e3o, sinalizando assim o evangelho integral do reino de Deus.<\/p>\n<p><a href=\"http:\/\/ultimato.com.br\/sites\/paralelo10\/2018\/05\/ha-dez-anos-edificando-a-igreja-do-norte-e-nordeste-com-conteudo-relevante\/\"><em>&gt;&gt;&gt; Leia mais sobre a celebra\u00e7\u00e3o dos 10 anos do Paralelo 10.<\/em><\/a><\/p>\n<p><strong>\u2022 Phelipe Reis<\/strong> \u00e9 amazonense, mission\u00e1rio e jornalista. Casado com Lu\u00edze e pai da Elis. Foi representante do Paralelo10 em Parintins (AM) durante um ano. Tamb\u00e9m foi beneficiado pelo projeto para participar do 7\u00ba Congresso Brasileiro de Miss\u00f5es (CBM), em 2014. Atualmente \u00e9 editor do blog P10.<\/p>\n","protected":false},"excerpt":{"rendered":"<p>CELEBRA\u00c7\u00c3O DOS 10 ANOS DO PARALELO 10 Por Phelipe Reis Nasci em uma ilha no interior do Amazonas, chamada popularmente de ilha das Cotias. Aos seis anos minha fam\u00edlia mudou-se para outra ilha, no mesmo estado. Quando falo isso, algumas pessoas com imagina\u00e7\u00e3o f\u00e9rtil podem visualizar aquelas ilhas de desenhos animados: uma por\u00e7\u00e3o de terra [&hellip;]<\/p>\n","protected":false},"author":24,"featured_media":0,"comment_status":"open","ping_status":"open","sticky":false,"template":"","format":"standard","meta":{"ngg_post_thumbnail":0,"footnotes":""},"categories":[6,7],"tags":[37350,155,24557,37351],"class_list":["post-7121","post","type-post","status-publish","format-standard","hentry","category-bom-tempero","category-noticias","tag-10-ano-p10","tag-aniversario","tag-conexoes","tag-pontes"],"_links":{"self":[{"href":"https:\/\/ultimato.com.br\/sites\/paralelo10\/wp-json\/wp\/v2\/posts\/7121","targetHints":{"allow":["GET"]}}],"collection":[{"href":"https:\/\/ultimato.com.br\/sites\/paralelo10\/wp-json\/wp\/v2\/posts"}],"about":[{"href":"https:\/\/ultimato.com.br\/sites\/paralelo10\/wp-json\/wp\/v2\/types\/post"}],"author":[{"embeddable":true,"href":"https:\/\/ultimato.com.br\/sites\/paralelo10\/wp-json\/wp\/v2\/users\/24"}],"replies":[{"embeddable":true,"href":"https:\/\/ultimato.com.br\/sites\/paralelo10\/wp-json\/wp\/v2\/comments?post=7121"}],"version-history":[{"count":11,"href":"https:\/\/ultimato.com.br\/sites\/paralelo10\/wp-json\/wp\/v2\/posts\/7121\/revisions"}],"predecessor-version":[{"id":7139,"href":"https:\/\/ultimato.com.br\/sites\/paralelo10\/wp-json\/wp\/v2\/posts\/7121\/revisions\/7139"}],"wp:attachment":[{"href":"https:\/\/ultimato.com.br\/sites\/paralelo10\/wp-json\/wp\/v2\/media?parent=7121"}],"wp:term":[{"taxonomy":"category","embeddable":true,"href":"https:\/\/ultimato.com.br\/sites\/paralelo10\/wp-json\/wp\/v2\/categories?post=7121"},{"taxonomy":"post_tag","embeddable":true,"href":"https:\/\/ultimato.com.br\/sites\/paralelo10\/wp-json\/wp\/v2\/tags?post=7121"}],"curies":[{"name":"wp","href":"https:\/\/api.w.org\/{rel}","templated":true}]}}