{"id":6989,"date":"2018-03-27T12:36:26","date_gmt":"2018-03-27T15:36:26","guid":{"rendered":"http:\/\/ultimato.com.br\/sites\/paralelo10\/?p=6989"},"modified":"2018-03-29T09:03:24","modified_gmt":"2018-03-29T12:03:24","slug":"oportunidades-missionarias-no-norte-e-nordeste-para-o-segundo-semestre-de-2018","status":"publish","type":"post","link":"https:\/\/ultimato.com.br\/sites\/paralelo10\/2018\/03\/oportunidades-missionarias-no-norte-e-nordeste-para-o-segundo-semestre-de-2018\/","title":{"rendered":"Oportunidades mission\u00e1rias no norte e nordeste para o segundo semestre de 2018"},"content":{"rendered":"<h3><strong>Projeto Ide 50+<\/strong><\/h3>\n<div id=\"attachment_6944\" style=\"width: 310px\" class=\"wp-caption alignright\"><img loading=\"lazy\" decoding=\"async\" aria-describedby=\"caption-attachment-6944\" class=\"size-medium wp-image-6944\" src=\"http:\/\/ultimato.com.br\/sites\/paralelo10\/files\/2018\/03\/P10_07_03_18_projeto50-asas-300x260.jpg\" alt=\"\" width=\"300\" height=\"260\" srcset=\"https:\/\/ultimato.com.br\/sites\/paralelo10\/files\/2018\/03\/P10_07_03_18_projeto50-asas-300x260.jpg 300w, https:\/\/ultimato.com.br\/sites\/paralelo10\/files\/2018\/03\/P10_07_03_18_projeto50-asas.jpg 380w\" sizes=\"auto, (max-width: 300px) 100vw, 300px\" \/><p id=\"caption-attachment-6944\" class=\"wp-caption-text\">Foto: Divulga\u00e7\u00e3o\/Asas de Socorro<\/p><\/div>\n<p>Asas de Socorro convida pessoas acima de cinquenta anos para participar do projeto Ide 50+, uma viagem mission\u00e1ria pela Amaz\u00f4nia exclusiva para pessoas dessa faixa et\u00e1ria, com in\u00edcio dia 26 de maio e t\u00e9rmino dia 1\u00ba de junho desse ano.<\/p>\n<p>Al\u00e9m de oferecer aos participantes a oportunidade de fazer novos amigos e estar com irm\u00e3os e irm\u00e3s na f\u00e9 de diversas partes do pa\u00eds, o projeto tem como objetivo maior levar o evangelho a pessoas que vivem em comunidades ribeirinhas isoladas.<\/p>\n<p>De acordo com a organiza\u00e7\u00e3o, para completar a equipe t\u00e9cnica ainda h\u00e1 necessidade de um (1) m\u00e9dico, um (1) psic\u00f3logo, um (1) fisioterapeuta, um (1) nutricionista e um (1) assistente social.<\/p>\n<p>O que: Projeto Ide 50+.<br \/>\nOnde: Amazonas.<br \/>\nQuando: De 26 de maio a 1\u00ba de junho de 2018.<br \/>\n<strong><a href=\"http:\/\/asasdesocorro.org.br\/projeto-ide-50-.html\">Clique aqui<\/a> e saiba mais.<\/strong><\/p>\n<hr \/>\n<h3><strong>Impacto Sert\u00e3o Livre<\/strong><\/h3>\n<p><img loading=\"lazy\" decoding=\"async\" class=\"alignright size-medium wp-image-6993\" src=\"http:\/\/ultimato.com.br\/sites\/paralelo10\/files\/2018\/03\/Projeto-sertao-livre-300x197.jpg\" alt=\"\" width=\"300\" height=\"197\" srcset=\"https:\/\/ultimato.com.br\/sites\/paralelo10\/files\/2018\/03\/Projeto-sertao-livre-300x197.jpg 300w, https:\/\/ultimato.com.br\/sites\/paralelo10\/files\/2018\/03\/Projeto-sertao-livre.jpg 380w\" sizes=\"auto, (max-width: 300px) 100vw, 300px\" \/>\u00c9 uma mobiliza\u00e7\u00e3o mission\u00e1ria realizada pelo Instituto Livre Ser, com o apoio de minist\u00e9rios parceiros que t\u00eam atuado no sert\u00e3o nordestino. Os impactos evangel\u00edsticos acontecem nos meses de janeiro e julho, duram cerca de 10 dias, e re\u00fanem centenas de volunt\u00e1rios vindos de diversas partes do Brasil.<\/p>\n<p>A mobiliza\u00e7\u00e3o em prol do semi\u00e1rido nordestino surgiu da constata\u00e7\u00e3o da car\u00eancia desse povo, n\u00e3o apenas de condi\u00e7\u00f5es b\u00e1sicas para a manuten\u00e7\u00e3o da dignidade humana, mas carente, tamb\u00e9m, do conhecimento da esperan\u00e7a eterna encontrada em Cristo Jesus.<\/p>\n<p>As vagas s\u00e3o limitadas.<\/p>\n<p>O que: 12\u00aa Edi\u00e7\u00e3o do Impacto Sert\u00e3o Livre.<br \/>\nQuando: de 18 a 28 de julho de 2018.<br \/>\nOnde: Massap\u00ea do Piau\u00ed, Piau\u00ed.<br \/>\n<strong><a href=\"http:\/\/sertaolivre.org.br\/\">Clique aqui<\/a> e saiba mais.<\/strong><\/p>\n<hr \/>\n<p><!--more--><\/p>\n<h3><strong>Projeto Puxirum na Amaz\u00f4nia<\/strong><\/h3>\n<p><img loading=\"lazy\" decoding=\"async\" class=\"alignright size-medium wp-image-6992\" src=\"http:\/\/ultimato.com.br\/sites\/paralelo10\/files\/2018\/03\/Projeto-ide-2018-asas-300x184.jpg\" alt=\"\" width=\"300\" height=\"184\" srcset=\"https:\/\/ultimato.com.br\/sites\/paralelo10\/files\/2018\/03\/Projeto-ide-2018-asas-300x184.jpg 300w, https:\/\/ultimato.com.br\/sites\/paralelo10\/files\/2018\/03\/Projeto-ide-2018-asas.jpg 380w\" sizes=\"auto, (max-width: 300px) 100vw, 300px\" \/>Asas de Socorro convida pessoas de 16 a 40 anos para um Puxirum na Amaz\u00f4nia, no per\u00edodo de 8 a 17 de julho de 2018. Puxirum em &#8220;tupi\u201d significa um esfor\u00e7o coletivo para solu\u00e7\u00e3o de uma necessidade\/mutir\u00e3o. O projeto consiste em uma viagem saindo de Manaus, pelo Rio Solim\u00f5es, at\u00e9 a comunidade de S\u00e3o Jos\u00e9 do Araras (AM), com o objetivo de compartilhar o evangelho com outros jovens ribeirinhos.<\/p>\n<p>De acordo com a organiza\u00e7\u00e3o, os participantes precisam ter uma mobilidade razo\u00e1vel para subir escadas e andar na comunidade, disposi\u00e7\u00e3o f\u00edsica e muito interesse em servir. A coordena\u00e7\u00e3o alerta aos interessados que n\u00e3o se trata de uma viagem de turismo, e sim mission\u00e1ria. \u201cEmbora nosso cronograma inclua lindas paisagens e momentos de lazer, nosso foco principal \u00e9 servir as pessoas das comunidades e lev\u00e1-las at\u00e9 Cristo, por isso, nos adaptaremos \u00e0s realidades e estruturas de cada local\u201d, ressalta.<\/p>\n<p><strong><span style=\"color: #ff0000;\">As vagas est\u00e3o esgotadas<\/span><\/strong>, mas os interessados podem inserir seus nomes em uma lista de espera, para casos de desist\u00eancias.<\/p>\n<p>O que: Projeto Puxirum.<br \/>\nOnde: Amaz\u00f4nia.<br \/>\nQuando: De 8 a 17 de julho de 2018.<br \/>\n<strong><a href=\"http:\/\/asasdesocorro.org.br\/ide-puxirum-2018.html\">Clique aqui<\/a> e saiba mais.<\/strong><\/p>\n<hr \/>\n<h3><strong>Viagens com o barco \u201cO Mission\u00e1rio\u201d<\/strong><\/h3>\n<p><img loading=\"lazy\" decoding=\"async\" class=\"alignright size-medium wp-image-6991\" src=\"http:\/\/ultimato.com.br\/sites\/paralelo10\/files\/2018\/03\/Barco-o-missionario-2-300x194.jpg\" alt=\"\" width=\"300\" height=\"194\" srcset=\"https:\/\/ultimato.com.br\/sites\/paralelo10\/files\/2018\/03\/Barco-o-missionario-2-300x194.jpg 300w, https:\/\/ultimato.com.br\/sites\/paralelo10\/files\/2018\/03\/Barco-o-missionario-2.jpg 380w\" sizes=\"auto, (max-width: 300px) 100vw, 300px\" \/>A Junta de Miss\u00f5es Nacionais da Conven\u00e7\u00e3o Batista Brasileira tem v\u00e1rias oportunidades para viagens mission\u00e1rias na Amaz\u00f4nia no decorrer de 2018. H\u00e1 viagens voltadas para pastores, viagem espec\u00edfica para profissionais em sa\u00fade e uma viagem para o p\u00fablico em geral.<\/p>\n<p><strong>Viagem para pastores<\/strong>: <a href=\"https:\/\/www.e-inscricao.com\/jmn-cbb\/2viagempastoreses\">10 a 17 de abril<\/a>; <a href=\"https:\/\/www.e-inscricao.com\/jmn-cbb\/1viagempastoressp\">12 a 19 de maio<\/a>; e <a href=\"https:\/\/www.e-inscricao.com\/jmn-cbb\/4viagempastoresrj\">20 a 27 de junho<\/a>.<\/p>\n<p><a href=\"https:\/\/www.e-inscricao.com\/jmn-cbb\/missoessaudeamazoniaago2018\/enrollments\/new\"><strong>Miss\u00f5es Sa\u00fade<\/strong>: 28 de agosto a 4 de setembro<\/a>.<\/p>\n<p><a href=\"https:\/\/www.e-inscricao.com\/jmn-cbb\/lideresmultiplique\"><strong>Caravana Multiplique<\/strong>: 20 a 27 de setembro<\/a>.<\/p>\n<p><strong><a href=\"https:\/\/www.e-inscricao.com\/jmn-cbb\">Clique aqui<\/a> e veja todas as oportunidades.<\/strong><\/p>\n<hr \/>\n<h3><strong>Viagem Mission\u00e1ria aos Ribeirinhos \u2013 STBL<\/strong><\/h3>\n<p><img loading=\"lazy\" decoding=\"async\" class=\"alignright size-medium wp-image-7006\" src=\"http:\/\/ultimato.com.br\/sites\/paralelo10\/files\/2018\/03\/Logo-STBL-300x170.png\" alt=\"\" width=\"300\" height=\"170\" srcset=\"https:\/\/ultimato.com.br\/sites\/paralelo10\/files\/2018\/03\/Logo-STBL-300x170.png 300w, https:\/\/ultimato.com.br\/sites\/paralelo10\/files\/2018\/03\/Logo-STBL-768x435.png 768w, https:\/\/ultimato.com.br\/sites\/paralelo10\/files\/2018\/03\/Logo-STBL-1024x580.png 1024w, https:\/\/ultimato.com.br\/sites\/paralelo10\/files\/2018\/03\/Logo-STBL-732x415.png 732w, https:\/\/ultimato.com.br\/sites\/paralelo10\/files\/2018\/03\/Logo-STBL-1140x646.png 1140w, https:\/\/ultimato.com.br\/sites\/paralelo10\/files\/2018\/03\/Logo-STBL.png 1491w\" sizes=\"auto, (max-width: 300px) 100vw, 300px\" \/>O Semin\u00e1rio Teol\u00f3gico Batista do Litoral (STBL) est\u00e1 organizando uma <a href=\"https:\/\/www.stblitoral.com.br\/viagem-missionaria-aos-ribeirinhos\/\">viagem mission\u00e1ria para a comunidade ribeirinha Santo Ant\u00f4nio do Tracaj\u00e1<\/a>, localizada no estado do Amazonas. A viagem acontecer\u00e1 no per\u00edodo de 12 a 20 de julho de 2018, em parceria com Amazon Vida e a Primeira Igreja Batista de Parintins.<\/p>\n<p>De acordo com o pastor Felix Albuquerque, um dos colaboradores da organiza\u00e7\u00e3o do projeto, outros grupos que participam das viagens sempre ficam hospedados em hot\u00e9is ou barcos, indo somente durante um per\u00edodo do dia para servir \u00e0 comunidade. Mas desta vez ser\u00e1 diferente, pois os participantes ficar\u00e3o hospedados na pr\u00f3pria comunidade, experimentando o cotidiano da popula\u00e7\u00e3o ribeirinha.<\/p>\n<p>O reitor do STBL, Dilean Melo, afirmou que o objetivo \u00e9 oferecer aos participantes a oportunidade de se tornar ribeirinho por uma semana, servindo \u00e0 comunidade nas mais diversas formas e oportunidades.<\/p>\n<p><span style=\"color: #ff0000;\">As vinte vagas para o projeto j\u00e1 esgotaram<\/span>, mas h\u00e1 lista de espera. Interessados podem entrar em contato pelo e-mail: <a href=\"mailto:secretaria@stblitoral.com.br\" target=\"_blank\" rel=\"noopener\">secretaria@stblitoral.com.br<\/a>.<\/p>\n<p>Quando: de 12 a 20 de julho.<br \/>\nOnde: Santo Ant\u00f4nio do Tracaj\u00e1 \u2013&nbsp;Parintins, Amazonas.<br \/>\nRealiza\u00e7\u00e3o: <a href=\"https:\/\/www.stblitoral.com.br\/viagem-missionaria-aos-ribeirinhos\/\">STBL<\/a> e Amazon Vida.<\/p>\n","protected":false},"excerpt":{"rendered":"<p>Projeto Ide 50+ Asas de Socorro convida pessoas acima de cinquenta anos para participar do projeto Ide 50+, uma viagem mission\u00e1ria pela Amaz\u00f4nia exclusiva para pessoas dessa faixa et\u00e1ria, com in\u00edcio dia 26 de maio e t\u00e9rmino dia 1\u00ba de junho desse ano. Al\u00e9m de oferecer aos participantes a oportunidade de fazer novos amigos e [&hellip;]<\/p>\n","protected":false},"author":24,"featured_media":0,"comment_status":"open","ping_status":"open","sticky":false,"template":"","format":"standard","meta":{"ngg_post_thumbnail":0,"footnotes":""},"categories":[6],"tags":[77,176,80,34,122,5816,94,6093],"class_list":["post-6989","post","type-post","status-publish","format-standard","hentry","category-bom-tempero","tag-amazonia","tag-evangelismo","tag-missoes","tag-nordeste","tag-norte","tag-oportunidades","tag-sertao","tag-viagens"],"_links":{"self":[{"href":"https:\/\/ultimato.com.br\/sites\/paralelo10\/wp-json\/wp\/v2\/posts\/6989","targetHints":{"allow":["GET"]}}],"collection":[{"href":"https:\/\/ultimato.com.br\/sites\/paralelo10\/wp-json\/wp\/v2\/posts"}],"about":[{"href":"https:\/\/ultimato.com.br\/sites\/paralelo10\/wp-json\/wp\/v2\/types\/post"}],"author":[{"embeddable":true,"href":"https:\/\/ultimato.com.br\/sites\/paralelo10\/wp-json\/wp\/v2\/users\/24"}],"replies":[{"embeddable":true,"href":"https:\/\/ultimato.com.br\/sites\/paralelo10\/wp-json\/wp\/v2\/comments?post=6989"}],"version-history":[{"count":6,"href":"https:\/\/ultimato.com.br\/sites\/paralelo10\/wp-json\/wp\/v2\/posts\/6989\/revisions"}],"predecessor-version":[{"id":7007,"href":"https:\/\/ultimato.com.br\/sites\/paralelo10\/wp-json\/wp\/v2\/posts\/6989\/revisions\/7007"}],"wp:attachment":[{"href":"https:\/\/ultimato.com.br\/sites\/paralelo10\/wp-json\/wp\/v2\/media?parent=6989"}],"wp:term":[{"taxonomy":"category","embeddable":true,"href":"https:\/\/ultimato.com.br\/sites\/paralelo10\/wp-json\/wp\/v2\/categories?post=6989"},{"taxonomy":"post_tag","embeddable":true,"href":"https:\/\/ultimato.com.br\/sites\/paralelo10\/wp-json\/wp\/v2\/tags?post=6989"}],"curies":[{"name":"wp","href":"https:\/\/api.w.org\/{rel}","templated":true}]}}