{"id":6745,"date":"2017-12-26T07:15:33","date_gmt":"2017-12-26T10:15:33","guid":{"rendered":"http:\/\/ultimato.com.br\/sites\/paralelo10\/?p=6745"},"modified":"2017-12-22T10:19:37","modified_gmt":"2017-12-22T13:19:37","slug":"o-carater-do-cordeiro","status":"publish","type":"post","link":"https:\/\/ultimato.com.br\/sites\/paralelo10\/2017\/12\/o-carater-do-cordeiro\/","title":{"rendered":"O car\u00e1ter do Cordeiro"},"content":{"rendered":"<h6><strong><span style=\"color: #808000;\">Por J\u00e9nerson Alves<\/span><\/strong><\/h6>\n<p><img loading=\"lazy\" decoding=\"async\" class=\"alignright size-full wp-image-6747\" src=\"http:\/\/ultimato.com.br\/sites\/paralelo10\/files\/2017\/12\/P10_25_12_17_cordeiro-natal.jpg\" alt=\"\" width=\"300\" height=\"200\"\/>Eu li na B\u00edblia Sagrada<br \/>\nQue Deus disse a Abra\u00e3o:<br \/>\n\u201cPegue o teu filho e o leve<br \/>\nPara outra regi\u00e3o.<br \/>\nTu deves sacrific\u00e1-lo<br \/>\nEm sinal de adora\u00e7\u00e3o\u201d.<\/p>\n<p>Recebendo a instru\u00e7\u00e3o,<br \/>\nFoi ao Monte Mori\u00e1.<br \/>\nRachou lenha, acendeu fogo,<br \/>\nLevou o filho pra l\u00e1<br \/>\nE o menino perguntou:<br \/>\n\u201cO cordeiro, onde \u00e9 que est\u00e1?\u201d<\/p>\n<p>\u201cMeu filho, Deus prover\u00e1\u201d,<br \/>\nRespondeu o genitor.<br \/>\nFez um altar, p\u00f4s a lenha,<br \/>\nQuase chorando de dor,<br \/>\nAmarrou o filho nele<br \/>\nComo oferta ao Criador.<\/p>\n<p>Mas um anjo do Senhor<br \/>\nDo c\u00e9u gritou: \u201cAbra\u00e3o,<br \/>\nN\u00e3o toques mais no rapaz!<br \/>\nPois Deus viu teu cora\u00e7\u00e3o<br \/>\nE da tua fidelidade<br \/>\nOs povos se lembrar\u00e3o\u201d.<\/p>\n<p><!--more--><\/p>\n<p>Ao ler essa narra\u00e7\u00e3o,<br \/>\nEu fiquei me perguntando:<br \/>\n\u201cPor que o Senhor fez isso?<br \/>\nFoi pra ficar assustando?<br \/>\nQuis enganar o Seu povo?<br \/>\nOu s\u00f3 estava brincando?\u201d<\/p>\n<p>Algu\u00e9m me disse que quando<br \/>\nHouve esse fato, esse enfoque,<br \/>\nOs pag\u00e3os tinham uma pr\u00e1tica<br \/>\nQue ao escutar tive um choque:<br \/>\nOs pais queimavam seus filhos<br \/>\nEm sacrif\u00edcio a Moloque.<\/p>\n<p>O Senhor deu esse toque<br \/>\nPra mostrar ao pecador<br \/>\nQue Ele n\u00e3o se alegra<br \/>\nCom sofrimento nem dor,<br \/>\nMas o Seu santo car\u00e1ter<br \/>\n\u00c9 repleto de amor.<\/p>\n<p>Depois, eu li que o Senhor<br \/>\nFalou \u00e0 Virgem Maria:<br \/>\n\u201cDar\u00e1s \u00e0 luz a um filho<br \/>\nNuma humilde estrebaria<br \/>\nE Ele salvar\u00e1 o povo<br \/>\nDo pecado que crucia\u201d.<\/p>\n<p>Pois quando chegou o dia<br \/>\nDe ocorrer o prometido,<br \/>\nUma vaca viu o parto,<br \/>\nPertinho um boi deu mugido,<br \/>\nEra o Cordeiro de Deus<br \/>\nQue ent\u00e3o havia nascido.<\/p>\n<p>Com brilho e com alarido,<br \/>\nVeio um anjo do Senhor<br \/>\nQue deu a boa not\u00edcia<br \/>\nAos pastores do setor:<br \/>\n\u201cDai gl\u00f3ria a Deus nas alturas,<br \/>\nPois nasceu o Salvador!\u201d<\/p>\n<p>O car\u00e1ter de amor<br \/>\nDo Deus que a tudo tem,<br \/>\nFoi demonstrado no simples<br \/>\nVilarejo de Bel\u00e9m<br \/>\nTraduzido nas fei\u00e7\u00f5es<br \/>\nDo sorriso de um nen\u00e9m.<\/p>\n<p>Neste mundo mal, o Bem<br \/>\nVeio redimir ap\u00f3s.<br \/>\nO Deus Pai tornou-se filho<br \/>\nPara habitar entre n\u00f3s<br \/>\nE um choro de crian\u00e7a<br \/>\nFoi Sua primeira voz.<\/p>\n<p>Em meio a mato e len\u00e7\u00f3is,<br \/>\nNuma r\u00fastica ilustra\u00e7\u00e3o,<br \/>\nNasceu Jesus, o Messias,<br \/>\nDa linhagem de Abra\u00e3o,<br \/>\nO Autor da nossa f\u00e9,<br \/>\nLuz da nossa salva\u00e7\u00e3o.<\/p>\n<p>Ao ler essa explana\u00e7\u00e3o,<br \/>\nSereno fiquei pensando:<br \/>\n\u201cPor que o Senhor fez isso?<br \/>\nE ouvi uma voz falando:<br \/>\n\u201cFoi por amor ao Seu povo,<br \/>\nE n\u00e3o estava brincando&#8230;\u201d<\/p>\n<p>Me ajoelhei chorado<br \/>\nE clamei ao Salvador:<br \/>\n\u201cCordeiro de Deus, que tira<br \/>\nOs crimes do pecador,<br \/>\nMeu cora\u00e7\u00e3o todo dia<br \/>\nQue seja uma estrebaria<br \/>\nPr\u2019 o teu car\u00e1ter de amor!\u201d<\/p>\n","protected":false},"excerpt":{"rendered":"<p>Por J\u00e9nerson Alves Eu li na B\u00edblia Sagrada Que Deus disse a Abra\u00e3o: \u201cPegue o teu filho e o leve Para outra regi\u00e3o. Tu deves sacrific\u00e1-lo Em sinal de adora\u00e7\u00e3o\u201d. Recebendo a instru\u00e7\u00e3o, Foi ao Monte Mori\u00e1. Rachou lenha, acendeu fogo, Levou o filho pra l\u00e1 E o menino perguntou: \u201cO cordeiro, onde \u00e9 que [&hellip;]<\/p>\n","protected":false},"author":24,"featured_media":0,"comment_status":"open","ping_status":"open","sticky":false,"template":"","format":"standard","meta":{"ngg_post_thumbnail":0,"footnotes":""},"categories":[7],"tags":[82,160],"class_list":["post-6745","post","type-post","status-publish","format-standard","hentry","category-noticias","tag-natal","tag-poesia"],"_links":{"self":[{"href":"https:\/\/ultimato.com.br\/sites\/paralelo10\/wp-json\/wp\/v2\/posts\/6745","targetHints":{"allow":["GET"]}}],"collection":[{"href":"https:\/\/ultimato.com.br\/sites\/paralelo10\/wp-json\/wp\/v2\/posts"}],"about":[{"href":"https:\/\/ultimato.com.br\/sites\/paralelo10\/wp-json\/wp\/v2\/types\/post"}],"author":[{"embeddable":true,"href":"https:\/\/ultimato.com.br\/sites\/paralelo10\/wp-json\/wp\/v2\/users\/24"}],"replies":[{"embeddable":true,"href":"https:\/\/ultimato.com.br\/sites\/paralelo10\/wp-json\/wp\/v2\/comments?post=6745"}],"version-history":[{"count":2,"href":"https:\/\/ultimato.com.br\/sites\/paralelo10\/wp-json\/wp\/v2\/posts\/6745\/revisions"}],"predecessor-version":[{"id":6748,"href":"https:\/\/ultimato.com.br\/sites\/paralelo10\/wp-json\/wp\/v2\/posts\/6745\/revisions\/6748"}],"wp:attachment":[{"href":"https:\/\/ultimato.com.br\/sites\/paralelo10\/wp-json\/wp\/v2\/media?parent=6745"}],"wp:term":[{"taxonomy":"category","embeddable":true,"href":"https:\/\/ultimato.com.br\/sites\/paralelo10\/wp-json\/wp\/v2\/categories?post=6745"},{"taxonomy":"post_tag","embeddable":true,"href":"https:\/\/ultimato.com.br\/sites\/paralelo10\/wp-json\/wp\/v2\/tags?post=6745"}],"curies":[{"name":"wp","href":"https:\/\/api.w.org\/{rel}","templated":true}]}}