{"id":6669,"date":"2017-12-04T12:14:04","date_gmt":"2017-12-04T15:14:04","guid":{"rendered":"http:\/\/ultimato.com.br\/sites\/paralelo10\/?p=6669"},"modified":"2017-12-04T12:14:04","modified_gmt":"2017-12-04T15:14:04","slug":"andava-triste-e-mal-amado","status":"publish","type":"post","link":"https:\/\/ultimato.com.br\/sites\/paralelo10\/2017\/12\/andava-triste-e-mal-amado\/","title":{"rendered":"Andava triste e mal amado"},"content":{"rendered":"<h6><span style=\"color: #808000;\">Poesia: Zenilda Lua | Foto: John Medcraft<\/span><\/h6>\n<blockquote><p><div id=\"attachment_6670\" style=\"width: 360px\" class=\"wp-caption alignright\"><img loading=\"lazy\" decoding=\"async\" aria-describedby=\"caption-attachment-6670\" class=\"wp-image-6670\" src=\"http:\/\/ultimato.com.br\/sites\/paralelo10\/files\/2017\/12\/P10_04_12_17_poesia-fotografica-garibaldi.jpg\" alt=\"\" width=\"350\" height=\"301\" srcset=\"https:\/\/ultimato.com.br\/sites\/paralelo10\/files\/2017\/12\/P10_04_12_17_poesia-fotografica-garibaldi.jpg 500w, https:\/\/ultimato.com.br\/sites\/paralelo10\/files\/2017\/12\/P10_04_12_17_poesia-fotografica-garibaldi-300x258.jpg 300w\" sizes=\"auto, (max-width: 350px) 100vw, 350px\" \/><p id=\"caption-attachment-6670\" class=\"wp-caption-text\">De acordo com o Comit\u00ea Brasileiro de Registro Ornitol\u00f3gico o nome desta ave \u00e9 &#8216;Garibaldi&#8217; [Foto: John Medcraft]<\/p><\/div>Andava sentido, triste e mal amado<br \/>\nsem ter um ro\u00e7ado, um bra\u00e7o de Rio<br \/>\nsem ter uma musa ou penas brilhantes<br \/>\ncalei-me bastante e n\u00e3o dei mais um pio<\/p>\n<p>Pra me consolar veio o caboclinho<br \/>\nsabi\u00e1, rolinha, bem-te-vi, nambu<br \/>\ncan\u00e1rio da terra, canc\u00e3o e concriz<br \/>\ntiziu, carcar\u00e1&#8230;veio at\u00e9 um tatu.<\/p>\n<p>Trouxeram alento, comida de pronto<br \/>\ne eu feito um tonto tudo rejeitei<br \/>\nfoi quando um deles, pediu um instante<br \/>\nme levou prum canto<br \/>\ne eu o escutei:<\/p>\n<p>&#8221; N\u00e3o se vende dois passarinhos por um ceitil? Sendo que nenhum deles cair\u00e1 na terra sem a vontade do nosso Pai&#8221;!<\/p>\n<p>&#8220;Arrepare e tome tento, oxe!&#8221;<\/p>\n<p>De cada um de n\u00f3s, Deus j\u00e1 fez a conta!<br \/>\npare de sofrer, se alegre, se esbalde<br \/>\nJ\u00e1 que voc\u00ea vive comece a cantar!<br \/>\nLouve Jesus Cristo, irm\u00e3o Garibaldi!<\/p><\/blockquote>\n<p><strong>\u2022 Zenilda Lua<\/strong>, nascida em Patos (PB), reside atualmente em S\u00e3o Jos\u00e9 dos Campos(SP). Atua como Assistente Social, escreveu livros de poemas e \u00e9 m\u00e3e de Brisa.<\/p>\n<p><strong>\u2022 John Philip Medcraft<\/strong>, nascido em Londres, naturalizado brasileiro, mora em Patos (PB) h\u00e1 45 anos. \u00c9 pastor presidente da ACEV (A\u00e7\u00e3o Evang\u00e9lica) com compromisso com miss\u00e3o integral nos sert\u00f5es nordestinos. Apaixonado por Jesus, Betinha, Caatinga e QPR (idealmente nesta ordem).<\/p>\n","protected":false},"excerpt":{"rendered":"<p>Poesia: Zenilda Lua | Foto: John Medcraft Andava sentido, triste e mal amado sem ter um ro\u00e7ado, um bra\u00e7o de Rio sem ter uma musa ou penas brilhantes calei-me bastante e n\u00e3o dei mais um pio Pra me consolar veio o caboclinho sabi\u00e1, rolinha, bem-te-vi, nambu can\u00e1rio da terra, canc\u00e3o e concriz tiziu, carcar\u00e1&#8230;veio at\u00e9 [&hellip;]<\/p>\n","protected":false},"author":24,"featured_media":0,"comment_status":"open","ping_status":"open","sticky":false,"template":"","format":"standard","meta":{"ngg_post_thumbnail":0,"footnotes":""},"categories":[5622],"tags":[34787,11100,5574,160,34368],"class_list":["post-6669","post","type-post","status-publish","format-standard","hentry","category-imagens","tag-ave","tag-fotografia","tag-garibaldi","tag-poesia","tag-poesia-fotografica"],"_links":{"self":[{"href":"https:\/\/ultimato.com.br\/sites\/paralelo10\/wp-json\/wp\/v2\/posts\/6669","targetHints":{"allow":["GET"]}}],"collection":[{"href":"https:\/\/ultimato.com.br\/sites\/paralelo10\/wp-json\/wp\/v2\/posts"}],"about":[{"href":"https:\/\/ultimato.com.br\/sites\/paralelo10\/wp-json\/wp\/v2\/types\/post"}],"author":[{"embeddable":true,"href":"https:\/\/ultimato.com.br\/sites\/paralelo10\/wp-json\/wp\/v2\/users\/24"}],"replies":[{"embeddable":true,"href":"https:\/\/ultimato.com.br\/sites\/paralelo10\/wp-json\/wp\/v2\/comments?post=6669"}],"version-history":[{"count":2,"href":"https:\/\/ultimato.com.br\/sites\/paralelo10\/wp-json\/wp\/v2\/posts\/6669\/revisions"}],"predecessor-version":[{"id":6672,"href":"https:\/\/ultimato.com.br\/sites\/paralelo10\/wp-json\/wp\/v2\/posts\/6669\/revisions\/6672"}],"wp:attachment":[{"href":"https:\/\/ultimato.com.br\/sites\/paralelo10\/wp-json\/wp\/v2\/media?parent=6669"}],"wp:term":[{"taxonomy":"category","embeddable":true,"href":"https:\/\/ultimato.com.br\/sites\/paralelo10\/wp-json\/wp\/v2\/categories?post=6669"},{"taxonomy":"post_tag","embeddable":true,"href":"https:\/\/ultimato.com.br\/sites\/paralelo10\/wp-json\/wp\/v2\/tags?post=6669"}],"curies":[{"name":"wp","href":"https:\/\/api.w.org\/{rel}","templated":true}]}}