{"id":6633,"date":"2017-11-20T10:02:22","date_gmt":"2017-11-20T13:02:22","guid":{"rendered":"http:\/\/ultimato.com.br\/sites\/paralelo10\/?p=6633"},"modified":"2017-11-20T10:02:22","modified_gmt":"2017-11-20T13:02:22","slug":"para-cumprir-o-chamado-e-fundamental-amar-e-obedecer-a-deus","status":"publish","type":"post","link":"https:\/\/ultimato.com.br\/sites\/paralelo10\/2017\/11\/para-cumprir-o-chamado-e-fundamental-amar-e-obedecer-a-deus\/","title":{"rendered":"Para cumprir o chamado \u00e9 fundamental amar e obedecer a Deus"},"content":{"rendered":"<p><img loading=\"lazy\" decoding=\"async\" class=\"alignright size-medium wp-image-6638\" src=\"http:\/\/ultimato.com.br\/sites\/paralelo10\/files\/2017\/11\/Foto-maragarete-5-300x300.png\" alt=\"\" width=\"300\" height=\"300\" srcset=\"https:\/\/ultimato.com.br\/sites\/paralelo10\/files\/2017\/11\/Foto-maragarete-5-300x300.png 300w, https:\/\/ultimato.com.br\/sites\/paralelo10\/files\/2017\/11\/Foto-maragarete-5-150x150.png 150w, https:\/\/ultimato.com.br\/sites\/paralelo10\/files\/2017\/11\/Foto-maragarete-5-768x768.png 768w, https:\/\/ultimato.com.br\/sites\/paralelo10\/files\/2017\/11\/Foto-maragarete-5-1024x1024.png 1024w, https:\/\/ultimato.com.br\/sites\/paralelo10\/files\/2017\/11\/Foto-maragarete-5-732x732.png 732w, https:\/\/ultimato.com.br\/sites\/paralelo10\/files\/2017\/11\/Foto-maragarete-5-1140x1140.png 1140w, https:\/\/ultimato.com.br\/sites\/paralelo10\/files\/2017\/11\/Foto-maragarete-5.png 1200w\" sizes=\"auto, (max-width: 300px) 100vw, 300px\" \/>Na inf\u00e2ncia, ela gostava de assistir programas, reportagens, tudo que fosse relacionado \u00e0 natureza e \u00e0 regi\u00e3o Amaz\u00f4nica. Nessa \u00e9poca, sua fam\u00edlia n\u00e3o era crist\u00e3. Mas ela conta que, \u201cmesmo assim, amava a Jesus e dizia que queria ser rep\u00f3rter, para levar o amor de Deus aos ind\u00edgenas, aos ribeirinhos e ao povo que vivia nas florestas\u201d. A paulista Margarete Ara\u00fajo n\u00e3o imaginava que o sonho de crian\u00e7a se tornaria realidade um dia.<\/p>\n<p>Em 2005, j\u00e1 na vida adulta, Margarete conheceu a Jesus e a partir da conviv\u00eancia na igreja foi descobrindo sua voca\u00e7\u00e3o mission\u00e1ria. Em uma experi\u00eancia de trinta dias na reserva Krah\u00f4, pela Miss\u00e3o Jocum, em 2013, a mission\u00e1ria \u201cse apaixonou pelo povo\u201d. A continua\u00e7\u00e3o dessa hist\u00f3ria, ela conta na entrevista a seguir.<\/p>\n<p><strong>P10 \u2013 Como voc\u00ea foi parar entre o povo Krah\u00f4?<\/strong><\/p>\n<p>Em outubro de 2013, estava em miss\u00e3o no Sul e fazendo um curso da Jocum, em Almirante Tamandar\u00e9, PR. Para o per\u00edodo pr\u00e1tico do curso, eu e uma equipe fomos enviadas para o estado do Tocantins, na reserva Krah\u00f4, no norte do Brasil. Ficamos ali cerca de 30 dias e me apaixonei por aquele povo. Orei perguntando a Deus se era para eu continuar ali e Deus confirmou em meu cora\u00e7\u00e3o, atrav\u00e9s da minha fam\u00edlia e l\u00edderes. No final de Janeiro de 2014, me mudei para Palmas, capital de Tocantins, para poder servir na reserva Krah\u00f4.<\/p>\n<p><strong>P10 \u2013 O que voc\u00ea aprendeu servindo entre os Krah\u00f4?<\/strong><\/p>\n<p>Deus se manifesta de maneira que n\u00e3o esperamos. Mesmo um povo que \u00e9 esquecido, sem estudo, saneamento b\u00e1sico, que tem uma cultura totalmente diferente da minha, eles t\u00eam pr\u00e1ticas de princ\u00edpios b\u00edblicos. Muitas vezes, se mostravam mais fi\u00e9is a Deus do que eu mesma. \u00c9 surpreendente ver a f\u00e9, a convic\u00e7\u00e3o e como eles reconhecem a Deus, da forma deles, sem lerem ou entenderem a B\u00edblia. Nesses anos, aprendi que temos que ganhar o direito de sermos ouvidos; quando coloquei em pr\u00e1tica e passei a conviver com eles, aprender da cultura, dos deuses deles, eu pude ter uma vis\u00e3o diferente e soube contextualizar o evangelho, a\u00ed ganhei o direito de ser ouvida por eles. Aprendi que ao chegar \u00e0 outra etnia ou cultura, temos que fazer um estudo antropol\u00f3gico primeiro, para com o tempo compartilhar da pessoa de Jesus Cristo, e n\u00e3o impor uma religi\u00e3o.<\/p>\n<p><!--more--><\/p>\n\n\t\t<style type=\"text\/css\">\n\t\t\t#gallery-1 {\n\t\t\t\tmargin: auto;\n\t\t\t}\n\t\t\t#gallery-1 .gallery-item {\n\t\t\t\tfloat: left;\n\t\t\t\tmargin-top: 10px;\n\t\t\t\ttext-align: center;\n\t\t\t\twidth: 33%;\n\t\t\t}\n\t\t\t#gallery-1 img {\n\t\t\t\tborder: 2px solid #cfcfcf;\n\t\t\t}\n\t\t\t#gallery-1 .gallery-caption {\n\t\t\t\tmargin-left: 0;\n\t\t\t}\n\t\t\t\/* see gallery_shortcode() in wp-includes\/media.php *\/\n\t\t<\/style>\n\t\t<div id='gallery-1' class='gallery galleryid-6633 gallery-columns-3 gallery-size-medium'><dl class='gallery-item'>\n\t\t\t<dt class='gallery-icon landscape'>\n\t\t\t\t<a href='https:\/\/ultimato.com.br\/sites\/paralelo10\/files\/2017\/11\/Foto-maragarete-4-e1511182750648.png#main'><img loading=\"lazy\" decoding=\"async\" width=\"300\" height=\"169\" src=\"https:\/\/ultimato.com.br\/sites\/paralelo10\/files\/2017\/11\/Foto-maragarete-4-e1511182750648-300x169.png\" class=\"attachment-medium size-medium\" alt=\"\" srcset=\"https:\/\/ultimato.com.br\/sites\/paralelo10\/files\/2017\/11\/Foto-maragarete-4-e1511182750648-300x169.png 300w, https:\/\/ultimato.com.br\/sites\/paralelo10\/files\/2017\/11\/Foto-maragarete-4-e1511182750648-768x432.png 768w, https:\/\/ultimato.com.br\/sites\/paralelo10\/files\/2017\/11\/Foto-maragarete-4-e1511182750648-1024x576.png 1024w, https:\/\/ultimato.com.br\/sites\/paralelo10\/files\/2017\/11\/Foto-maragarete-4-e1511182750648-732x412.png 732w, https:\/\/ultimato.com.br\/sites\/paralelo10\/files\/2017\/11\/Foto-maragarete-4-e1511182750648-1140x641.png 1140w, https:\/\/ultimato.com.br\/sites\/paralelo10\/files\/2017\/11\/Foto-maragarete-4-e1511182750648.png 1600w\" sizes=\"auto, (max-width: 300px) 100vw, 300px\" \/><\/a>\n\t\t\t<\/dt><\/dl><dl class='gallery-item'>\n\t\t\t<dt class='gallery-icon landscape'>\n\t\t\t\t<a href='https:\/\/ultimato.com.br\/sites\/paralelo10\/files\/2017\/11\/Foto-maragarete-3.png#main'><img loading=\"lazy\" decoding=\"async\" width=\"300\" height=\"169\" src=\"https:\/\/ultimato.com.br\/sites\/paralelo10\/files\/2017\/11\/Foto-maragarete-3-300x169.png\" class=\"attachment-medium size-medium\" alt=\"\" srcset=\"https:\/\/ultimato.com.br\/sites\/paralelo10\/files\/2017\/11\/Foto-maragarete-3-300x169.png 300w, https:\/\/ultimato.com.br\/sites\/paralelo10\/files\/2017\/11\/Foto-maragarete-3-768x432.png 768w, https:\/\/ultimato.com.br\/sites\/paralelo10\/files\/2017\/11\/Foto-maragarete-3-1024x576.png 1024w, https:\/\/ultimato.com.br\/sites\/paralelo10\/files\/2017\/11\/Foto-maragarete-3-732x412.png 732w, https:\/\/ultimato.com.br\/sites\/paralelo10\/files\/2017\/11\/Foto-maragarete-3-1140x641.png 1140w, https:\/\/ultimato.com.br\/sites\/paralelo10\/files\/2017\/11\/Foto-maragarete-3.png 1600w\" sizes=\"auto, (max-width: 300px) 100vw, 300px\" \/><\/a>\n\t\t\t<\/dt><\/dl><dl class='gallery-item'>\n\t\t\t<dt class='gallery-icon landscape'>\n\t\t\t\t<a href='https:\/\/ultimato.com.br\/sites\/paralelo10\/files\/2017\/11\/Foto-maragarete-1-e1511182782281.png#main'><img loading=\"lazy\" decoding=\"async\" width=\"300\" height=\"169\" src=\"https:\/\/ultimato.com.br\/sites\/paralelo10\/files\/2017\/11\/Foto-maragarete-1-e1511182782281-300x169.png\" class=\"attachment-medium size-medium\" alt=\"\" srcset=\"https:\/\/ultimato.com.br\/sites\/paralelo10\/files\/2017\/11\/Foto-maragarete-1-e1511182782281-300x169.png 300w, https:\/\/ultimato.com.br\/sites\/paralelo10\/files\/2017\/11\/Foto-maragarete-1-e1511182782281-768x432.png 768w, https:\/\/ultimato.com.br\/sites\/paralelo10\/files\/2017\/11\/Foto-maragarete-1-e1511182782281-1024x576.png 1024w, https:\/\/ultimato.com.br\/sites\/paralelo10\/files\/2017\/11\/Foto-maragarete-1-e1511182782281-732x412.png 732w, https:\/\/ultimato.com.br\/sites\/paralelo10\/files\/2017\/11\/Foto-maragarete-1-e1511182782281-1140x641.png 1140w, https:\/\/ultimato.com.br\/sites\/paralelo10\/files\/2017\/11\/Foto-maragarete-1-e1511182782281.png 1600w\" sizes=\"auto, (max-width: 300px) 100vw, 300px\" \/><\/a>\n\t\t\t<\/dt><\/dl><br style=\"clear: both\" \/>\n\t\t<\/div>\n\n<p><strong>P10 \u2013 Por que ir para um centro de treinamento mesmo j\u00e1 tendo experi\u00eancia no campo mission\u00e1rio?<\/strong><\/p>\n<p>Ap\u00f3s tr\u00eas anos no campo com os Krah\u00f4s, um de meus l\u00edderes achou bom que eu tivesse um tempo de renovo fora do campo, para o aprimoramento ministerial, para melhor servir, com ferramentas diferentes. Um mission\u00e1rio jamais deve parar de estudar, se aprimorar. E se for necess\u00e1rio sair do campo para depois voltar, \u00e9 preciso fazer, pois somos seres humanos e temos que cuidar de todas as \u00e1reas de nossas vidas. N\u00e3o \u00e9 f\u00e1cil, mas temos que fazer em certos momentos, sem nos preocuparmos em estar deixando o campo, pois a obra n\u00e3o \u00e9 nossa, \u00e9 do Senhor.<\/p>\n<p><strong>P10 \u2013 Quais li\u00e7\u00f5es marcantes voc\u00ea pode citar desse tempo de treinamento?<\/strong><\/p>\n<p>Fiz certo em obedecer a Deus. Esse \u00e9 o tempo de, eu e minha filha, estarmos aqui no Centro Evang\u00e9lico de Miss\u00f5es (CEM). Como j\u00e1 disse, a obra \u00e9 de Deus e n\u00e3o minha, por isso posso descansar que ele est\u00e1 cuidando de tudo, cuidando do povo Krah\u00f4 enquanto eu estou me aprimorando. E se ele quiser, voltarei para l\u00e1. Se n\u00e3o, colocar\u00e1 outras pessoas em meu lugar e me enviar\u00e1 para outro canto. Para cumprir nosso chamado \u00e9 fundamental amar e obedecer a Deus.<\/p>\n<p><strong>P10 \u2013 Quais seus planos ap\u00f3s concluir o curso no CEM?<\/strong><\/p>\n<p><img loading=\"lazy\" decoding=\"async\" class=\"alignright size-medium wp-image-6635\" src=\"http:\/\/ultimato.com.br\/sites\/paralelo10\/files\/2017\/11\/Foto-maragarete-2-300x199.png\" alt=\"\" width=\"300\" height=\"199\" srcset=\"https:\/\/ultimato.com.br\/sites\/paralelo10\/files\/2017\/11\/Foto-maragarete-2-300x199.png 300w, https:\/\/ultimato.com.br\/sites\/paralelo10\/files\/2017\/11\/Foto-maragarete-2-768x511.png 768w, https:\/\/ultimato.com.br\/sites\/paralelo10\/files\/2017\/11\/Foto-maragarete-2-1024x681.png 1024w, https:\/\/ultimato.com.br\/sites\/paralelo10\/files\/2017\/11\/Foto-maragarete-2-732x487.png 732w, https:\/\/ultimato.com.br\/sites\/paralelo10\/files\/2017\/11\/Foto-maragarete-2-1140x758.png 1140w, https:\/\/ultimato.com.br\/sites\/paralelo10\/files\/2017\/11\/Foto-maragarete-2.png 1396w\" sizes=\"auto, (max-width: 300px) 100vw, 300px\" \/>Eu pretendo voltar para regi\u00e3o Norte e terminar de escrever meu livro sobre a etnia krah\u00f4, para despertar outros mission\u00e1rios a trabalharem com esse povo ou outros. Quero estar novamente pr\u00f3ximo a eles. Mas eu digo \u201cpretendo\u201d, porque a \u00faltima palavra \u00e9 de Deus. Estou \u00e0 disposi\u00e7\u00e3o do que ele mandar.<\/p>\n<p><strong>\u2022 Margarete Ara\u00fajo<\/strong> \u00e9 m\u00e3e da Yara, 11 anos, natural de Jundia\u00ed, SP, membro da Primeira Igreja Batista em Campo Limpo Paulista, e mission\u00e1ria afiliada a Mocidade para Cristo (MPC-Brasil), MPC Conex\u00f5es e Ag\u00eancia Mission\u00e1ria Koinonia (AMIK).<\/p>\n","protected":false},"excerpt":{"rendered":"<p>Na inf\u00e2ncia, ela gostava de assistir programas, reportagens, tudo que fosse relacionado \u00e0 natureza e \u00e0 regi\u00e3o Amaz\u00f4nica. Nessa \u00e9poca, sua fam\u00edlia n\u00e3o era crist\u00e3. Mas ela conta que, \u201cmesmo assim, amava a Jesus e dizia que queria ser rep\u00f3rter, para levar o amor de Deus aos ind\u00edgenas, aos ribeirinhos e ao povo que vivia [&hellip;]<\/p>\n","protected":false},"author":24,"featured_media":0,"comment_status":"open","ping_status":"open","sticky":false,"template":"","format":"standard","meta":{"ngg_post_thumbnail":0,"footnotes":""},"categories":[95],"tags":[12,34461,80,22436,16533],"class_list":["post-6633","post","type-post","status-publish","format-standard","hentry","category-testemunhos","tag-indigenas","tag-kraho","tag-missoes","tag-povos-indigenas","tag-vocacao"],"_links":{"self":[{"href":"https:\/\/ultimato.com.br\/sites\/paralelo10\/wp-json\/wp\/v2\/posts\/6633","targetHints":{"allow":["GET"]}}],"collection":[{"href":"https:\/\/ultimato.com.br\/sites\/paralelo10\/wp-json\/wp\/v2\/posts"}],"about":[{"href":"https:\/\/ultimato.com.br\/sites\/paralelo10\/wp-json\/wp\/v2\/types\/post"}],"author":[{"embeddable":true,"href":"https:\/\/ultimato.com.br\/sites\/paralelo10\/wp-json\/wp\/v2\/users\/24"}],"replies":[{"embeddable":true,"href":"https:\/\/ultimato.com.br\/sites\/paralelo10\/wp-json\/wp\/v2\/comments?post=6633"}],"version-history":[{"count":2,"href":"https:\/\/ultimato.com.br\/sites\/paralelo10\/wp-json\/wp\/v2\/posts\/6633\/revisions"}],"predecessor-version":[{"id":6640,"href":"https:\/\/ultimato.com.br\/sites\/paralelo10\/wp-json\/wp\/v2\/posts\/6633\/revisions\/6640"}],"wp:attachment":[{"href":"https:\/\/ultimato.com.br\/sites\/paralelo10\/wp-json\/wp\/v2\/media?parent=6633"}],"wp:term":[{"taxonomy":"category","embeddable":true,"href":"https:\/\/ultimato.com.br\/sites\/paralelo10\/wp-json\/wp\/v2\/categories?post=6633"},{"taxonomy":"post_tag","embeddable":true,"href":"https:\/\/ultimato.com.br\/sites\/paralelo10\/wp-json\/wp\/v2\/tags?post=6633"}],"curies":[{"name":"wp","href":"https:\/\/api.w.org\/{rel}","templated":true}]}}