{"id":663,"date":"2010-04-23T14:48:55","date_gmt":"2010-04-23T17:48:55","guid":{"rendered":"http:\/\/ultimato.com.br\/blogs\/paralelo10\/?p=663"},"modified":"2010-05-12T16:44:39","modified_gmt":"2010-05-12T19:44:39","slug":"opcao-galileia-parte-ii","status":"publish","type":"post","link":"https:\/\/ultimato.com.br\/sites\/paralelo10\/2010\/04\/opcao-galileia-parte-ii\/","title":{"rendered":"Op\u00e7\u00e3o Galileia (Parte final)"},"content":{"rendered":"<p><a href=\"http:\/\/ultimato.com.br\/blogs\/paralelo10\/files\/2010\/04\/placa.jpg\" class=\"lightview\" data-lightview-group=\"group-663\" data-lightview-options=\"skin: 'dark', controls: 'relative', padding: '10', shadow: { color: '#000000', opacity: 0.08, blur: 3 }\" data-lightview-title=\"placa\"><img loading=\"lazy\" decoding=\"async\" class=\"size-full wp-image-664 alignleft\" style=\"margin: 10px;\" title=\"placa\" src=\"http:\/\/ultimato.com.br\/blogs\/paralelo10\/files\/2010\/04\/placa.jpg\" alt=\"\" width=\"214\" height=\"320\" srcset=\"https:\/\/ultimato.com.br\/sites\/paralelo10\/files\/2010\/04\/placa.jpg 214w, https:\/\/ultimato.com.br\/sites\/paralelo10\/files\/2010\/04\/placa-200x300.jpg 200w\" sizes=\"auto, (max-width: 214px) 100vw, 214px\" \/><\/a><em>Por C\u00e1cio Silva<\/em><\/p>\n<p><a href=\"http:\/\/ultimato.com.br\/blogs\/paralelo10\/files\/2010\/04\/placa.jpg\" class=\"lightview\" data-lightview-group=\"group-663\" data-lightview-options=\"skin: 'dark', controls: 'relative', padding: '10', shadow: { color: '#000000', opacity: 0.08, blur: 3 }\"><\/a>Numa tentativa de nos aproximarmos mais do exemplo de Cristo, creio que devemos reconsiderar alguns pontos da nossa pr\u00e1tica mission\u00e1ria. Como pr\u00e1tica mission\u00e1ria, refiro-me a toda a\u00e7\u00e3o da igreja em fun\u00e7\u00e3o da expans\u00e3o do reino de Deus, seja atrav\u00e9s de um mission\u00e1rio de carreira no outro lado do mundo ou atrav\u00e9s de um rec\u00e9m-convertido do outro lado da rua.<\/p>\n<p>Nossa a\u00e7\u00e3o mission\u00e1ria deve visar vidas, e n\u00e3o apenas almas.  Um evangelho que prepara as pessoas para morar no c\u00e9u, mas n\u00e3o lhes d\u00e1 diretrizes para viver de forma digna aqui na terra, est\u00e1 no m\u00ednimo truncado. Um evangelho integral visa a necessidade de reden\u00e7\u00e3o espiritual do homem, mas tamb\u00e9m os seus anseios existenciais. O seu comportamento moral, mas tamb\u00e9m a sua estrutura emocional. Os seus conceitos religiosos, mas tamb\u00e9m seus valores familiares. A sua vida na igreja, mas tamb\u00e9m no trabalho. Sua vida na fam\u00edlia, mas tamb\u00e9m na sociedade. Um evangelho integral visa o homem na sua integralidade e n\u00e3o apenas na sua espiritualidade.<\/p>\n<p><!--more--><\/p>\n<p>Nossa a\u00e7\u00e3o mission\u00e1ria deve visar tamb\u00e9m o social, e n\u00e3o apenas o eclesi\u00e1stico. Evangeliza\u00e7\u00e3o n\u00e3o exclui a\u00e7\u00e3o social e vise-versa. Nosso trabalho social n\u00e3o \u00e9 apenas um meio para a evangeliza\u00e7\u00e3o, mas uma parte integral da expans\u00e3o do reino. Um evangelho integral toca o c\u00e9u, mas tamb\u00e9m a terra; o esp\u00edrito, mas tamb\u00e9m o corpo. Contempla a fome pela Palavra, mas tamb\u00e9m a fome pelo p\u00e3o; a doen\u00e7a espiritual, mas tamb\u00e9m a doen\u00e7a f\u00edsica; a educa\u00e7\u00e3o crist\u00e3, mas tamb\u00e9m a educa\u00e7\u00e3o secular. Al\u00e9m de denunciar o pecado moral, devemos denunciar, de forma prof\u00e9tica, o pecado sociopol\u00edtico, como a corrup\u00e7\u00e3o e a injusti\u00e7a social. Devemos lutar pelo cumprimento das leis leg\u00edtimas e pela substitui\u00e7\u00e3o das esp\u00farias. Nosso envolvimento com a sociedade n\u00e3o deve ser seletivo, pelo qual evitamos certos problemas enfrentados pela mesma, por n\u00e3o serem \u201cespirituais\u201d. O imp\u00e9rio das trevas est\u00e1 entremeado nas estruturas sociais e, por isso, os valores do reino de Deus devem confrontar de forma libertadora estas estruturas.<\/p>\n<p>Nossa a\u00e7\u00e3o mission\u00e1ria deve visar o planeta e n\u00e3o apenas o homem. Uma abordagem integral envolve tamb\u00e9m a conscientiza\u00e7\u00e3o por quest\u00f5es como ecossistema. O que nasce de novo tem a consci\u00eancia transformada. Quem matava n\u00e3o mata mais, quem roubava n\u00e3o rouba mais e quem adulterava se torna fiel ao seu c\u00f4njuge. Quem polu\u00eda as \u00e1guas, n\u00e3o deveria poluir mais. Quem jogava o seu lixo na rua, n\u00e3o deveria jogar mais. Quem polu\u00eda a atmosfera, n\u00e3o deveria poluir mais. E at\u00e9 o ind\u00edgena que desmatava a floresta de forma desordeira, n\u00e3o mais deveria desmatar.<\/p>\n<p>Nossa a\u00e7\u00e3o mission\u00e1ria deve dar respostas socioculturais e n\u00e3o apenas impor proibi\u00e7\u00f5es. Onde quer que ministremos, seremos confrontados por quest\u00f5es delicadas. Em sociedades p\u00f3s-modernas enfrentaremos quest\u00f5es como homossexualismo, aborto, sexo livre, rela\u00e7\u00f5es extraconjugais tidas como normais, sonega\u00e7\u00e3o de impostos, drogas e conflitos pol\u00edticos. Em sociedades tradicionais, como no mundo isl\u00e2mico, quest\u00f5es como direito \u00e0 vingan\u00e7a, machismo e legalismo. Em sociedades tribais, quest\u00f5es como poligamia, desvaloriza\u00e7\u00e3o da mulher e guerras tribais. Numa abordagem mission\u00e1ria, quest\u00f5es como estas n\u00e3o podem ser ignoradas e muito menos subestimadas. Ou seja, n\u00e3o podemos fazer de conta que n\u00e3o existem, ou que o povo as resolver\u00e3o com naturalidade, nem podemos simplesmente impor proibi\u00e7\u00f5es. Precisamos dar respostas b\u00edblicas relevantes, que fa\u00e7am sentido para o povo. Isto tamb\u00e9m faz parte da miss\u00e3o integral, que n\u00e3o aborda apenas o religioso, mas tamb\u00e9m o cultural.<\/p>\n<p>Para a nossa missiologia ser relevante neste s\u00e9culo, n\u00e3o poderemos fazer vista grossa a quest\u00f5es como a m\u00e1 distribui\u00e7\u00e3o de renda, menores em risco, dependentes qu\u00edmicos, pessoas acometidas de doen\u00e7as como aids e c\u00e2ncer, prisioneiros, \u00f3rf\u00e3os e analfabetos. N\u00e3o poderemos ignorar os sert\u00f5es nordestinos, as favelas dos grandes centros urbanos e os grupos ind\u00edgenas.<\/p>\n<p>Estamos vivendo no Brasil um tempo de despertamento mission\u00e1rio. Nas palavras do missi\u00f3logo brasileiro Manfred Grellert, estamos no \u201cavivamento tupiniquim\u201d. Louvado seja o Senhor pela crescente consci\u00eancia e envolvimento social das nossas igrejas. Muito j\u00e1 foi e tem sido feito nesta \u00e1rea. Mas ainda tem muito a ser feito e podemos fazer muito mais. Somos uma igreja forte, temos um contingente mission\u00e1rio atuante e servimos a um Deus que possui todo poder. Creio que fomos chamados, como igreja brasileira, para impactar toda esta gera\u00e7\u00e3o com um evangelho integral, que contempla o homem na sua integralidade. Qual ser\u00e1 a sua participa\u00e7\u00e3o?<\/p>\n<p><em>C\u00e1cio Silva<\/em> \u00e9 pastor presbiteriano e mission\u00e1rio da Miss\u00e3o AMEM\/Projeto  Amanaj\u00e9, juntamente com sua esposa Elis\u00e2ngela, entre ind\u00edgenas na  Amaz\u00f4nia<\/p>\n","protected":false},"excerpt":{"rendered":"<p>Por C\u00e1cio Silva Numa tentativa de nos aproximarmos mais do exemplo de Cristo, creio que devemos reconsiderar alguns pontos da nossa pr\u00e1tica mission\u00e1ria. Como pr\u00e1tica mission\u00e1ria, refiro-me a toda a\u00e7\u00e3o da igreja em fun\u00e7\u00e3o da expans\u00e3o do reino de Deus, seja atrav\u00e9s de um mission\u00e1rio de carreira no outro lado do mundo ou atrav\u00e9s de [&hellip;]<\/p>\n","protected":false},"author":2,"featured_media":0,"comment_status":"open","ping_status":"open","sticky":false,"template":"","format":"standard","meta":{"ngg_post_thumbnail":0,"footnotes":""},"categories":[32],"tags":[73,38,103,26],"class_list":["post-663","post","type-post","status-publish","format-standard","hentry","category-reflexoes","tag-comunidade","tag-igreja","tag-jesus","tag-missao-integral"],"_links":{"self":[{"href":"https:\/\/ultimato.com.br\/sites\/paralelo10\/wp-json\/wp\/v2\/posts\/663","targetHints":{"allow":["GET"]}}],"collection":[{"href":"https:\/\/ultimato.com.br\/sites\/paralelo10\/wp-json\/wp\/v2\/posts"}],"about":[{"href":"https:\/\/ultimato.com.br\/sites\/paralelo10\/wp-json\/wp\/v2\/types\/post"}],"author":[{"embeddable":true,"href":"https:\/\/ultimato.com.br\/sites\/paralelo10\/wp-json\/wp\/v2\/users\/2"}],"replies":[{"embeddable":true,"href":"https:\/\/ultimato.com.br\/sites\/paralelo10\/wp-json\/wp\/v2\/comments?post=663"}],"version-history":[{"count":7,"href":"https:\/\/ultimato.com.br\/sites\/paralelo10\/wp-json\/wp\/v2\/posts\/663\/revisions"}],"predecessor-version":[{"id":667,"href":"https:\/\/ultimato.com.br\/sites\/paralelo10\/wp-json\/wp\/v2\/posts\/663\/revisions\/667"}],"wp:attachment":[{"href":"https:\/\/ultimato.com.br\/sites\/paralelo10\/wp-json\/wp\/v2\/media?parent=663"}],"wp:term":[{"taxonomy":"category","embeddable":true,"href":"https:\/\/ultimato.com.br\/sites\/paralelo10\/wp-json\/wp\/v2\/categories?post=663"},{"taxonomy":"post_tag","embeddable":true,"href":"https:\/\/ultimato.com.br\/sites\/paralelo10\/wp-json\/wp\/v2\/tags?post=663"}],"curies":[{"name":"wp","href":"https:\/\/api.w.org\/{rel}","templated":true}]}}