{"id":6629,"date":"2017-11-15T08:20:19","date_gmt":"2017-11-15T11:20:19","guid":{"rendered":"http:\/\/ultimato.com.br\/sites\/paralelo10\/?p=6629"},"modified":"2017-11-16T06:26:36","modified_gmt":"2017-11-16T09:26:36","slug":"entre-igarapes-e-inundacoes-um-povo-com-sede-de-mudancas","status":"publish","type":"post","link":"https:\/\/ultimato.com.br\/sites\/paralelo10\/2017\/11\/entre-igarapes-e-inundacoes-um-povo-com-sede-de-mudancas\/","title":{"rendered":"Entre igarap\u00e9s e inunda\u00e7\u00f5es: um povo com sede de mudan\u00e7as"},"content":{"rendered":"<h6><span style=\"color: #808000;\"><strong>Por Raquel Lima<\/strong><\/span><\/h6>\n<p><img loading=\"lazy\" decoding=\"async\" class=\"alignright size-medium wp-image-6630\" src=\"http:\/\/ultimato.com.br\/sites\/paralelo10\/files\/2017\/11\/imag_dest_02_08_17_desafios-lideres-300x222.jpg\" alt=\"\" height=\"222\" width=\"300\" srcset=\"https:\/\/ultimato.com.br\/sites\/paralelo10\/files\/2017\/11\/imag_dest_02_08_17_desafios-lideres-300x222.jpg 300w, https:\/\/ultimato.com.br\/sites\/paralelo10\/files\/2017\/11\/imag_dest_02_08_17_desafios-lideres.jpg 500w\" sizes=\"auto, (max-width: 300px) 100vw, 300px\" \/>Era dif\u00edcil acreditar que existissem pessoas t\u00e3o isoladas no meio da Floresta Amaz\u00f4nica. Se antes era algo que eu havia escutado falar, naquele momento eu via como tanta gente ainda precisava de aten\u00e7\u00e3o e cuidado. Na cad\u00eancia da nossa vida at\u00e9 lemos e sabemos, mas n\u00e3o nos damos conta da real condi\u00e7\u00e3o de sermos um pa\u00eds de dimens\u00f5es continentais, que nos eleva a certa exuber\u00e2ncia natural e abastan\u00e7a, uma vez que temos um quinto de toda a \u00e1gua pot\u00e1vel do planeta. A extrema pobreza e inefici\u00eancia de um governo falido e corrupto que subestima e ignora a for\u00e7a e dignidade do seu povo tamb\u00e9m podem ser identificadas entre os ribeirinhos.<\/p>\n<p>O barulho daquele motor ligado a muitas horas, que cruzava com bravura aquelas pequenas vielas entre os igarap\u00e9s, revelava entre uma mata e outra casas sobre palafitas, inundadas pelo avan\u00e7o das \u00e1guas. Comunidades inteiras, plantadas e populosas, emergiam no meio da floresta em completo isolamento, alheias \u00e0 imensid\u00e3o do Brasil, com um ritmo, uma rotina, uma identidade e perfil muito pr\u00f3prios.<\/p>\n<p>A pele bem morena, os longos e lisos cabelos negros e o sorriso f\u00e1cil s\u00e3o caracter\u00edsticas marcantes dos ribeirinhos. A beleza pode ser explorada de muitas formas para onde quer que se olhe. Tamanha foi a benevol\u00eancia de Deus naquele lugar e foi dessa bondade que surgiu, h\u00e1 anos, o Projeto Amaz\u00f4nia.]<\/p>\n<p><!--more--><\/p>\n<p>Na primeira parada em terra firme, depois de horas de viagem no barco O Mission\u00e1rio, nos defrontamos com algo para al\u00e9m de uma bela paisagem. Foi surpreendente ver como aquele grupo de mission\u00e1rios e volunt\u00e1rios era recepcionado nas comunidades. Na Amaz\u00f4nia Legal, que engloba nove estados, est\u00e3o mais de 24 milh\u00f5es de pessoas, de acordo com o Censo de 2010 do IBGE. Existe ainda muita gente que clama pela aten\u00e7\u00e3o e alcance dos batistas brasileiros que podem expressar o amor de Cristo por meio de diferentes a\u00e7\u00f5es.<\/p>\n<p>At\u00e9 2020 o Novo Sorriso, uma das a\u00e7\u00f5es do Projeto Amaz\u00f4nia, vai erradicar a c\u00e1rie das crian\u00e7as ribeirinhas. Em maio de 2017 participei de uma das viagens que excursiona por comunidades de Manaus realizando atendimentos dent\u00e1rios com os mission\u00e1rios-dentistas Andr\u00e9 e Germana Matheus e volunt\u00e1rios de v\u00e1rias partes do pa\u00eds. Meu papel era fazer o in\u00edcio dos registros da campanha anual, mas acabei atuando em diversas frentes. Acabei aprendendo que fazer miss\u00f5es \u00e9 deixar-se ser usado por Deus, que escolhe e capacita em qualquer situa\u00e7\u00e3o e desafio. A gra\u00e7a de Deus que se manifestou salvadora a todos os homens (Tito 2.11) \u00e9 a mesma que tamb\u00e9m promovia e promover\u00e1 transforma\u00e7\u00f5es at\u00e9 o fim. A mudan\u00e7a e esperan\u00e7a que se espera s\u00f3 \u00e9 poss\u00edvel por interm\u00e9dio de Jesus.<\/p>\n<p><strong>Nota<\/strong>: Conte\u00fado modificado, publicado originalmente na revista <a href=\"https:\/\/docs.wixstatic.com\/ugd\/0aa759_93549ada359a46faa550e8795facb294.pdf\">A P\u00e1tria para Cristo, n\u00ba 275<\/a>, da Junta de Miss\u00f5es Nacionais, da Conven\u00e7\u00e3o Batista Brasileira.<\/p>\n<p><strong>\u2022 Raquel Lima, <\/strong>gerente de jornalismo de Miss\u00f5es Nacionais.<\/p>\n","protected":false},"excerpt":{"rendered":"<p>Por Raquel Lima Era dif\u00edcil acreditar que existissem pessoas t\u00e3o isoladas no meio da Floresta Amaz\u00f4nica. Se antes era algo que eu havia escutado falar, naquele momento eu via como tanta gente ainda precisava de aten\u00e7\u00e3o e cuidado. Na cad\u00eancia da nossa vida at\u00e9 lemos e sabemos, mas n\u00e3o nos damos conta da real condi\u00e7\u00e3o [&hellip;]<\/p>\n","protected":false},"author":24,"featured_media":0,"comment_status":"open","ping_status":"open","sticky":false,"template":"","format":"standard","meta":{"ngg_post_thumbnail":0,"footnotes":""},"categories":[95],"tags":[77,79],"class_list":["post-6629","post","type-post","status-publish","format-standard","hentry","category-testemunhos","tag-amazonia","tag-ribeirinhos"],"_links":{"self":[{"href":"https:\/\/ultimato.com.br\/sites\/paralelo10\/wp-json\/wp\/v2\/posts\/6629","targetHints":{"allow":["GET"]}}],"collection":[{"href":"https:\/\/ultimato.com.br\/sites\/paralelo10\/wp-json\/wp\/v2\/posts"}],"about":[{"href":"https:\/\/ultimato.com.br\/sites\/paralelo10\/wp-json\/wp\/v2\/types\/post"}],"author":[{"embeddable":true,"href":"https:\/\/ultimato.com.br\/sites\/paralelo10\/wp-json\/wp\/v2\/users\/24"}],"replies":[{"embeddable":true,"href":"https:\/\/ultimato.com.br\/sites\/paralelo10\/wp-json\/wp\/v2\/comments?post=6629"}],"version-history":[{"count":2,"href":"https:\/\/ultimato.com.br\/sites\/paralelo10\/wp-json\/wp\/v2\/posts\/6629\/revisions"}],"predecessor-version":[{"id":6632,"href":"https:\/\/ultimato.com.br\/sites\/paralelo10\/wp-json\/wp\/v2\/posts\/6629\/revisions\/6632"}],"wp:attachment":[{"href":"https:\/\/ultimato.com.br\/sites\/paralelo10\/wp-json\/wp\/v2\/media?parent=6629"}],"wp:term":[{"taxonomy":"category","embeddable":true,"href":"https:\/\/ultimato.com.br\/sites\/paralelo10\/wp-json\/wp\/v2\/categories?post=6629"},{"taxonomy":"post_tag","embeddable":true,"href":"https:\/\/ultimato.com.br\/sites\/paralelo10\/wp-json\/wp\/v2\/tags?post=6629"}],"curies":[{"name":"wp","href":"https:\/\/api.w.org\/{rel}","templated":true}]}}