{"id":656,"date":"2010-04-15T14:42:49","date_gmt":"2010-04-15T17:42:49","guid":{"rendered":"http:\/\/ultimato.com.br\/blogs\/paralelo10\/?p=656"},"modified":"2010-04-27T16:13:55","modified_gmt":"2010-04-27T19:13:55","slug":"opcao-galileia","status":"publish","type":"post","link":"https:\/\/ultimato.com.br\/sites\/paralelo10\/2010\/04\/opcao-galileia\/","title":{"rendered":"Op\u00e7\u00e3o Galileia (Parte I)"},"content":{"rendered":"<p><strong>O evangelho integral para o homem na sua integralidade<\/strong><\/p>\n<p><em>Por C\u00e1cio Silva<\/em><strong> <\/strong><\/p>\n<p style=\"text-align: center;\"><strong><a href=\"http:\/\/ultimato.com.br\/blogs\/paralelo10\/files\/2010\/04\/homem_caminho.jpg\" class=\"lightview\" data-lightview-group=\"group-656\" data-lightview-options=\"skin: 'dark', controls: 'relative', padding: '10', shadow: { color: '#000000', opacity: 0.08, blur: 3 }\" data-lightview-title=\"homem_caminho\"><img loading=\"lazy\" decoding=\"async\" class=\"size-full wp-image-658  aligncenter\" title=\"homem_caminho\" src=\"http:\/\/ultimato.com.br\/blogs\/paralelo10\/files\/2010\/04\/homem_caminho.jpg\" alt=\"\" width=\"320\" height=\"181\" srcset=\"https:\/\/ultimato.com.br\/sites\/paralelo10\/files\/2010\/04\/homem_caminho.jpg 320w, https:\/\/ultimato.com.br\/sites\/paralelo10\/files\/2010\/04\/homem_caminho-300x169.jpg 300w\" sizes=\"auto, (max-width: 320px) 100vw, 320px\" \/><\/a><br \/>\n<\/strong><\/p>\n<p>Jesus nasceu em Bel\u00e9m da Judeia, cumprindo assim a profecia de Miqueias, entretanto, foi criado em Nazar\u00e9 e fixou resid\u00eancia em Cafarnaum, ambas cidades da Galileia. Iniciou o seu minist\u00e9rio em Can\u00e1 da Galileia e encerrou em um certo monte da Galileia. Mais da metade do seu minist\u00e9rio foi desenvolvido na Galileia e dos seus doze disc\u00edpulos, onze eram daquela regi\u00e3o. O \u00fanico da Judeia era Judas, aquele que o traiu, cujo sobrenome, \u201cIscariotes\u201d, significa \u201chomem de Keriote\u201d, uma pequena cidade ao sul de Hebrom. Seria isto uma mera coincid\u00eancia? Seria por falta de op\u00e7\u00e3o ou porque as fam\u00edlias de Jos\u00e9 e Maria eram dali?<\/p>\n<p><!--more--><\/p>\n<p>Nos tempos do Novo Testamento, Israel era dividido em tr\u00eas regi\u00f5es principais. No centro estava Samaria, habitada por um povo miscigenado (de ra\u00e7a mista) e sincretista (de religi\u00e3o misturada), odiado pelos judeus. No sul estava a Judeia, regi\u00e3o nobre, onde ficava o templo, o sin\u00e9drio, os principais mestres da lei, as melhores faculdades, as pessoas mais ricas e influentes. Ali estava Jerusal\u00e9m, onde aconteciam as concorridas festas judaicas, e outras influentes cidades como Jeric\u00f3, Hebrom e Cesareia. No norte estava a Galileia, regi\u00e3o dos pobres, iletrados, menos privilegiados, simples pescadores, trabalhadores bra\u00e7ais, gente desprezada e menosprezada, marginalizada e motivo de chacota para os importantes habitantes do sul. \u00c9 por isto que quando algu\u00e9m mencionou que Jesus era da Galileia os l\u00edderes religiosos logo retrucaram: \u201cDa Galileia n\u00e3o se levanta profeta\u201d. Natanael tamb\u00e9m questionou: \u201cDe Nazar\u00e9 pode sair alguma coisa boa?\u201d (Jo 1.46)<\/p>\n<p>David Bosch, o conhecido missi\u00f3logo sul-africano, chama-nos a aten\u00e7\u00e3o para a \u00eanfase dada por Lucas ao minist\u00e9rio de Jesus entre os carentes. Para ele, o paradigma mission\u00e1rio de Lucas \u00e9 \u201ca pr\u00e1tica de perd\u00e3o e a solidariedade com os pobres\u201d. Em Lucas 4.18-19 Jesus se levanta em uma sinagoga da Galileia e proclama em alto e bom tom: \u201cO Esp\u00edrito do Senhor est\u00e1 sobre mim, pelo que me ungiu para evangelizar os pobres; enviou-me para proclamar liberta\u00e7\u00e3o aos cativos e restaura\u00e7\u00e3o da vista aos cegos, para p\u00f4r em liberdade os oprimidos, e apregoar o ano aceit\u00e1vel do Senhor\u201d (LC 4.18). Observe as classes que Ele cita: pobres, cativos, cegos e oprimidos. O Mestre<\/p>\n<p>da Galileia estava citando Isa\u00edas 61.1-2 e parte do 58.6. O \u201cano aceit\u00e1vel do Senhor\u201d neste texto refere-se ao \u201cano do jubileu\u201d, de Lev\u00edtico 25. Tratava-se de uma lei estipulada por Deus, que contemplava principalmente os pobres de Israel. Era observada a cada quarenta e nove anos, quando tr\u00eas coisas aconteciam: 1) todos os escravos judeus eram libertos; 2) todas as d\u00edvidas eram perdoadas; e 3) toda a terra descansava da semeadura naquele ano. Cristo estava dizendo que o seu minist\u00e9rio contemplava de forma especial os carentes.<\/p>\n<p>Creio, portanto, que a dedica\u00e7\u00e3o de Jesus aos carentes da Galileia n\u00e3o foi por acaso. Como escreveu o missi\u00f3logo equatoriano Ren\u00e9 Padilla, ele fez op\u00e7\u00e3o pela Galileia. Viveu ali deliberadamente. O porto-riquenho Orlando Costas, considerado o primeiro missi\u00f3logo latino-americano, chama Jesus de o \u201cevangelista da periferia\u201d. Mas, \u00e0s vezes, o Cristo que pregamos parece mais um alto executivo metropolitano do que \u201cum homem de dores e experimentado no sofrimento\u201d. At\u00e9 que ponto temos seguido o seu exemplo dele?<\/p>\n<p>[Continua]<\/p>\n<p>C\u00e1cio Silva \u00e9 pastor presbiteriano e mission\u00e1rio da Miss\u00e3o AMEM\/Projeto Amanaj\u00e9, juntamente com sua esposa Elis\u00e2ngela, entre ind\u00edgenas na Amaz\u00f4nia<\/p>\n","protected":false},"excerpt":{"rendered":"<p>O evangelho integral para o homem na sua integralidade Por C\u00e1cio Silva Jesus nasceu em Bel\u00e9m da Judeia, cumprindo assim a profecia de Miqueias, entretanto, foi criado em Nazar\u00e9 e fixou resid\u00eancia em Cafarnaum, ambas cidades da Galileia. Iniciou o seu minist\u00e9rio em Can\u00e1 da Galileia e encerrou em um certo monte da Galileia. Mais [&hellip;]<\/p>\n","protected":false},"author":2,"featured_media":0,"comment_status":"open","ping_status":"open","sticky":false,"template":"","format":"standard","meta":{"ngg_post_thumbnail":0,"footnotes":""},"categories":[32],"tags":[147,26,122,146],"class_list":["post-656","post","type-post","status-publish","format-standard","hentry","category-reflexoes","tag-jesus-cristo","tag-missao-integral","tag-norte","tag-releflexao"],"_links":{"self":[{"href":"https:\/\/ultimato.com.br\/sites\/paralelo10\/wp-json\/wp\/v2\/posts\/656","targetHints":{"allow":["GET"]}}],"collection":[{"href":"https:\/\/ultimato.com.br\/sites\/paralelo10\/wp-json\/wp\/v2\/posts"}],"about":[{"href":"https:\/\/ultimato.com.br\/sites\/paralelo10\/wp-json\/wp\/v2\/types\/post"}],"author":[{"embeddable":true,"href":"https:\/\/ultimato.com.br\/sites\/paralelo10\/wp-json\/wp\/v2\/users\/2"}],"replies":[{"embeddable":true,"href":"https:\/\/ultimato.com.br\/sites\/paralelo10\/wp-json\/wp\/v2\/comments?post=656"}],"version-history":[{"count":6,"href":"https:\/\/ultimato.com.br\/sites\/paralelo10\/wp-json\/wp\/v2\/posts\/656\/revisions"}],"predecessor-version":[{"id":662,"href":"https:\/\/ultimato.com.br\/sites\/paralelo10\/wp-json\/wp\/v2\/posts\/656\/revisions\/662"}],"wp:attachment":[{"href":"https:\/\/ultimato.com.br\/sites\/paralelo10\/wp-json\/wp\/v2\/media?parent=656"}],"wp:term":[{"taxonomy":"category","embeddable":true,"href":"https:\/\/ultimato.com.br\/sites\/paralelo10\/wp-json\/wp\/v2\/categories?post=656"},{"taxonomy":"post_tag","embeddable":true,"href":"https:\/\/ultimato.com.br\/sites\/paralelo10\/wp-json\/wp\/v2\/tags?post=656"}],"curies":[{"name":"wp","href":"https:\/\/api.w.org\/{rel}","templated":true}]}}