{"id":650,"date":"2010-04-14T10:18:16","date_gmt":"2010-04-14T13:18:16","guid":{"rendered":"http:\/\/ultimato.com.br\/blogs\/paralelo10\/?p=650"},"modified":"2010-04-14T10:22:01","modified_gmt":"2010-04-14T13:22:01","slug":"primeiro-encontro-da-amei","status":"publish","type":"post","link":"https:\/\/ultimato.com.br\/sites\/paralelo10\/2010\/04\/primeiro-encontro-da-amei\/","title":{"rendered":"Primeiro Encontro da AMEI"},"content":{"rendered":"<p><a href=\"http:\/\/ultimato.com.br\/blogs\/paralelo10\/files\/2010\/04\/Mulheres-Indigenas.jpg\" class=\"lightview\" data-lightview-group=\"group-650\" data-lightview-options=\"skin: 'dark', controls: 'relative', padding: '10', shadow: { color: '#000000', opacity: 0.08, blur: 3 }\" data-lightview-title=\"Mulheres Indigenas\"><img loading=\"lazy\" decoding=\"async\" class=\"alignright size-full wp-image-652\" style=\"margin: 10px;\" title=\"Mulheres Indigenas\" src=\"http:\/\/ultimato.com.br\/blogs\/paralelo10\/files\/2010\/04\/Mulheres-Indigenas.jpg\" alt=\"\" width=\"320\" height=\"191\" srcset=\"https:\/\/ultimato.com.br\/sites\/paralelo10\/files\/2010\/04\/Mulheres-Indigenas.jpg 320w, https:\/\/ultimato.com.br\/sites\/paralelo10\/files\/2010\/04\/Mulheres-Indigenas-300x179.jpg 300w\" sizes=\"auto, (max-width: 320px) 100vw, 320px\" \/><\/a>O 1\u00b0 Encontro da Associa\u00e7\u00e3o de Mulheres Evang\u00e9licas Ind\u00edgenas (AMEI) realizado do dia 4 ao dia 8 de mar\u00e7o, em Por to Velho, RO, foi uma b\u00ean\u00e7\u00e3o na vida de todos os participantes. Havia grande expectativa de ter um n\u00famero expressivo de mulheres, mas n\u00e3o t\u00ednhamos certeza de quantas participariam do encontro. Para nossa surpresa recebemos 17 etnias do Brasil e 2 etnias da Bol\u00edvia, um total de 60 mulheres entre ind\u00edgenas e n\u00e3o-ind\u00edgenas. Nossas expectativas foram superadas.<\/p>\n<p><!--more--><\/p>\n<p>Foi um tempo muito especial, quando pudemos ouvir as preletoras e tamb\u00e9m os testemunhos de v\u00e1rias irm\u00e3s ind\u00edgenas, que contaram suas hist\u00f3rias e desafios, o que serviu de encorajamento para todas n\u00f3s. Houve tamb\u00e9m um tempo de conversas informais e, como sempre, independente de cor ou ra\u00e7a, conversa entre mulheres vai longe.<\/p>\n<p>Durante a programa\u00e7\u00e3o tivemos a oportunidade de nos reunirmos em pequenos grupos nos quais, mais de perto, cada uma tinha a liberdade de compartilhar diversas coisas, como a experi\u00eancia e o desafio de viajar sozinha deixando filhos e esposo na aldeia. A maioria nunca havia sa\u00eddo de casa sozinha.<\/p>\n<p>Muitas disseram ter sa\u00eddo deste encontro alimentadas f\u00edsica e emocionalmente. O grupo discutiu e p\u00f4de aprender sobre os problemas que o \u00e1lcool e o infantic\u00eddio trazem para as fam\u00edlias e, consequentemente, para as comunidades em que vivem. Assim, sa\u00edram dispostas a lutar fortemente contra estas pr\u00e1ticas. Al\u00e9m disto, alcan\u00e7aram uma vis\u00e3o mais ampla do reino de Deus e do papel da mulher no cumprimento da miss\u00e3o.<\/p>\n<p>Esperamos que cada mulher que esteve presente neste encontro encare seus desafios com uma disposi\u00e7\u00e3o nunca vivida antes.<\/p>\n<p>No amor de Cristo Jesus,<\/p>\n<p>Corina Dias Terena<\/p>\n<p>Presidente da AMEI<\/p>\n","protected":false},"excerpt":{"rendered":"<p>O 1\u00b0 Encontro da Associa\u00e7\u00e3o de Mulheres Evang\u00e9licas Ind\u00edgenas (AMEI) realizado do dia 4 ao dia 8 de mar\u00e7o, em Por to Velho, RO, foi uma b\u00ean\u00e7\u00e3o na vida de todos os participantes. Havia grande expectativa de ter um n\u00famero expressivo de mulheres, mas n\u00e3o t\u00ednhamos certeza de quantas participariam do encontro. Para nossa surpresa [&hellip;]<\/p>\n","protected":false},"author":2,"featured_media":0,"comment_status":"open","ping_status":"open","sticky":false,"template":"","format":"standard","meta":{"ngg_post_thumbnail":0,"footnotes":""},"categories":[7],"tags":[],"class_list":["post-650","post","type-post","status-publish","format-standard","hentry","category-noticias"],"_links":{"self":[{"href":"https:\/\/ultimato.com.br\/sites\/paralelo10\/wp-json\/wp\/v2\/posts\/650","targetHints":{"allow":["GET"]}}],"collection":[{"href":"https:\/\/ultimato.com.br\/sites\/paralelo10\/wp-json\/wp\/v2\/posts"}],"about":[{"href":"https:\/\/ultimato.com.br\/sites\/paralelo10\/wp-json\/wp\/v2\/types\/post"}],"author":[{"embeddable":true,"href":"https:\/\/ultimato.com.br\/sites\/paralelo10\/wp-json\/wp\/v2\/users\/2"}],"replies":[{"embeddable":true,"href":"https:\/\/ultimato.com.br\/sites\/paralelo10\/wp-json\/wp\/v2\/comments?post=650"}],"version-history":[{"count":3,"href":"https:\/\/ultimato.com.br\/sites\/paralelo10\/wp-json\/wp\/v2\/posts\/650\/revisions"}],"predecessor-version":[{"id":653,"href":"https:\/\/ultimato.com.br\/sites\/paralelo10\/wp-json\/wp\/v2\/posts\/650\/revisions\/653"}],"wp:attachment":[{"href":"https:\/\/ultimato.com.br\/sites\/paralelo10\/wp-json\/wp\/v2\/media?parent=650"}],"wp:term":[{"taxonomy":"category","embeddable":true,"href":"https:\/\/ultimato.com.br\/sites\/paralelo10\/wp-json\/wp\/v2\/categories?post=650"},{"taxonomy":"post_tag","embeddable":true,"href":"https:\/\/ultimato.com.br\/sites\/paralelo10\/wp-json\/wp\/v2\/tags?post=650"}],"curies":[{"name":"wp","href":"https:\/\/api.w.org\/{rel}","templated":true}]}}