{"id":645,"date":"2010-04-07T09:22:33","date_gmt":"2010-04-07T12:22:33","guid":{"rendered":"http:\/\/ultimato.com.br\/blogs\/paralelo10\/?p=645"},"modified":"2010-04-07T09:27:07","modified_gmt":"2010-04-07T12:27:07","slug":"proclamando-as-boas-novas-no-sertao","status":"publish","type":"post","link":"https:\/\/ultimato.com.br\/sites\/paralelo10\/2010\/04\/proclamando-as-boas-novas-no-sertao\/","title":{"rendered":"Proclamando as boas novas no sert\u00e3o"},"content":{"rendered":"<p>Assista mais um exemplo do belo trabalho que o Minist\u00e9rio Sal da Terra, em parceria com outros grupos e igrejas, tem feito no sert\u00e3o pernambucano.<\/p>\n<p><img src=\"https:\/\/ultimato.com.br\/sites\/paralelo10\/wp-content\/plugins\/lightview-plus\/img\/novideo.png\" width=\"300\" height=\"168\" alt=\"Video not available\" \/><br \/><div style=\"background-color:#FFC0CB; border:1px solid silver; color:#110000; margin:0 0 1.5em; overflow:auto; padding: 3px;\">\n\t\t\t\t\t\t\t\t<strong>Provider:<\/strong>  <br \/>\n\t\t\t\t\t\t\t\t<strong>Title:<\/strong>  <br \/>\n\t\t\t\t\t\t\t\t<strong>Thumbnail URL:<\/strong>  <br \/>\n\t\t\t\t\t\t\t\t<strong>Embed URL:<\/strong>  <br \/>\n\t\t\t\t\t\t\t\t<strong>Link:<\/strong>  <br \/>\n\t\t\t\t\t\t\t\t<strong>Width:<\/strong>  px<br \/>\n\t\t\t\t\t\t\t\t<strong>Height:<\/strong>  px<br \/>\n\t\t\t\t\t\t\t\t<strong>Got data @:<\/strong> 30.4.2026 12:13:04<br \/>\n\t\t\t\t\t\t\t<\/div><\/p>\n<p>O <a href=\"http:\/\/saldaterrabanda.blogspot.com\/\" target=\"_blank\">Minist\u00e9rio Sal da Terra<\/a> \u00e9 uma associa\u00e7\u00e3o composta por crist\u00e3os de v\u00e1rias denomina\u00e7\u00f5es, unidos com um s\u00f3 prop\u00f3sito \u2013 apoiar integralmente \u00e0 expans\u00e3o do reino de Deus no sert\u00e3o nordestino. Para saber mais acesse o <a href=\"http:\/\/www.saldaterra.321.cn\/\">site<\/a> ou o <a href=\"http:\/\/saldaterrabanda.blogspot.com\/\">blog<\/a> deste minist\u00e9rio.<\/p>\n","protected":false},"excerpt":{"rendered":"<p>Assista mais um exemplo do belo trabalho que o Minist\u00e9rio Sal da Terra, em parceria com outros grupos e igrejas, tem feito no sert\u00e3o pernambucano. Provider: Title: Thumbnail URL: Embed URL: Link: Width: px Height: px Got data @: 30.4.2026 12:13:04 O Minist\u00e9rio Sal da Terra \u00e9 uma associa\u00e7\u00e3o composta por crist\u00e3os de v\u00e1rias denomina\u00e7\u00f5es, [&hellip;]<\/p>\n","protected":false},"author":2,"featured_media":0,"comment_status":"open","ping_status":"open","sticky":false,"template":"","format":"standard","meta":{"ngg_post_thumbnail":0,"footnotes":""},"categories":[6],"tags":[141,26,34,19,94],"class_list":["post-645","post","type-post","status-publish","format-standard","hentry","category-bom-tempero","tag-igreja-presbiteriana","tag-missao-integral","tag-nordeste","tag-sal-da-terra","tag-sertao"],"_links":{"self":[{"href":"https:\/\/ultimato.com.br\/sites\/paralelo10\/wp-json\/wp\/v2\/posts\/645","targetHints":{"allow":["GET"]}}],"collection":[{"href":"https:\/\/ultimato.com.br\/sites\/paralelo10\/wp-json\/wp\/v2\/posts"}],"about":[{"href":"https:\/\/ultimato.com.br\/sites\/paralelo10\/wp-json\/wp\/v2\/types\/post"}],"author":[{"embeddable":true,"href":"https:\/\/ultimato.com.br\/sites\/paralelo10\/wp-json\/wp\/v2\/users\/2"}],"replies":[{"embeddable":true,"href":"https:\/\/ultimato.com.br\/sites\/paralelo10\/wp-json\/wp\/v2\/comments?post=645"}],"version-history":[{"count":4,"href":"https:\/\/ultimato.com.br\/sites\/paralelo10\/wp-json\/wp\/v2\/posts\/645\/revisions"}],"predecessor-version":[{"id":648,"href":"https:\/\/ultimato.com.br\/sites\/paralelo10\/wp-json\/wp\/v2\/posts\/645\/revisions\/648"}],"wp:attachment":[{"href":"https:\/\/ultimato.com.br\/sites\/paralelo10\/wp-json\/wp\/v2\/media?parent=645"}],"wp:term":[{"taxonomy":"category","embeddable":true,"href":"https:\/\/ultimato.com.br\/sites\/paralelo10\/wp-json\/wp\/v2\/categories?post=645"},{"taxonomy":"post_tag","embeddable":true,"href":"https:\/\/ultimato.com.br\/sites\/paralelo10\/wp-json\/wp\/v2\/tags?post=645"}],"curies":[{"name":"wp","href":"https:\/\/api.w.org\/{rel}","templated":true}]}}