{"id":638,"date":"2010-04-05T11:22:28","date_gmt":"2010-04-05T14:22:28","guid":{"rendered":"http:\/\/ultimato.com.br\/blogs\/paralelo10\/?p=638"},"modified":"2010-04-23T14:56:53","modified_gmt":"2010-04-23T17:56:53","slug":"viagem-a-afua","status":"publish","type":"post","link":"https:\/\/ultimato.com.br\/sites\/paralelo10\/2010\/04\/viagem-a-afua\/","title":{"rendered":"Viagem a Afu\u00e1"},"content":{"rendered":"<p><a href=\"http:\/\/ultimato.com.br\/blogs\/paralelo10\/files\/2010\/04\/afua.jpg\" class=\"lightview\" data-lightview-group=\"group-638\" data-lightview-options=\"skin: 'dark', controls: 'relative', padding: '10', shadow: { color: '#000000', opacity: 0.08, blur: 3 }\" data-lightview-title=\"afua\"><img loading=\"lazy\" decoding=\"async\" class=\"alignright size-full wp-image-640\" style=\"margin: 10px;\" title=\"afua\" src=\"http:\/\/ultimato.com.br\/blogs\/paralelo10\/files\/2010\/04\/afua.jpg\" alt=\"\" width=\"320\" height=\"200\" srcset=\"https:\/\/ultimato.com.br\/sites\/paralelo10\/files\/2010\/04\/afua.jpg 320w, https:\/\/ultimato.com.br\/sites\/paralelo10\/files\/2010\/04\/afua-300x187.jpg 300w\" sizes=\"auto, (max-width: 320px) 100vw, 320px\" \/><\/a><\/p>\n<p>Por <em>Edson Alves<\/em><\/p>\n<p>Gostaria de contar um pouco da minha viagem \u00e0 cidade de Afu\u00e1, PA. Foram dez dias de muitas b\u00ean\u00e7\u00e3os.<\/p>\n<p>Eu e Gabriel, meu filho, sa\u00edmos de Castanhal, PA, no dia 19 de fevereiro para Macap\u00e1, AP, de navio. Chegamos ap\u00f3s uma viagem de 25 horas. Em Macap\u00e1 pegamos um barco para a cidade de Afu\u00e1, PA. Chegamos de madrugada. Pela manh\u00e3, pude ver alguns dos lugares mais bonitos e diferentes de nossa t\u00e3o grande regi\u00e3o. Foram, no total, 32 horas de viagem pelos rios da Amaz\u00f4nia, essa terra que tanto amo.<\/p>\n<p><!--more--><\/p>\n<p>Afu\u00e1, nome dado por causa do rio que a cerca, \u00e9 a \u00faltima cidade ao Norte da ilha de Maraj\u00f3, \u00e9 tamb\u00e9m conhecida como a \u201cVeneza Marajoara\u201d. Trata-se de uma cidade de 40 mil habitantes, onde tudo foi constru\u00eddo de madeira: suas casas, ruas e pra\u00e7as. L\u00e1 n\u00e3o existem carros e motos. Afu\u00e1 possui apenas tr\u00eas igrejas evang\u00e9licas: Assembleia de Deus, Presbiteriana e Batista.<\/p>\n<p>Ficamos hospedados na casa do pastor Junior e mission\u00e1ria Marina. Esse casal \u00e9 uma b\u00ean\u00e7\u00e3o em nossas vidas, pois foi h\u00e1 mais de 10 anos que, atrav\u00e9s deles, conhecemos o filme Jesus, e logo em seguida, a  Cruzada Estudantil e Profissional para Cristo (CEPC).<\/p>\n<p>Durante este tempo pude ver e participar do lindo trabalho que eles est\u00e3o realizando nesta cidade. S\u00e3o mais de 100 crian\u00e7as atendidas. Eles t\u00eam trabalho de pintura, dan\u00e7a, ensino da B\u00edblia, e todas recebem lanche ao final das reuni\u00f5es. Tamb\u00e9m existe um trabalho que tem alcan\u00e7ado adolescentes, jovens e adultos. Pude acompanhar o discipulado que o pr. Junior est\u00e1 realizando com v\u00e1rios jovens e a mission\u00e1ria Marina, com as crian\u00e7as e adolescentes.<\/p>\n<p>No s\u00e1bado, ajudamos no desmonte de uma ponte de madeira e, durante toda a manh\u00e3, com a ajuda de crian\u00e7as e adolescentes, realizamos uma limpeza na \u00e1rea da creche.<\/p>\n<p>Outra pessoa que pudemos rever foi o mission\u00e1rio Edivaldo, que estar\u00e1 servindo, a partir desse m\u00eas, no Estado do Rio Grande do Norte. Pude ouvir muitos testemunhos de vidas transformadas e pessoas que j\u00e1 s\u00e3o lideres.<\/p>\n<p>Preparamos para todos os pastores contatados, um kit com alguns materiais, com amostras de ferramentas da Cruzada Estudantil e Profissional para Cristo (CEPC) e parceiros. Creio que ser\u00e1 de grande proveito. Gl\u00f3ria a Deus.<\/p>\n<p><em><strong>Edson C. Alves<\/strong><\/em> \u00e9 mission\u00e1rio da CEPC, mora em Castanhal, PA e \u00e9 amigo do Paralelo 10.<\/p>\n","protected":false},"excerpt":{"rendered":"<p>Por Edson Alves Gostaria de contar um pouco da minha viagem \u00e0 cidade de Afu\u00e1, PA. Foram dez dias de muitas b\u00ean\u00e7\u00e3os. Eu e Gabriel, meu filho, sa\u00edmos de Castanhal, PA, no dia 19 de fevereiro para Macap\u00e1, AP, de navio. Chegamos ap\u00f3s uma viagem de 25 horas. Em Macap\u00e1 pegamos um barco para a [&hellip;]<\/p>\n","protected":false},"author":2,"featured_media":0,"comment_status":"open","ping_status":"open","sticky":false,"template":"","format":"standard","meta":{"ngg_post_thumbnail":0,"footnotes":""},"categories":[95],"tags":[140,26],"class_list":["post-638","post","type-post","status-publish","format-standard","hentry","category-testemunhos","tag-cepc","tag-missao-integral"],"_links":{"self":[{"href":"https:\/\/ultimato.com.br\/sites\/paralelo10\/wp-json\/wp\/v2\/posts\/638","targetHints":{"allow":["GET"]}}],"collection":[{"href":"https:\/\/ultimato.com.br\/sites\/paralelo10\/wp-json\/wp\/v2\/posts"}],"about":[{"href":"https:\/\/ultimato.com.br\/sites\/paralelo10\/wp-json\/wp\/v2\/types\/post"}],"author":[{"embeddable":true,"href":"https:\/\/ultimato.com.br\/sites\/paralelo10\/wp-json\/wp\/v2\/users\/2"}],"replies":[{"embeddable":true,"href":"https:\/\/ultimato.com.br\/sites\/paralelo10\/wp-json\/wp\/v2\/comments?post=638"}],"version-history":[{"count":4,"href":"https:\/\/ultimato.com.br\/sites\/paralelo10\/wp-json\/wp\/v2\/posts\/638\/revisions"}],"predecessor-version":[{"id":642,"href":"https:\/\/ultimato.com.br\/sites\/paralelo10\/wp-json\/wp\/v2\/posts\/638\/revisions\/642"}],"wp:attachment":[{"href":"https:\/\/ultimato.com.br\/sites\/paralelo10\/wp-json\/wp\/v2\/media?parent=638"}],"wp:term":[{"taxonomy":"category","embeddable":true,"href":"https:\/\/ultimato.com.br\/sites\/paralelo10\/wp-json\/wp\/v2\/categories?post=638"},{"taxonomy":"post_tag","embeddable":true,"href":"https:\/\/ultimato.com.br\/sites\/paralelo10\/wp-json\/wp\/v2\/tags?post=638"}],"curies":[{"name":"wp","href":"https:\/\/api.w.org\/{rel}","templated":true}]}}