{"id":6257,"date":"2017-07-21T16:17:55","date_gmt":"2017-07-21T19:17:55","guid":{"rendered":"http:\/\/ultimato.com.br\/sites\/paralelo10\/?p=6257"},"modified":"2017-07-21T16:17:55","modified_gmt":"2017-07-21T19:17:55","slug":"regiao-norte-concentra-maior-parte-de-crimes-contra-defensores-ambientais","status":"publish","type":"post","link":"https:\/\/ultimato.com.br\/sites\/paralelo10\/2017\/07\/regiao-norte-concentra-maior-parte-de-crimes-contra-defensores-ambientais\/","title":{"rendered":"Regi\u00e3o norte concentra maior parte de crimes contra defensores ambientais"},"content":{"rendered":"<p>O Brasil \u00e9 o pa\u00eds com o maior n\u00famero de defensoras e defensores de direitos humanos e ambientais assassinados em 2016. De acordo com levantamento da <a href=\"https:\/\/www.facebook.com\/GlobalWitness\/?fref=mentions\" data-hovercard=\"\/ajax\/hovercard\/page.php?id=158298700898126&amp;extragetparams=%7B%22fref%22%3A%22mentions%22%7D\" data-hovercard-prefer-more-content-show=\"1\">Global Witness<\/a>, foram 49 mortes neste per\u00edodo &#8211; o que nos coloca no topo da lista entre os 24 pa\u00edses analisados. A maior parte dos crimes aconteceu na regi\u00e3o Norte. Assista ao v\u00eddeo produzido pela Conectas Direitos Humanos.<\/p>\n<p>&nbsp;<iframe loading=\"lazy\" style=\"border: none; overflow: hidden;\" src=\"https:\/\/www.facebook.com\/plugins\/video.php?href=https%3A%2F%2Fwww.facebook.com%2Fconectas%2Fvideos%2F1455633044515010%2F&amp;show_text=0&amp;width=560\" scrolling=\"no\" allowfullscreen=\"allowfullscreen\" width=\"560\" height=\"315\" frameborder=\"0\"><\/iframe><\/p>\n","protected":false},"excerpt":{"rendered":"<p>O Brasil \u00e9 o pa\u00eds com o maior n\u00famero de defensoras e defensores de direitos humanos e ambientais assassinados em 2016. De acordo com levantamento da Global Witness, foram 49 mortes neste per\u00edodo &#8211; o que nos coloca no topo da lista entre os 24 pa\u00edses analisados. A maior parte dos crimes aconteceu na regi\u00e3o [&hellip;]<\/p>\n","protected":false},"author":24,"featured_media":0,"comment_status":"open","ping_status":"open","sticky":false,"template":"","format":"standard","meta":{"ngg_post_thumbnail":0,"footnotes":""},"categories":[7],"tags":[34398,18319,165,122,6097],"class_list":["post-6257","post","type-post","status-publish","format-standard","hentry","category-noticias","tag-ambientalistas","tag-direitos-humanos","tag-meio-ambiente","tag-norte","tag-violencia"],"_links":{"self":[{"href":"https:\/\/ultimato.com.br\/sites\/paralelo10\/wp-json\/wp\/v2\/posts\/6257","targetHints":{"allow":["GET"]}}],"collection":[{"href":"https:\/\/ultimato.com.br\/sites\/paralelo10\/wp-json\/wp\/v2\/posts"}],"about":[{"href":"https:\/\/ultimato.com.br\/sites\/paralelo10\/wp-json\/wp\/v2\/types\/post"}],"author":[{"embeddable":true,"href":"https:\/\/ultimato.com.br\/sites\/paralelo10\/wp-json\/wp\/v2\/users\/24"}],"replies":[{"embeddable":true,"href":"https:\/\/ultimato.com.br\/sites\/paralelo10\/wp-json\/wp\/v2\/comments?post=6257"}],"version-history":[{"count":4,"href":"https:\/\/ultimato.com.br\/sites\/paralelo10\/wp-json\/wp\/v2\/posts\/6257\/revisions"}],"predecessor-version":[{"id":6261,"href":"https:\/\/ultimato.com.br\/sites\/paralelo10\/wp-json\/wp\/v2\/posts\/6257\/revisions\/6261"}],"wp:attachment":[{"href":"https:\/\/ultimato.com.br\/sites\/paralelo10\/wp-json\/wp\/v2\/media?parent=6257"}],"wp:term":[{"taxonomy":"category","embeddable":true,"href":"https:\/\/ultimato.com.br\/sites\/paralelo10\/wp-json\/wp\/v2\/categories?post=6257"},{"taxonomy":"post_tag","embeddable":true,"href":"https:\/\/ultimato.com.br\/sites\/paralelo10\/wp-json\/wp\/v2\/tags?post=6257"}],"curies":[{"name":"wp","href":"https:\/\/api.w.org\/{rel}","templated":true}]}}