{"id":6212,"date":"2017-06-16T08:00:54","date_gmt":"2017-06-16T11:00:54","guid":{"rendered":"http:\/\/ultimato.com.br\/sites\/paralelo10\/?p=6212"},"modified":"2017-06-09T16:15:38","modified_gmt":"2017-06-09T19:15:38","slug":"voltei-para-falar-do-amor-de-deus-para-o-meu-povo","status":"publish","type":"post","link":"https:\/\/ultimato.com.br\/sites\/paralelo10\/2017\/06\/voltei-para-falar-do-amor-de-deus-para-o-meu-povo\/","title":{"rendered":"Voltei para falar do amor de Deus para o meu povo"},"content":{"rendered":"<h5><span style=\"color: #993300;\">ACONTECEU COMIGO &#8211; MEU ENCONTRO COM JESUS<\/span><\/h5>\n<p>\u201cSou grato para com aquele que me fortaleceu, Cristo Jesus, nosso Senhor, que me considerou fiel, designando-me para o minist\u00e9rio.\u201d 1 Tm 1.12<\/p>\n<div id=\"attachment_6210\" style=\"width: 410px\" class=\"wp-caption alignright\"><a href=\"http:\/\/ultimato.com.br\/sites\/paralelo10\/files\/2017\/06\/Foto-Lindelvan_bar\u00e9.jpeg\"><img loading=\"lazy\" decoding=\"async\" aria-describedby=\"caption-attachment-6210\" class=\"wp-image-6210 size-full\" src=\"http:\/\/ultimato.com.br\/sites\/paralelo10\/files\/2017\/06\/Foto-Lindelvan_bar\u00e9.jpeg\" alt=\"\" height=\"366\" width=\"400\" srcset=\"https:\/\/ultimato.com.br\/sites\/paralelo10\/files\/2017\/06\/Foto-Lindelvan_bar\u00e9.jpeg 400w, https:\/\/ultimato.com.br\/sites\/paralelo10\/files\/2017\/06\/Foto-Lindelvan_bar\u00e9-300x275.jpeg 300w\" sizes=\"auto, (max-width: 400px) 100vw, 400px\" \/><\/a><p id=\"caption-attachment-6210\" class=\"wp-caption-text\">Lindelvan Costa, ind\u00edgena da etnia Bar\u00e9 e mission\u00e1rio da WEC Amaz\u00f4nia\/Projeto Amanaj\u00e9 (Foto: arquivo pessoal)<\/p><\/div>\n<p>Quando paro para meditar nesse texto do ap\u00f3stolo Paulo a Tim\u00f3teo, o que me vem \u00e0 mem\u00f3ria lendo \u00e9 a minha trajet\u00f3ria de vida. Esse vers\u00edculo me traz a certeza e a plena convic\u00e7\u00e3o do chamado de Deus na minha vida, nos versos de 12 a 17 Paulo conta em resumo a sua hist\u00f3ria de vida antes de sua convers\u00e3o, isso me faz lembrar do estado em que me encontrava quando conheci o evangelho de Cristo, em 2006.<\/p>\n<p>Primeiramente irei me apresentar. Meu nome \u00e9 Lindelvan, sou ind\u00edgena da etnia Bar\u00e9, nasci em uma comunidade ind\u00edgena no interior de S\u00e3o Gabriel da Cachoeira, munic\u00edpio do Amazonas, regi\u00e3o do Alto Rio Negro. Vivi nessa comunidade at\u00e9 os meus oito anos de idade. Foi ent\u00e3o que meu pai decidiu nos trazer, eu e meus irm\u00e3os, para a cidade; com o objetivo de nos dar uma condi\u00e7\u00e3o de vida melhor, nos capacitar, nos dando uma boa educa\u00e7\u00e3o escolar, pois n\u00e3o t\u00ednhamos esse privil\u00e9gio de uma boa condi\u00e7\u00e3o de estudo na comunidade ind\u00edgena.<\/p>\n<p>Passei a maior parte de minha vida na cidade de S\u00e3o Gabriel da Cachoeira, por isso perdi um pouco de minha identidade cultural, pois passei a vida mais no contexto do n\u00e3o ind\u00edgena do que do ind\u00edgena. Fiz o ensino m\u00e9dio e comecei a trabalhar, infelizmente tive a infelicidade de cair no v\u00edcio do alcoolismo e isso me trouxe muita dor e frustra\u00e7\u00e3o. Quando crian\u00e7a sonhava em estudar e ser algu\u00e9m importante na vida, mas, esses planos foram destru\u00eddos e o instrumento dessa destrui\u00e7\u00e3o foi a depend\u00eancia qu\u00edmica, que acabou com a minha vida. Acho lindo um texto que Jesus diz; o ladr\u00e3o vem somente para roubar, matar e destruir; \u201ceu vim para que tenham vida e a tenham em abund\u00e2ncia\u201d.<\/p>\n<p><!--more--><\/p>\n<p>Em um ato de desespero e j\u00e1 sem esperan\u00e7a, sem ter uma sa\u00edda, tentei suic\u00eddio v\u00e1rias vezes. Achava que tudo tinha acabado e que j\u00e1 n\u00e3o tinha jeito para mim, a \u00fanica solu\u00e7\u00e3o seria a morte. Pensava: \u201cisso vai me trazer paz e descanso, tanto para mim como para minha fam\u00edlia.\u201d Afinal de contas o problema n\u00e3o afetava s\u00f3 a mim, os meus pais tamb\u00e9m sofriam junto comigo. Em meio a essa tempestade toda conheci uma mission\u00e1ria chamada Elisangela Silva. Elame tratou de um jeito diferente, acabei me tornando seu amigo e logo depois amigo de seu esposo, C\u00e1cio silva. Eles come\u00e7aram falando do amor de Deus e, lembro que no meu discipulado, C\u00e1cio me falava da queda do homem e do plano de salva\u00e7\u00e3o de nosso Deus, que todos pecaram e carecem da gl\u00f3ria de Deus. A partir da\u00ed comecei a abrir o cora\u00e7\u00e3o a ele, contando de minha dificuldade, que bebia muito e n\u00e3o me controlava, mas que a minha vontade era de ter uma vida normal, e que queria ser liberto.<\/p>\n<p>Vi em Cristo uma porta para a liberdade, j\u00e1 tinha tentado de tudo para ser livre. Ent\u00e3o em dezembro de 2007 resolvi batizar e come\u00e7ar uma nova vida, pena que n\u00e3o durou muito tempo. A depend\u00eancia qu\u00edmica j\u00e1 tinha me dominado, por mais que tentava firmar na igreja eu n\u00e3o conseguia \u2013 o bem que eu queria fazer n\u00e3o fazia, mas o mal que n\u00e3o queria fazer isso eu fazia. O m\u00e1ximo que conseguia era ficar alguns meses sem ingerir bebida alco\u00f3lica, mas qualquer luta que vinha eu n\u00e3o conseguia me conter e caia novamente. At\u00e9 que um dia decidi sair da igreja porque n\u00e3o conseguia firmar, fiquei praticamente quase dois anos sem entrar em uma igreja evang\u00e9lica. Sou grato a Deus pelas vidas de C\u00e1cio e Elisangela, porque mesmo tendo me afastado da igreja eles nunca desistiram de mim. A Elisangela, nos finais de semana, sempre ligava para minha m\u00e3e para saber como eu estava. Sempre que me sentia mal corria para casa deles e eles sempre me atendiam bem e com muito amor.<\/p>\n<p><a href=\"http:\/\/ultimato.com.br\/sites\/paralelo10\/files\/2017\/05\/selo_encontroscomjesus_OK.jpg\" class=\"lightview\" data-lightview-group=\"group-6212\" data-lightview-options=\"skin: 'dark', controls: 'relative', padding: '10', shadow: { color: '#000000', opacity: 0.08, blur: 3 }\"><img loading=\"lazy\" decoding=\"async\" class=\"size-full wp-image-6120 alignright\" src=\"http:\/\/ultimato.com.br\/sites\/paralelo10\/files\/2017\/05\/selo_encontroscomjesus_OK.jpg\" alt=\"\" height=\"228\" width=\"250\"\/><\/a>Em um conversa com C\u00e1cio ele me perguntou se eu n\u00e3o toparia passar por uma cl\u00ednica de recupera\u00e7\u00e3o para dependentes qu\u00edmicos. Fui um pouco resistente no in\u00edcio, mas depois aceitei a proposta. Em outubro de 2011 fui para Belo Horizonte (MG) fazer o tratamento qu\u00edmico, e l\u00e1 dentro daquela cl\u00ednica de recupera\u00e7\u00e3o tive um encontro real com Cristo Jesus. Isso mudou a minha vida e consequentemente a minha hist\u00f3ria. Ent\u00e3o Jesus me deu vida estando eu morto nos meus pecados e delitos, me deu planos e abriu portas. Em ora\u00e7\u00e3o a Deus tive a convic\u00e7\u00e3o que Deus havia me trazido para Belo Horizonte para que eu pudesse me encaixar no prop\u00f3sito dEle, naquilo que ele tinha preparado para mim, e logo me veio na mente e no cora\u00e7\u00e3o a vontade de fazer um semin\u00e1rio teol\u00f3gico. Faltando um m\u00eas para minha sa\u00edda da cl\u00ednica de recupera\u00e7\u00e3o, entrei em contato com C\u00e1cio para ver se havia uma possibilidade de ficar em Belo horizonte com o objetivo de estudar. Ele entrou em contato com o mission\u00e1rio Everaldo Fraga, do Projeto Tair\u00fa, e o mission\u00e1rio me aceitou, me dando moradia e alimenta\u00e7\u00e3o.<\/p>\n<p>Em agosto de 2012 comecei o semin\u00e1rio teol\u00f3gico, no Cristo Para as Na\u00e7\u00f5es, realizando assim aquilo que Deus havia preparada para minha vida. Fiquei no projeto Tair\u00fa at\u00e9 agosto de 2014, depois fui morar com dona Alva Couto, amiga de meus pastores, e me tornei membro da Oitava Igreja Presbiteriana de Belo Horizonte. Comecei a me envolver com a distribui\u00e7\u00e3o de sopa para moradores de rua e tamb\u00e9m do retiro com Deus. Jesus cristo me aben\u00e7oou muito, posso olhar para tr\u00e1s e dizer que at\u00e9 aqui o Senhor me ajudou. Formei em dezembro de 2015 para honra e gl\u00f3ria de meu Deus.<\/p>\n<p>Hoje sou formado em Bacharel em teologia pelo Semin\u00e1rio Cristo Para as Na\u00e7\u00f5es, com \u00eanfase missiol\u00f3gica, e mission\u00e1rio do WEC Amaz\u00f4nia\/Projeto Amanaj\u00e9, atuando no trabalho de evangeliza\u00e7\u00e3o de povos n\u00e3o alcan\u00e7ados pelo Evangelho no noroeste do estado do Amazonas. Pelos des\u00edgnios de Deus voltei para S\u00e3o Gabriel da Cachoeira para dizer ao meu povo que \u201cDeus amou o mundo de tal maneira que deu seu filho unig\u00eanito, para que todo o que nele cr\u00ea n\u00e3o pere\u00e7a, mas tenha a vida eterna.<\/p>\n<p><strong>\u2022 Lindelvan Costa, <\/strong>mission\u00e1rio da WEC Amaz\u00f4nia\/Projeto Amanaj\u00e9.<\/p>\n","protected":false},"excerpt":{"rendered":"<p>ACONTECEU COMIGO &#8211; MEU ENCONTRO COM JESUS \u201cSou grato para com aquele que me fortaleceu, Cristo Jesus, nosso Senhor, que me considerou fiel, designando-me para o minist\u00e9rio.\u201d 1 Tm 1.12 Quando paro para meditar nesse texto do ap\u00f3stolo Paulo a Tim\u00f3teo, o que me vem \u00e0 mem\u00f3ria lendo \u00e9 a minha trajet\u00f3ria de vida. Esse [&hellip;]<\/p>\n","protected":false},"author":24,"featured_media":0,"comment_status":"open","ping_status":"open","sticky":false,"template":"","format":"standard","meta":{"ngg_post_thumbnail":0,"footnotes":""},"categories":[95],"tags":[32228,34374,18408,5629,34360,107],"class_list":["post-6212","post","type-post","status-publish","format-standard","hentry","category-testemunhos","tag-aconteceu-comigo","tag-bare","tag-conversao","tag-indigena","tag-meu-encontro-com-jesus","tag-testemunho"],"_links":{"self":[{"href":"https:\/\/ultimato.com.br\/sites\/paralelo10\/wp-json\/wp\/v2\/posts\/6212","targetHints":{"allow":["GET"]}}],"collection":[{"href":"https:\/\/ultimato.com.br\/sites\/paralelo10\/wp-json\/wp\/v2\/posts"}],"about":[{"href":"https:\/\/ultimato.com.br\/sites\/paralelo10\/wp-json\/wp\/v2\/types\/post"}],"author":[{"embeddable":true,"href":"https:\/\/ultimato.com.br\/sites\/paralelo10\/wp-json\/wp\/v2\/users\/24"}],"replies":[{"embeddable":true,"href":"https:\/\/ultimato.com.br\/sites\/paralelo10\/wp-json\/wp\/v2\/comments?post=6212"}],"version-history":[{"count":1,"href":"https:\/\/ultimato.com.br\/sites\/paralelo10\/wp-json\/wp\/v2\/posts\/6212\/revisions"}],"predecessor-version":[{"id":6213,"href":"https:\/\/ultimato.com.br\/sites\/paralelo10\/wp-json\/wp\/v2\/posts\/6212\/revisions\/6213"}],"wp:attachment":[{"href":"https:\/\/ultimato.com.br\/sites\/paralelo10\/wp-json\/wp\/v2\/media?parent=6212"}],"wp:term":[{"taxonomy":"category","embeddable":true,"href":"https:\/\/ultimato.com.br\/sites\/paralelo10\/wp-json\/wp\/v2\/categories?post=6212"},{"taxonomy":"post_tag","embeddable":true,"href":"https:\/\/ultimato.com.br\/sites\/paralelo10\/wp-json\/wp\/v2\/tags?post=6212"}],"curies":[{"name":"wp","href":"https:\/\/api.w.org\/{rel}","templated":true}]}}