{"id":6177,"date":"2017-06-08T08:55:36","date_gmt":"2017-06-08T11:55:36","guid":{"rendered":"http:\/\/ultimato.com.br\/sites\/paralelo10\/?p=6177"},"modified":"2017-06-09T16:30:03","modified_gmt":"2017-06-09T19:30:03","slug":"aboliu-minhas-dividas","status":"publish","type":"post","link":"https:\/\/ultimato.com.br\/sites\/paralelo10\/2017\/06\/aboliu-minhas-dividas\/","title":{"rendered":"Aboliu minhas d\u00edvidas"},"content":{"rendered":"<h5 style=\"text-align: left;\"><em><span style=\"color: #808000;\">Poesia fotogr\u00e1fica, por Zenilda Lua e e John Medcraft<br \/>\n<\/span><\/em><\/h5>\n<blockquote>\n<p style=\"text-align: left;\">Aboliu minhas d\u00edvidas<br \/>\ndilui os meus medos<br \/>\nvisitou meus c\u00f4modos mais secretos<br \/>\npostergou meu degredo.<br \/>\nEscreveu no seu livro o meu nome completo<br \/>\ne calcou no meu c\u00e1lice vinho demi-seco.<br \/>\nN\u00e3o falou a palavra crep\u00fasculo,<br \/>\nn\u00e3o me deu um abra\u00e7o nem sonhos de valsa<br \/>\ns\u00f3 confiou-me os top\u00e1zios mais alto,<br \/>\nas perobas do campo<br \/>\ne do\u00e7uras perp\u00e9tuas.<br \/>\n&#8220;As muitas \u00e1guas n\u00e3o poder\u00e3o apagar esse amor<br \/>\nnem os rios mais cheios ir\u00e3o afog\u00e1-lo&#8221;.<\/p>\n<p style=\"text-align: left;\"><em><a href=\"https:\/\/www.facebook.com\/zenilda.lua?fref=mentions\">Zenilda Lua<\/a><br \/>\n<\/em><\/p>\n<\/blockquote>\n<div id=\"attachment_6178\" style=\"width: 760px\" class=\"wp-caption aligncenter\"><a href=\"http:\/\/ultimato.com.br\/sites\/paralelo10\/files\/2017\/06\/john-medcraft-louvado-seja-deus.jpg\" class=\"lightview\" data-lightview-group=\"group-6177\" data-lightview-options=\"skin: 'dark', controls: 'relative', padding: '10', shadow: { color: '#000000', opacity: 0.08, blur: 3 }\"><img loading=\"lazy\" decoding=\"async\" aria-describedby=\"caption-attachment-6178\" class=\"wp-image-6178 size-large\" src=\"http:\/\/ultimato.com.br\/sites\/paralelo10\/files\/2017\/06\/john-medcraft-louvado-seja-deus-1024x779.jpg\" alt=\"\" height=\"571\" width=\"750\" srcset=\"https:\/\/ultimato.com.br\/sites\/paralelo10\/files\/2017\/06\/john-medcraft-louvado-seja-deus-1024x779.jpg 1024w, https:\/\/ultimato.com.br\/sites\/paralelo10\/files\/2017\/06\/john-medcraft-louvado-seja-deus-300x228.jpg 300w, https:\/\/ultimato.com.br\/sites\/paralelo10\/files\/2017\/06\/john-medcraft-louvado-seja-deus-768x584.jpg 768w, https:\/\/ultimato.com.br\/sites\/paralelo10\/files\/2017\/06\/john-medcraft-louvado-seja-deus-732x557.jpg 732w, https:\/\/ultimato.com.br\/sites\/paralelo10\/files\/2017\/06\/john-medcraft-louvado-seja-deus-1140x868.jpg 1140w, https:\/\/ultimato.com.br\/sites\/paralelo10\/files\/2017\/06\/john-medcraft-louvado-seja-deus.jpg 1799w\" sizes=\"auto, (max-width: 750px) 100vw, 750px\" \/><\/a><p id=\"caption-attachment-6178\" class=\"wp-caption-text\">Foto: John Philip Medcraft<\/p><\/div>\n<p><strong>\u2022 Zenilda Lua<\/strong>, nascida em Patos (PB), reside atualmente em S\u00e3o Jos\u00e9 dos Campos(SP). Atua como Assistente Social, escreveu livros de poemas e \u00e9 m\u00e3e de Brisa.<\/p>\n<p><strong>\u2022 John Philip Medcraft<\/strong>, nascido em Londres, naturalizado brasileiro, mora em Patos (PB) h\u00e1 45 anos. \u00c9 pastor presidente da ACEV (A\u00e7\u00e3o Evang\u00e9lica) com compromisso com miss\u00e3o integral nos sert\u00f5es nordestinos. Apaixonado por Jesus, Betinha, Caatinga e QPR (idealmente nesta ordem).<\/p>\n","protected":false},"excerpt":{"rendered":"<p>Poesia fotogr\u00e1fica, por Zenilda Lua e e John Medcraft Aboliu minhas d\u00edvidas dilui os meus medos visitou meus c\u00f4modos mais secretos postergou meu degredo. Escreveu no seu livro o meu nome completo e calcou no meu c\u00e1lice vinho demi-seco. N\u00e3o falou a palavra crep\u00fasculo, n\u00e3o me deu um abra\u00e7o nem sonhos de valsa s\u00f3 confiou-me [&hellip;]<\/p>\n","protected":false},"author":24,"featured_media":0,"comment_status":"open","ping_status":"open","sticky":false,"template":"","format":"standard","meta":{"ngg_post_thumbnail":0,"footnotes":""},"categories":[5],"tags":[11100,160,34368],"class_list":["post-6177","post","type-post","status-publish","format-standard","hentry","category-arte-e-cultura","tag-fotografia","tag-poesia","tag-poesia-fotografica"],"_links":{"self":[{"href":"https:\/\/ultimato.com.br\/sites\/paralelo10\/wp-json\/wp\/v2\/posts\/6177","targetHints":{"allow":["GET"]}}],"collection":[{"href":"https:\/\/ultimato.com.br\/sites\/paralelo10\/wp-json\/wp\/v2\/posts"}],"about":[{"href":"https:\/\/ultimato.com.br\/sites\/paralelo10\/wp-json\/wp\/v2\/types\/post"}],"author":[{"embeddable":true,"href":"https:\/\/ultimato.com.br\/sites\/paralelo10\/wp-json\/wp\/v2\/users\/24"}],"replies":[{"embeddable":true,"href":"https:\/\/ultimato.com.br\/sites\/paralelo10\/wp-json\/wp\/v2\/comments?post=6177"}],"version-history":[{"count":8,"href":"https:\/\/ultimato.com.br\/sites\/paralelo10\/wp-json\/wp\/v2\/posts\/6177\/revisions"}],"predecessor-version":[{"id":6218,"href":"https:\/\/ultimato.com.br\/sites\/paralelo10\/wp-json\/wp\/v2\/posts\/6177\/revisions\/6218"}],"wp:attachment":[{"href":"https:\/\/ultimato.com.br\/sites\/paralelo10\/wp-json\/wp\/v2\/media?parent=6177"}],"wp:term":[{"taxonomy":"category","embeddable":true,"href":"https:\/\/ultimato.com.br\/sites\/paralelo10\/wp-json\/wp\/v2\/categories?post=6177"},{"taxonomy":"post_tag","embeddable":true,"href":"https:\/\/ultimato.com.br\/sites\/paralelo10\/wp-json\/wp\/v2\/tags?post=6177"}],"curies":[{"name":"wp","href":"https:\/\/api.w.org\/{rel}","templated":true}]}}