{"id":5871,"date":"2017-02-17T11:38:59","date_gmt":"2017-02-17T14:38:59","guid":{"rendered":"http:\/\/ultimato.com.br\/sites\/paralelo10\/?p=5871"},"modified":"2017-02-17T11:40:04","modified_gmt":"2017-02-17T14:40:04","slug":"cemeadores-de-sonhos-mudam-historias-de-criancas-e-adolescentes","status":"publish","type":"post","link":"https:\/\/ultimato.com.br\/sites\/paralelo10\/2017\/02\/cemeadores-de-sonhos-mudam-historias-de-criancas-e-adolescentes\/","title":{"rendered":"\u2018Cemeadores\u2019 de sonhos mudam hist\u00f3rias de crian\u00e7as e adolescentes"},"content":{"rendered":"<p><span style=\"color: #808000;\">Por Priscila Mesquita<\/span><strong><br \/>\n<\/strong><\/p>\n<p><strong>Volunt\u00e1rios do \u2018Cemear\u2019 atuam em Anori, no interior do AM<\/strong><\/p>\n<div id=\"attachment_5873\" style=\"width: 372px\" class=\"wp-caption alignright\"><a href=\"http:\/\/ultimato.com.br\/sites\/paralelo10\/files\/2017\/02\/P10_17_02_17_Cemear02.jpg\" class=\"lightview\" data-lightview-group=\"group-5871\" data-lightview-options=\"skin: 'dark', controls: 'relative', padding: '10', shadow: { color: '#000000', opacity: 0.08, blur: 3 }\"><img loading=\"lazy\" decoding=\"async\" aria-describedby=\"caption-attachment-5873\" class=\"wp-image-5873 size-full\" src=\"http:\/\/ultimato.com.br\/sites\/paralelo10\/files\/2017\/02\/P10_17_02_17_Cemear02.jpg\" height=\"225\" width=\"362\" srcset=\"https:\/\/ultimato.com.br\/sites\/paralelo10\/files\/2017\/02\/P10_17_02_17_Cemear02.jpg 362w, https:\/\/ultimato.com.br\/sites\/paralelo10\/files\/2017\/02\/P10_17_02_17_Cemear02-300x186.jpg 300w, https:\/\/ultimato.com.br\/sites\/paralelo10\/files\/2017\/02\/P10_17_02_17_Cemear02-150x93.jpg 150w\" sizes=\"auto, (max-width: 362px) 100vw, 362px\" \/><\/a><p id=\"caption-attachment-5873\" class=\"wp-caption-text\">A coordenadora do Cemear, Leandra Tomieiro, faz uma li\u00e7\u00e3o com as crian\u00e7as (Foto: Guilherme Marques)<\/p><\/div>\n<p>Eles t\u00eam entre 10 e 12 anos de idade, s\u00e3o vizinhos e moram no munic\u00edpio de Anori, a 245 quil\u00f4metros de Manaus. Mas al\u00e9m da faixa et\u00e1ria e do contexto social id\u00eanticos, esses tr\u00eas amazonenses possuem ainda outra caracter\u00edstica em comum: a sobrevivente capacidade de sonhar.&nbsp;<\/p>\n<p>Os nomes deles? Darlison Souza, Kamile Lima e Ana Paula Viana. Seus sonhos? Darlison quer ingressar no Ex\u00e9rcito, enquanto Kamile e Ana Paula pretendem ser veterin\u00e1rias. Mas entre o presente e o futuro h\u00e1 um rio caudaloso de desafios a ser percorrido, semelhante ao extenso Solim\u00f5es que banha a cidade de Anori.<\/p>\n<p>Quem visita o Beco dos Aposentados, onde vivem os tr\u00eas pr\u00e9-adolescentes, v\u00ea muitas crian\u00e7as e adolescentes brincando descal\u00e7os em ch\u00e3o de terra batida, cercados pelos perigos do tr\u00e1fico de drogas, da prostitui\u00e7\u00e3o e outros males da desigualdade social. Para alguns adultos, a fotografia cheia de palafitas e criminalidade j\u00e1 seria suficiente para colocar uma pedra sobre os sonhos de Darlison, Kamile e Ana Paula.<\/p>\n<p>Mas esta n\u00e3o \u00e9 a perspectiva da equipe de volunt\u00e1rios e \u201ccemeadores\u201d do Centro Educacional Mission\u00e1rio Esperan\u00e7a, Amor e Resgate, o Cemear.<\/p>\n<p>Em funcionamento desde 2014, o Centro \u00e9 uma associa\u00e7\u00e3o sem fins lucrativos que atende a crian\u00e7as e adolescentes de 9 a 14 anos com aulas de alfabetiza\u00e7\u00e3o, inform\u00e1tica, m\u00fasica e complemento escolar (portugu\u00eas e matem\u00e1tica).<!--more--><\/p>\n<p>Atualmente, 42 alunos est\u00e3o matriculados na institui\u00e7\u00e3o, todos oriundos de fam\u00edlias de baixo poder aquisitivo.&nbsp; Com uma proposta pedag\u00f3gica baseada em valores crist\u00e3os, o Cemear busca transmitir aos participantes ensinamentos b\u00edblicos que os ajudam a mudar sua forma de pensar e agir. Duas vezes por semana, eles participam de reflex\u00f5es antes ou ap\u00f3s as aulas, onde t\u00eam a oportunidade de aprender um princ\u00edpio b\u00edblico e discutir o assunto com os colegas e professoras.&nbsp;<\/p>\n<div id=\"attachment_5872\" style=\"width: 366px\" class=\"wp-caption alignright\"><a href=\"http:\/\/ultimato.com.br\/sites\/paralelo10\/files\/2017\/02\/P10_17_02_17_Cemear01.jpg\" class=\"lightview\" data-lightview-group=\"group-5871\" data-lightview-options=\"skin: 'dark', controls: 'relative', padding: '10', shadow: { color: '#000000', opacity: 0.08, blur: 3 }\"><img loading=\"lazy\" decoding=\"async\" aria-describedby=\"caption-attachment-5872\" class=\"wp-image-5872 size-full\" src=\"http:\/\/ultimato.com.br\/sites\/paralelo10\/files\/2017\/02\/P10_17_02_17_Cemear01.jpg\" height=\"225\" width=\"356\" srcset=\"https:\/\/ultimato.com.br\/sites\/paralelo10\/files\/2017\/02\/P10_17_02_17_Cemear01.jpg 356w, https:\/\/ultimato.com.br\/sites\/paralelo10\/files\/2017\/02\/P10_17_02_17_Cemear01-300x190.jpg 300w, https:\/\/ultimato.com.br\/sites\/paralelo10\/files\/2017\/02\/P10_17_02_17_Cemear01-150x95.jpg 150w\" sizes=\"auto, (max-width: 356px) 100vw, 356px\" \/><\/a><p id=\"caption-attachment-5872\" class=\"wp-caption-text\">(Foto: Guilherme Marques)<\/p><\/div>\n<p>E seja nas aulas ou nas refei\u00e7\u00f5es di\u00e1rias, os alunos adquirem tamb\u00e9m crescimento emocional. \u201cEu penso que o que mais recebemos aqui \u00e9 carinho\u201d, diz Kamile. Para Ana Paula, as aulas se tornaram um lugar de confian\u00e7a e aceita\u00e7\u00e3o. \u201cAs professoras valorizam muito as crian\u00e7as. No complemento, \u00e0s vezes temos um filme e a\u00ed depois a gente vai orar\u201d, conta Paulinha, como \u00e9 conhecida pela equipe de volunt\u00e1rios.<\/p>\n<p>O conv\u00edvio com as crian\u00e7as e adolescentes muda tamb\u00e9m a vida dos volunt\u00e1rios que abra\u00e7aram o sonho de v\u00ea-los em uma realidade diferente. \u00c9 o caso da cozinheira Francisca Marques, que hoje possui nova compreens\u00e3o sobre as crian\u00e7as que chegam para a aula com atitudes violentas ou mesmo ap\u00e1ticas. \u201cEles precisam ser amados e estou aprendendo junto com eles esse ponto de amar o pr\u00f3ximo. Eu j\u00e1 n\u00e3o me vejo longe do Cemear\u201d, comenta.<\/p>\n<p><strong>Em busca de recursos<\/strong><\/p>\n<p>Os recursos que mant\u00eam os 42 alunos matriculados no Cemear prov\u00eam da Igreja Presbiteriana de Anori, da Igreja Presbiteriana de Manaus e de ofertas mission\u00e1rias encaminhadas mensalmente por alguns mantenedores. No entanto, a coordenadora da institui\u00e7\u00e3o, Leandra Tomieiro, ressalta que o Centro busca ampliar o seu alcance no munic\u00edpio.<\/p>\n<p>\u201cA nossa principal necessidade \u00e9 de recursos financeiros e recursos humanos. H\u00e1 um n\u00famero bem maior de crian\u00e7as e adolescentes nessa faixa et\u00e1ria que precisam dessa assist\u00eancia na cidade\u201d, destaca.<\/p>\n<p>Para a coordenadora, em meio aos 19 mil habitantes de Anori h\u00e1 sonhos escondidos que precisam de uma oportunidade. \u201cO meu grande desejo \u00e9 que quando estiverem grandes, eles se lembrem: um dia disseram que eu era capaz de conseguir e acreditaram em mim, e disseram que eu poderia chegar onde estou chegando\u201d. &nbsp;<\/p>\n<p><strong>Como contribuir<\/strong><\/p>\n<p>Com a doa\u00e7\u00e3o de apenas R$ 50 por m\u00eas \u00e9 poss\u00edvel manter um aluno matriculado no Cemear. A institui\u00e7\u00e3o recebe as contribui\u00e7\u00f5es por meio de conta banc\u00e1ria: CC 22.240-2; Ag\u00eancia 0320; CNPJ &#8211; 24.716.947\/0001-61.<\/p>\n<p>Para contato direto com a coordena\u00e7\u00e3o do Cemear, os dados s\u00e3o: <a href=\"mailto:ltomieiro@hotmail.com\">ltomieiro@hotmail.com<\/a>; telefone (097) 99155-2174; facebook.com\/cemear.anori.<\/p>\n<p><em><strong><a href=\"http:\/\/ultimato.com.br\/sites\/paralelo10\/files\/2017\/01\/Priscila-Mesquita_PEQ.jpg\" class=\"lightview\" data-lightview-group=\"group-5871\" data-lightview-options=\"skin: 'dark', controls: 'relative', padding: '10', shadow: { color: '#000000', opacity: 0.08, blur: 3 }\" class=\"lightview\" data-lightview-group=\"group-5801\" data-lightview-options=\"skin: 'dark', controls: 'relative', padding: '10', shadow: { color: '#000000', opacity: 0.08, blur: 3 }\"><img loading=\"lazy\" decoding=\"async\" class=\"size-thumbnail wp-image-5808 alignleft\" src=\"http:\/\/ultimato.com.br\/sites\/paralelo10\/files\/2017\/01\/Priscila-Mesquita_PEQ-150x150.jpg\" sizes=\"auto, (max-width: 150px) 100vw, 150px\" srcset=\"http:\/\/ultimato.com.br\/sites\/paralelo10\/files\/2017\/01\/Priscila-Mesquita_PEQ-150x150.jpg 150w, http:\/\/ultimato.com.br\/sites\/paralelo10\/files\/2017\/01\/Priscila-Mesquita_PEQ-80x80.jpg 80w\" alt=\"\" height=\"150\" width=\"150\"\/><\/a><\/strong><\/em><strong>\u2022 Priscila Mesquita<\/strong> \u00e9 jornalista e gestora do Minist\u00e9rio de Comunica\u00e7\u00e3o da Igreja Presbiteriana de Manaus (IPManaus).<\/p>\n<p>&nbsp;<\/p>\n","protected":false},"excerpt":{"rendered":"<p>Por Priscila Mesquita Volunt\u00e1rios do \u2018Cemear\u2019 atuam em Anori, no interior do AM Eles t\u00eam entre 10 e 12 anos de idade, s\u00e3o vizinhos e moram no munic\u00edpio de Anori, a 245 quil\u00f4metros de Manaus. Mas al\u00e9m da faixa et\u00e1ria e do contexto social id\u00eanticos, esses tr\u00eas amazonenses possuem ainda outra caracter\u00edstica em comum: a [&hellip;]<\/p>\n","protected":false},"author":2,"featured_media":0,"comment_status":"open","ping_status":"open","sticky":false,"template":"","format":"standard","meta":{"ngg_post_thumbnail":0,"footnotes":""},"categories":[6],"tags":[5175,19288,30910,30909,15,30911],"class_list":["post-5871","post","type-post","status-publish","format-standard","hentry","category-bom-tempero","tag-adolescentes","tag-amazonas","tag-anori","tag-cemear","tag-criancas","tag-priscila-mesquita"],"_links":{"self":[{"href":"https:\/\/ultimato.com.br\/sites\/paralelo10\/wp-json\/wp\/v2\/posts\/5871","targetHints":{"allow":["GET"]}}],"collection":[{"href":"https:\/\/ultimato.com.br\/sites\/paralelo10\/wp-json\/wp\/v2\/posts"}],"about":[{"href":"https:\/\/ultimato.com.br\/sites\/paralelo10\/wp-json\/wp\/v2\/types\/post"}],"author":[{"embeddable":true,"href":"https:\/\/ultimato.com.br\/sites\/paralelo10\/wp-json\/wp\/v2\/users\/2"}],"replies":[{"embeddable":true,"href":"https:\/\/ultimato.com.br\/sites\/paralelo10\/wp-json\/wp\/v2\/comments?post=5871"}],"version-history":[{"count":2,"href":"https:\/\/ultimato.com.br\/sites\/paralelo10\/wp-json\/wp\/v2\/posts\/5871\/revisions"}],"predecessor-version":[{"id":5875,"href":"https:\/\/ultimato.com.br\/sites\/paralelo10\/wp-json\/wp\/v2\/posts\/5871\/revisions\/5875"}],"wp:attachment":[{"href":"https:\/\/ultimato.com.br\/sites\/paralelo10\/wp-json\/wp\/v2\/media?parent=5871"}],"wp:term":[{"taxonomy":"category","embeddable":true,"href":"https:\/\/ultimato.com.br\/sites\/paralelo10\/wp-json\/wp\/v2\/categories?post=5871"},{"taxonomy":"post_tag","embeddable":true,"href":"https:\/\/ultimato.com.br\/sites\/paralelo10\/wp-json\/wp\/v2\/tags?post=5871"}],"curies":[{"name":"wp","href":"https:\/\/api.w.org\/{rel}","templated":true}]}}