{"id":5845,"date":"2017-02-07T07:43:37","date_gmt":"2017-02-07T10:43:37","guid":{"rendered":"http:\/\/ultimato.com.br\/sites\/paralelo10\/?p=5845"},"modified":"2017-02-07T07:44:51","modified_gmt":"2017-02-07T10:44:51","slug":"diversidade-e-riqueza-linguistica-do-norte","status":"publish","type":"post","link":"https:\/\/ultimato.com.br\/sites\/paralelo10\/2017\/02\/diversidade-e-riqueza-linguistica-do-norte\/","title":{"rendered":"Diversidade e riqueza lingu\u00edstica do norte"},"content":{"rendered":"<p>\u201cPela linguagem somos. Pela linguagem damos sentido ao mundo. Na linguagem podemos nos ver da forma mais verdadeira: nossas cren\u00e7as, nossos valores, nosso lugar no mundo\u201d. Essas palavras do amazonense S\u00e9rgio Augusto Freire expressam muito bem o valor da linguagem para o ser humano. No Brasil, temos um universo vasto e rico de sotaques, g\u00edrias, voc\u00e1bulos diferentes e regionalismos para descobrir.<\/p>\n<p>No in\u00edcio de janeiro publicamos um <a href=\"http:\/\/ultimato.com.br\/sites\/paralelo10\/2017\/01\/conheca-a-variedade-linguistica-do-nordeste\/\">artigo<\/a> sobre a diversidade lingu\u00edstica do nordeste. Agora chegou a vez da regi\u00e3o norte. Pelas bandas de l\u00e1, a miscigena\u00e7\u00e3o entre negro, ribeirinho, \u00edndio e nordestino criou uma linguagem t\u00e3o rica e vasta quanto a flora e a fauna amaz\u00f4nica.<\/p>\n<p>Embora essa diversidade lingu\u00edstica ainda n\u00e3o esteja vastamente registrada como no caso do nordeste, reunimos aqui duas fontes que podem ajudar quem quer conhecer um pouco mais a variedade lingu\u00edstica nortista. Confira:<\/p>\n<div id=\"attachment_5847\" style=\"width: 410px\" class=\"wp-caption alignright\"><a href=\"http:\/\/ultimato.com.br\/sites\/paralelo10\/files\/2017\/02\/dicion\u00e1rio-amazones.jpg\"><img loading=\"lazy\" decoding=\"async\" aria-describedby=\"caption-attachment-5847\" class=\"wp-image-5847 size-full\" src=\"http:\/\/ultimato.com.br\/sites\/paralelo10\/files\/2017\/02\/dicion\u00e1rio-amazones.jpg\" height=\"300\" width=\"400\" srcset=\"https:\/\/ultimato.com.br\/sites\/paralelo10\/files\/2017\/02\/dicion\u00e1rio-amazones.jpg 400w, https:\/\/ultimato.com.br\/sites\/paralelo10\/files\/2017\/02\/dicion\u00e1rio-amazones-300x225.jpg 300w, https:\/\/ultimato.com.br\/sites\/paralelo10\/files\/2017\/02\/dicion\u00e1rio-amazones-150x113.jpg 150w\" sizes=\"auto, (max-width: 400px) 100vw, 400px\" \/><\/a><p id=\"caption-attachment-5847\" class=\"wp-caption-text\">S\u00e9rgio Augusto Freire de Souza, autor da obra Amazon\u00eas<\/p><\/div>\n<p><strong>Amazon\u00eas: Termos e express\u00f5es usadas no Amazonas<\/strong><\/p>\n<p>A obra \u00e9 do amazonense S\u00e9rgio Augusto Freire de Souza, professor da Universidade Federal do Amazonas (UFAM), mestre em Letras pela pr\u00f3pria UFAM e Doutor em Ling\u00fc\u00edstica pela Universidade Estadual de Campinas (UNICAMP). O livro \u00e9 fruto de paix\u00f5es misturadas: a paix\u00e3o pela ci\u00eancia, a paix\u00e3o pela linguagem e a paix\u00e3o pelo Amazonas. A paix\u00e3o pela ci\u00eancia se manifesta por meio da paix\u00e3o pela linguagem. Pela linguagem somos. Pela linguagem damos sentido ao mundo. Na linguagem podemos nos ver da forma mais verdadeira: nossas cren\u00e7as, nossos valores, nosso lugar no mundo, enfim. Somos o que aprendemos a ser durante nossa vida e aprendemos a ser via linguagem, no nosso caso a l\u00edngua portuguesa.<\/p>\n<p>H\u00e1 v\u00e1rios portugueses espalhados no Brasil, todos bem diferentes do Portugu\u00eas que aqui chegou, supostamente nas naus de Cabral. Depois que aqui aportou, seria imposs\u00edvel que o portugu\u00eas de Portugal n\u00e3o sofresse influ\u00eancia das mais de trezentas l\u00ednguas ind\u00edgenas ent\u00e3o existentes, bem como das l\u00ednguas africanas e europeias que para c\u00e1 tamb\u00e9m vieram, como registram a nossa hist\u00f3ria e os nossos estudos lingu\u00edsticos. A l\u00edngua portuguesa brasileira possui outra hist\u00f3ria e outra historicidade, diferentes das que embarcaram nas caravelas no s\u00e9c. XVI. Por tantas diferen\u00e7as, alguns linguistas j\u00e1 ousam cham\u00e1-la de l\u00edngua brasileira. Se cada variante do portugu\u00eas espalhada por esse pa\u00eds imenso tem sua nuance \u00e9 porque tamb\u00e9m tem sua hist\u00f3ria particular. E a variante falada no Amazonas tem a sua. Os termos ind\u00edgenas na linguagem da regi\u00e3o s\u00e3o bem marcantes, como igarap\u00e9, igap\u00f3 e bubuia. <!--more-->A linguagem dos soldados da borracha, nordestinos que para c\u00e1 migraram no fim do s\u00e9culo XIX, deixou sua marca, como catinga, abestado e de lascar. O chiado do portugu\u00eas de Portugal se manteve nos final da pron\u00fancia dos amazonenses. Por tudo isso, \u00e9 bobagem disputar a naturalidade dos termos. O que podemos afirmar \u00e9 que todos s\u00e3o termos do portugu\u00eas brasileiro que, pelo capricho dos movimentos da hist\u00f3ria, resolveram aparecer e se fixar aqui ou ali. Assim, o dicion\u00e1rio de Amazon\u00eas vai certamente trazer marcas, por exemplo, de um cear\u00eas por conta do encontro lingu\u00edstico dos tempos da borracha. Essas fronteiras ling\u00fc\u00edsticas s\u00e3o muito t\u00eanues e m\u00f3veis. Estar neste pequeno dicion\u00e1rio n\u00e3o batiza a palavra como amazonense, mas a naturaliza como cidad\u00e3 do maior estado do pa\u00eds porque ela faz sentido na linguagem dessa regi\u00e3o.<\/p>\n<p><strong>Assista a seguir ao v\u00eddeo da m\u00fasica &#8220;Amazon\u00eas&#8221;, de N\u00edcolas J\u00fanior:<\/strong><\/p>\n<p>&nbsp;<iframe loading=\"lazy\" src=\"https:\/\/www.youtube.com\/embed\/huH5p73fyvQ\" allowfullscreen=\"allowfullscreen\" height=\"315\" frameborder=\"0\" width=\"560\"><\/iframe><\/p>\n<p><a href=\"https:\/\/artepapaxibe.wordpress.com\/dicionario\/\"><strong>Dicion\u00e1rio Papa Xib\u00e9 &#8211; Par\u00e1<\/strong><\/a><\/p>\n<p><a href=\"http:\/\/ultimato.com.br\/sites\/paralelo10\/files\/2017\/02\/para\u00eas.jpg\"><img loading=\"lazy\" decoding=\"async\" class=\"alignright size-full wp-image-5846\" src=\"http:\/\/ultimato.com.br\/sites\/paralelo10\/files\/2017\/02\/para\u00eas.jpg\" alt=\"\" height=\"400\" width=\"322\" srcset=\"https:\/\/ultimato.com.br\/sites\/paralelo10\/files\/2017\/02\/para\u00eas.jpg 322w, https:\/\/ultimato.com.br\/sites\/paralelo10\/files\/2017\/02\/para\u00eas-242x300.jpg 242w, https:\/\/ultimato.com.br\/sites\/paralelo10\/files\/2017\/02\/para\u00eas-121x150.jpg 121w\" sizes=\"auto, (max-width: 322px) 100vw, 322px\" \/><\/a>No segundo maior estado da regi\u00e3o norte, o Par\u00e1, \u201c\u00e9\u00e9\u00e9gua\u201d \u00e9 a v\u00edrgula usada entre mil de mil frases ditas; dizem \u201ctu\u201d ao inv\u00e9s de \u201cvoc\u00ea\u201d; quando alguma coisa \u00e9 muito boa, ela \u00e9 \u201cpai d\u2019\u00e9gua\u201d; as crian\u00e7as de l\u00e1 n\u00e3o fazem travessuras e sim \u201cestripulias\u201d; n\u00e3o quebram os brinquedos e sim \u201cesbandalham\u201d; as meninas brincam de \u201cmacaca\u201d ao inv\u00e9s de amarelinha, os meninos brincam de \u201cpeteca\u201d ao inv\u00e9s de bola de gude. No blog <a href=\"https:\/\/artepapaxibe.wordpress.com\/dicionario\/\">Arte Papa Xib\u00e9<\/a> voc\u00ea pode conhecer um pouco mais do para\u00eas.<\/p>\n","protected":false},"excerpt":{"rendered":"<p>\u201cPela linguagem somos. Pela linguagem damos sentido ao mundo. Na linguagem podemos nos ver da forma mais verdadeira: nossas cren\u00e7as, nossos valores, nosso lugar no mundo\u201d. Essas palavras do amazonense S\u00e9rgio Augusto Freire expressam muito bem o valor da linguagem para o ser humano. No Brasil, temos um universo vasto e rico de sotaques, g\u00edrias, [&hellip;]<\/p>\n","protected":false},"author":2,"featured_media":0,"comment_status":"open","ping_status":"open","sticky":false,"template":"","format":"standard","meta":{"ngg_post_thumbnail":0,"footnotes":""},"categories":[5,5622],"tags":[30902,11113,122,30903],"class_list":["post-5845","post","type-post","status-publish","format-standard","hentry","category-arte-e-cultura","category-imagens","tag-amazones","tag-linguagem","tag-norte","tag-paraes"],"_links":{"self":[{"href":"https:\/\/ultimato.com.br\/sites\/paralelo10\/wp-json\/wp\/v2\/posts\/5845","targetHints":{"allow":["GET"]}}],"collection":[{"href":"https:\/\/ultimato.com.br\/sites\/paralelo10\/wp-json\/wp\/v2\/posts"}],"about":[{"href":"https:\/\/ultimato.com.br\/sites\/paralelo10\/wp-json\/wp\/v2\/types\/post"}],"author":[{"embeddable":true,"href":"https:\/\/ultimato.com.br\/sites\/paralelo10\/wp-json\/wp\/v2\/users\/2"}],"replies":[{"embeddable":true,"href":"https:\/\/ultimato.com.br\/sites\/paralelo10\/wp-json\/wp\/v2\/comments?post=5845"}],"version-history":[{"count":4,"href":"https:\/\/ultimato.com.br\/sites\/paralelo10\/wp-json\/wp\/v2\/posts\/5845\/revisions"}],"predecessor-version":[{"id":5851,"href":"https:\/\/ultimato.com.br\/sites\/paralelo10\/wp-json\/wp\/v2\/posts\/5845\/revisions\/5851"}],"wp:attachment":[{"href":"https:\/\/ultimato.com.br\/sites\/paralelo10\/wp-json\/wp\/v2\/media?parent=5845"}],"wp:term":[{"taxonomy":"category","embeddable":true,"href":"https:\/\/ultimato.com.br\/sites\/paralelo10\/wp-json\/wp\/v2\/categories?post=5845"},{"taxonomy":"post_tag","embeddable":true,"href":"https:\/\/ultimato.com.br\/sites\/paralelo10\/wp-json\/wp\/v2\/tags?post=5845"}],"curies":[{"name":"wp","href":"https:\/\/api.w.org\/{rel}","templated":true}]}}