{"id":5830,"date":"2017-02-03T16:17:01","date_gmt":"2017-02-03T19:17:01","guid":{"rendered":"http:\/\/ultimato.com.br\/sites\/paralelo10\/?p=5830"},"modified":"2017-02-03T16:17:01","modified_gmt":"2017-02-03T19:17:01","slug":"missao-integral-em-debate-oficina-e-acao","status":"publish","type":"post","link":"https:\/\/ultimato.com.br\/sites\/paralelo10\/2017\/02\/missao-integral-em-debate-oficina-e-acao\/","title":{"rendered":"Miss\u00e3o integral em debate, oficina e a\u00e7\u00e3o"},"content":{"rendered":"<p>Come\u00e7ando mais um novo ano, os representantes do Paralelo 10 continuam fazendo um trabalho de formiguinha: promovendo a reflex\u00e3o e a pr\u00e1tica da miss\u00e3o integral em suas igrejas locais e comunidades.<\/p>\n<p>O Eric Dion\u00edsio, representante em Alagoas, realizou um encontro informal com amigos para conversar sobre miss\u00f5es e os desafios da evangeliza\u00e7\u00e3o dos dias atuais, auxiliados pelo conte\u00fado da revista <strong>Ultimato<\/strong>. Ele tamb\u00e9m deu apoio em uma oficina de \u201cNeg\u00f3cios Sociais\u201d, promovida com o objetivo de despertar igrejas para a realiza\u00e7\u00e3o de projetos que causem impacto em suas comunidades. Eric pede ora\u00e7\u00e3o pela expans\u00e3o do reino de Deus em sua comunidade e pelo bom preparo daqueles que tem atendido ao chamado de Deus.<\/p>\n<p>O Valdemar Vieira, da Para\u00edba, segue com seu trabalho ajudando na constru\u00e7\u00e3o de igrejas, em parceria com o projeto \u00c1gua Viva. Recentemente ele enviou fotos de onde funcionar\u00e1 uma congrega\u00e7\u00e3o da igreja A\u00e7\u00e3o Evang\u00e9lica (Acev), em \u00c1gua Grande.<\/p>\n<p>No Rio Grande do Norte, em Nova Cruz, o Jean Oliveira promoveu em seu grupo de estudo uma discuss\u00e3o sobre o artigo \u201cMiss\u00e3o Integral. Miss\u00e3o do reino\u201d, de Ren\u00e9 Padilla. O presb\u00edtero Jos\u00e9 Pedro, que \u00e9 professor de escola b\u00edblica dominical, pregador e palestrante, foi quem apresentou o conte\u00fado do artigo e mediou a discuss\u00e3o.<\/p>\n<p><strong>Vejam a seguir os registros das atividades realizadas pelos representantes:<\/strong><\/p>\n\n\t\t<style type=\"text\/css\">\n\t\t\t#gallery-1 {\n\t\t\t\tmargin: auto;\n\t\t\t}\n\t\t\t#gallery-1 .gallery-item {\n\t\t\t\tfloat: left;\n\t\t\t\tmargin-top: 10px;\n\t\t\t\ttext-align: center;\n\t\t\t\twidth: 33%;\n\t\t\t}\n\t\t\t#gallery-1 img {\n\t\t\t\tborder: 2px solid #cfcfcf;\n\t\t\t}\n\t\t\t#gallery-1 .gallery-caption {\n\t\t\t\tmargin-left: 0;\n\t\t\t}\n\t\t\t\/* see gallery_shortcode() in wp-includes\/media.php *\/\n\t\t<\/style>\n\t\t<div id='gallery-1' class='gallery galleryid-5830 gallery-columns-3 gallery-size-medium'><dl class='gallery-item'>\n\t\t\t<dt class='gallery-icon landscape'>\n\t\t\t\t<a href='https:\/\/ultimato.com.br\/sites\/paralelo10\/files\/2017\/02\/eu-150-C\u00f3pia.jpg#main'><img loading=\"lazy\" decoding=\"async\" width=\"300\" height=\"225\" src=\"https:\/\/ultimato.com.br\/sites\/paralelo10\/files\/2017\/02\/eu-150-C\u00f3pia-300x225.jpg\" class=\"attachment-medium size-medium\" alt=\"\" aria-describedby=\"gallery-1-5831\" srcset=\"https:\/\/ultimato.com.br\/sites\/paralelo10\/files\/2017\/02\/eu-150-C\u00f3pia-300x225.jpg 300w, https:\/\/ultimato.com.br\/sites\/paralelo10\/files\/2017\/02\/eu-150-C\u00f3pia-150x113.jpg 150w, https:\/\/ultimato.com.br\/sites\/paralelo10\/files\/2017\/02\/eu-150-C\u00f3pia.jpg 360w\" sizes=\"auto, (max-width: 300px) 100vw, 300px\" \/><\/a>\n\t\t\t<\/dt>\n\t\t\t\t<dd class='wp-caption-text gallery-caption' id='gallery-1-5831'>\n\t\t\t\tConnstru\u00e7\u00e3o da igreja em \u00c1gua Grande (PB)\n\t\t\t\t<\/dd><\/dl><dl class='gallery-item'>\n\t\t\t<dt class='gallery-icon landscape'>\n\t\t\t\t<a href='https:\/\/ultimato.com.br\/sites\/paralelo10\/files\/2017\/02\/eu-153.jpg#main'><img loading=\"lazy\" decoding=\"async\" width=\"300\" height=\"225\" src=\"https:\/\/ultimato.com.br\/sites\/paralelo10\/files\/2017\/02\/eu-153-300x225.jpg\" class=\"attachment-medium size-medium\" alt=\"\" aria-describedby=\"gallery-1-5832\" srcset=\"https:\/\/ultimato.com.br\/sites\/paralelo10\/files\/2017\/02\/eu-153-300x225.jpg 300w, https:\/\/ultimato.com.br\/sites\/paralelo10\/files\/2017\/02\/eu-153-150x113.jpg 150w, https:\/\/ultimato.com.br\/sites\/paralelo10\/files\/2017\/02\/eu-153.jpg 360w\" sizes=\"auto, (max-width: 300px) 100vw, 300px\" \/><\/a>\n\t\t\t<\/dt>\n\t\t\t\t<dd class='wp-caption-text gallery-caption' id='gallery-1-5832'>\n\t\t\t\tConnstru\u00e7\u00e3o da igreja em \u00c1gua Grande (PB)\n\t\t\t\t<\/dd><\/dl><dl class='gallery-item'>\n\t\t\t<dt class='gallery-icon landscape'>\n\t\t\t\t<a href='https:\/\/ultimato.com.br\/sites\/paralelo10\/files\/2017\/02\/IMG-20170113-WA0003.jpg#main'><img loading=\"lazy\" decoding=\"async\" width=\"300\" height=\"225\" src=\"https:\/\/ultimato.com.br\/sites\/paralelo10\/files\/2017\/02\/IMG-20170113-WA0003-300x225.jpg\" class=\"attachment-medium size-medium\" alt=\"\" aria-describedby=\"gallery-1-5839\" srcset=\"https:\/\/ultimato.com.br\/sites\/paralelo10\/files\/2017\/02\/IMG-20170113-WA0003-300x225.jpg 300w, https:\/\/ultimato.com.br\/sites\/paralelo10\/files\/2017\/02\/IMG-20170113-WA0003-150x113.jpg 150w, https:\/\/ultimato.com.br\/sites\/paralelo10\/files\/2017\/02\/IMG-20170113-WA0003.jpg 400w\" sizes=\"auto, (max-width: 300px) 100vw, 300px\" \/><\/a>\n\t\t\t<\/dt>\n\t\t\t\t<dd class='wp-caption-text gallery-caption' id='gallery-1-5839'>\n\t\t\t\tConnstru\u00e7\u00e3o da igreja em \u00c1gua Grande (PB)\n\t\t\t\t<\/dd><\/dl><br style=\"clear: both\" \/><dl class='gallery-item'>\n\t\t\t<dt class='gallery-icon landscape'>\n\t\t\t\t<a href='https:\/\/ultimato.com.br\/sites\/paralelo10\/files\/2017\/02\/FB_IMG_14821750193087177-Jos\u00e9_pedro.jpg#main'><img loading=\"lazy\" decoding=\"async\" width=\"300\" height=\"169\" src=\"https:\/\/ultimato.com.br\/sites\/paralelo10\/files\/2017\/02\/FB_IMG_14821750193087177-Jos\u00e9_pedro-300x169.jpg\" class=\"attachment-medium size-medium\" alt=\"\" aria-describedby=\"gallery-1-5833\" srcset=\"https:\/\/ultimato.com.br\/sites\/paralelo10\/files\/2017\/02\/FB_IMG_14821750193087177-Jos\u00e9_pedro-300x169.jpg 300w, https:\/\/ultimato.com.br\/sites\/paralelo10\/files\/2017\/02\/FB_IMG_14821750193087177-Jos\u00e9_pedro-150x84.jpg 150w, https:\/\/ultimato.com.br\/sites\/paralelo10\/files\/2017\/02\/FB_IMG_14821750193087177-Jos\u00e9_pedro.jpg 400w\" sizes=\"auto, (max-width: 300px) 100vw, 300px\" \/><\/a>\n\t\t\t<\/dt>\n\t\t\t\t<dd class='wp-caption-text gallery-caption' id='gallery-1-5833'>\n\t\t\t\tPresb\u00edtero Jos\u00e9 Pedr\u00f2 expondo sobre miss\u00e3o integral\n\t\t\t\t<\/dd><\/dl><dl class='gallery-item'>\n\t\t\t<dt class='gallery-icon landscape'>\n\t\t\t\t<a href='https:\/\/ultimato.com.br\/sites\/paralelo10\/files\/2017\/02\/IMG-20161204-WA0003.jpg#main'><img loading=\"lazy\" decoding=\"async\" width=\"300\" height=\"169\" src=\"https:\/\/ultimato.com.br\/sites\/paralelo10\/files\/2017\/02\/IMG-20161204-WA0003-300x169.jpg\" class=\"attachment-medium size-medium\" alt=\"\" aria-describedby=\"gallery-1-5834\" srcset=\"https:\/\/ultimato.com.br\/sites\/paralelo10\/files\/2017\/02\/IMG-20161204-WA0003-300x169.jpg 300w, https:\/\/ultimato.com.br\/sites\/paralelo10\/files\/2017\/02\/IMG-20161204-WA0003-150x84.jpg 150w, https:\/\/ultimato.com.br\/sites\/paralelo10\/files\/2017\/02\/IMG-20161204-WA0003.jpg 370w\" sizes=\"auto, (max-width: 300px) 100vw, 300px\" \/><\/a>\n\t\t\t<\/dt>\n\t\t\t\t<dd class='wp-caption-text gallery-caption' id='gallery-1-5834'>\n\t\t\t\tReflex\u00f5es sobre miss\u00e3o integral a partir da revista Ultimato\n\t\t\t\t<\/dd><\/dl><dl class='gallery-item'>\n\t\t\t<dt class='gallery-icon landscape'>\n\t\t\t\t<a href='https:\/\/ultimato.com.br\/sites\/paralelo10\/files\/2017\/02\/IMG-20161204-WA0004.jpg#main'><img loading=\"lazy\" decoding=\"async\" width=\"300\" height=\"169\" src=\"https:\/\/ultimato.com.br\/sites\/paralelo10\/files\/2017\/02\/IMG-20161204-WA0004-300x169.jpg\" class=\"attachment-medium size-medium\" alt=\"\" aria-describedby=\"gallery-1-5835\" srcset=\"https:\/\/ultimato.com.br\/sites\/paralelo10\/files\/2017\/02\/IMG-20161204-WA0004-300x169.jpg 300w, https:\/\/ultimato.com.br\/sites\/paralelo10\/files\/2017\/02\/IMG-20161204-WA0004-150x84.jpg 150w, https:\/\/ultimato.com.br\/sites\/paralelo10\/files\/2017\/02\/IMG-20161204-WA0004.jpg 370w\" sizes=\"auto, (max-width: 300px) 100vw, 300px\" \/><\/a>\n\t\t\t<\/dt>\n\t\t\t\t<dd class='wp-caption-text gallery-caption' id='gallery-1-5835'>\n\t\t\t\tReflex\u00f5es sobre miss\u00e3o integral a partir da revista Ultimato\n\t\t\t\t<\/dd><\/dl><br style=\"clear: both\" \/><dl class='gallery-item'>\n\t\t\t<dt class='gallery-icon landscape'>\n\t\t\t\t<a href='https:\/\/ultimato.com.br\/sites\/paralelo10\/files\/2017\/02\/IMG-20161212-WA0001.jpg#main'><img loading=\"lazy\" decoding=\"async\" width=\"300\" height=\"169\" src=\"https:\/\/ultimato.com.br\/sites\/paralelo10\/files\/2017\/02\/IMG-20161212-WA0001-300x169.jpg\" class=\"attachment-medium size-medium\" alt=\"\" aria-describedby=\"gallery-1-5836\" srcset=\"https:\/\/ultimato.com.br\/sites\/paralelo10\/files\/2017\/02\/IMG-20161212-WA0001-300x169.jpg 300w, https:\/\/ultimato.com.br\/sites\/paralelo10\/files\/2017\/02\/IMG-20161212-WA0001-150x84.jpg 150w, https:\/\/ultimato.com.br\/sites\/paralelo10\/files\/2017\/02\/IMG-20161212-WA0001.jpg 370w\" sizes=\"auto, (max-width: 300px) 100vw, 300px\" \/><\/a>\n\t\t\t<\/dt>\n\t\t\t\t<dd class='wp-caption-text gallery-caption' id='gallery-1-5836'>\n\t\t\t\tOficina &#8220;Neg\u00f3cios Sociais&#8221;\n\t\t\t\t<\/dd><\/dl><dl class='gallery-item'>\n\t\t\t<dt class='gallery-icon landscape'>\n\t\t\t\t<a href='https:\/\/ultimato.com.br\/sites\/paralelo10\/files\/2017\/02\/IMG-20161212-WA0002.jpg#main'><img loading=\"lazy\" decoding=\"async\" width=\"300\" height=\"169\" src=\"https:\/\/ultimato.com.br\/sites\/paralelo10\/files\/2017\/02\/IMG-20161212-WA0002-300x169.jpg\" class=\"attachment-medium size-medium\" alt=\"\" aria-describedby=\"gallery-1-5837\" srcset=\"https:\/\/ultimato.com.br\/sites\/paralelo10\/files\/2017\/02\/IMG-20161212-WA0002-300x169.jpg 300w, https:\/\/ultimato.com.br\/sites\/paralelo10\/files\/2017\/02\/IMG-20161212-WA0002-150x84.jpg 150w, https:\/\/ultimato.com.br\/sites\/paralelo10\/files\/2017\/02\/IMG-20161212-WA0002.jpg 370w\" sizes=\"auto, (max-width: 300px) 100vw, 300px\" \/><\/a>\n\t\t\t<\/dt>\n\t\t\t\t<dd class='wp-caption-text gallery-caption' id='gallery-1-5837'>\n\t\t\t\tOficina &#8220;Neg\u00f3cios Sociais&#8221;\n\t\t\t\t<\/dd><\/dl><dl class='gallery-item'>\n\t\t\t<dt class='gallery-icon landscape'>\n\t\t\t\t<a href='https:\/\/ultimato.com.br\/sites\/paralelo10\/files\/2017\/02\/IMG-20161212-WA0003.jpg#main'><img loading=\"lazy\" decoding=\"async\" width=\"300\" height=\"169\" src=\"https:\/\/ultimato.com.br\/sites\/paralelo10\/files\/2017\/02\/IMG-20161212-WA0003-300x169.jpg\" class=\"attachment-medium size-medium\" alt=\"\" aria-describedby=\"gallery-1-5838\" srcset=\"https:\/\/ultimato.com.br\/sites\/paralelo10\/files\/2017\/02\/IMG-20161212-WA0003-300x169.jpg 300w, https:\/\/ultimato.com.br\/sites\/paralelo10\/files\/2017\/02\/IMG-20161212-WA0003-150x84.jpg 150w, https:\/\/ultimato.com.br\/sites\/paralelo10\/files\/2017\/02\/IMG-20161212-WA0003.jpg 370w\" sizes=\"auto, (max-width: 300px) 100vw, 300px\" \/><\/a>\n\t\t\t<\/dt>\n\t\t\t\t<dd class='wp-caption-text gallery-caption' id='gallery-1-5838'>\n\t\t\t\tOficina &#8220;Neg\u00f3cios Sociais&#8221;\n\t\t\t\t<\/dd><\/dl><br style=\"clear: both\" \/>\n\t\t<\/div>\n\n","protected":false},"excerpt":{"rendered":"<p>Come\u00e7ando mais um novo ano, os representantes do Paralelo 10 continuam fazendo um trabalho de formiguinha: promovendo a reflex\u00e3o e a pr\u00e1tica da miss\u00e3o integral em suas igrejas locais e comunidades. O Eric Dion\u00edsio, representante em Alagoas, realizou um encontro informal com amigos para conversar sobre miss\u00f5es e os desafios da evangeliza\u00e7\u00e3o dos dias atuais, [&hellip;]<\/p>\n","protected":false},"author":2,"featured_media":0,"comment_status":"open","ping_status":"open","sticky":false,"template":"","format":"standard","meta":{"ngg_post_thumbnail":0,"footnotes":""},"categories":[95],"tags":[30901,26,5944],"class_list":["post-5830","post","type-post","status-publish","format-standard","hentry","category-testemunhos","tag-construcao-de-igrejas","tag-missao-integral","tag-representantes"],"_links":{"self":[{"href":"https:\/\/ultimato.com.br\/sites\/paralelo10\/wp-json\/wp\/v2\/posts\/5830","targetHints":{"allow":["GET"]}}],"collection":[{"href":"https:\/\/ultimato.com.br\/sites\/paralelo10\/wp-json\/wp\/v2\/posts"}],"about":[{"href":"https:\/\/ultimato.com.br\/sites\/paralelo10\/wp-json\/wp\/v2\/types\/post"}],"author":[{"embeddable":true,"href":"https:\/\/ultimato.com.br\/sites\/paralelo10\/wp-json\/wp\/v2\/users\/2"}],"replies":[{"embeddable":true,"href":"https:\/\/ultimato.com.br\/sites\/paralelo10\/wp-json\/wp\/v2\/comments?post=5830"}],"version-history":[{"count":2,"href":"https:\/\/ultimato.com.br\/sites\/paralelo10\/wp-json\/wp\/v2\/posts\/5830\/revisions"}],"predecessor-version":[{"id":5841,"href":"https:\/\/ultimato.com.br\/sites\/paralelo10\/wp-json\/wp\/v2\/posts\/5830\/revisions\/5841"}],"wp:attachment":[{"href":"https:\/\/ultimato.com.br\/sites\/paralelo10\/wp-json\/wp\/v2\/media?parent=5830"}],"wp:term":[{"taxonomy":"category","embeddable":true,"href":"https:\/\/ultimato.com.br\/sites\/paralelo10\/wp-json\/wp\/v2\/categories?post=5830"},{"taxonomy":"post_tag","embeddable":true,"href":"https:\/\/ultimato.com.br\/sites\/paralelo10\/wp-json\/wp\/v2\/tags?post=5830"}],"curies":[{"name":"wp","href":"https:\/\/api.w.org\/{rel}","templated":true}]}}