{"id":5816,"date":"2017-01-20T09:41:42","date_gmt":"2017-01-20T12:41:42","guid":{"rendered":"http:\/\/ultimato.com.br\/sites\/paralelo10\/?p=5816"},"modified":"2017-01-20T09:41:42","modified_gmt":"2017-01-20T12:41:42","slug":"esperanca-para-o-sertao","status":"publish","type":"post","link":"https:\/\/ultimato.com.br\/sites\/paralelo10\/2017\/01\/esperanca-para-o-sertao\/","title":{"rendered":"Esperan\u00e7a para o Sert\u00e3o"},"content":{"rendered":"<p><span style=\"color: #808080;\"><em>Por Maycon Barroco<\/em><\/span><\/p>\n<p><a href=\"http:\/\/ultimato.com.br\/sites\/paralelo10\/files\/2017\/01\/P10_20_01_17_ceia-maycon-iris.jpg\" class=\"lightview\" data-lightview-group=\"group-5816\" data-lightview-options=\"skin: 'dark', controls: 'relative', padding: '10', shadow: { color: '#000000', opacity: 0.08, blur: 3 }\"><img loading=\"lazy\" decoding=\"async\" class=\"alignright size-full wp-image-5817\" src=\"http:\/\/ultimato.com.br\/sites\/paralelo10\/files\/2017\/01\/P10_20_01_17_ceia-maycon-iris.jpg\" alt=\"\" height=\"234\" width=\"350\" srcset=\"https:\/\/ultimato.com.br\/sites\/paralelo10\/files\/2017\/01\/P10_20_01_17_ceia-maycon-iris.jpg 350w, https:\/\/ultimato.com.br\/sites\/paralelo10\/files\/2017\/01\/P10_20_01_17_ceia-maycon-iris-300x201.jpg 300w, https:\/\/ultimato.com.br\/sites\/paralelo10\/files\/2017\/01\/P10_20_01_17_ceia-maycon-iris-150x100.jpg 150w\" sizes=\"auto, (max-width: 350px) 100vw, 350px\" \/><\/a>2017 j\u00e1 iniciou cheio de incertezas, muitos palpites e pouco se sabe de como iremos terminar esse ano. Para o seu Gilberto, l\u00edder de um quilombo no interior do sert\u00e3o do Piau\u00ed, cada ano \u00e9 um novo desafio e o descaso com seu povo continua sendo grande.<\/p>\n<p>Certa vez, eu falei com ele sobre a crise que estava chegando, ele sorriu para mim e disse: \u201cEu j\u00e1 nasci na crise\u201d. Os sertanejos t\u00eam nos ensinado a viver em meio \u00e0 crise.&nbsp; Eu retruquei a resposta dele e disse: \u201cMas, isso \u00e9 ruim, n\u00e9?\u201d. Ele sorriu mais uma vez e afirmou: \u201cPastor, com Deus \u00e9 tudo bom!\u201d. Os sertanejos tamb\u00e9m t\u00eam nos ensinado sobre f\u00e9.<\/p>\n<p>Certamente, a esperan\u00e7a para o Sert\u00e3o est\u00e1 em uma pessoa. A esperan\u00e7a para o Sert\u00e3o est\u00e1 em Jesus Cristo. Podemos perceber claramente, em cada passo que damos na miss\u00e3o em Seu nome, em cada projeto realizado, a esperan\u00e7a reacende no cora\u00e7\u00e3o de muitos.<\/p>\n<p>Nesse momento que estamos vivendo, mais do que nunca, \u00e9 muito importante a igreja entender o seu papel na sociedade. Sabemos que precisamos continuar trabalhando duro para plantar igrejas em mais de 6 mil comunidades sertanejas, mas tamb\u00e9m sabemos que precisamos trabalhar arduamente para que as igrejas existentes, entendam e desenvolvam a\u00e7\u00f5es pr\u00e1ticas nas comunidades onde est\u00e3o inseridas.<!--more--><\/p>\n<p>O medo de muitos l\u00edderes \u00e9 de tornar suas igrejas em projetos sociais. Na verdade, as responsabilidades sociais na comunidade tamb\u00e9m s\u00e3o da igreja. Muitos mais do que projetos, precisamos nos dedicar para devolver a dignidade para muitas fam\u00edlias sertanejas atrav\u00e9s do amor e servi\u00e7o que comp\u00f5e a intensidade do Evangelho do Reino de Deus. \u201cCristo em n\u00f3s (Igreja) \u00e9 a esperan\u00e7a da gl\u00f3ria de Deus\u201d (Cl. 1:27b).<\/p>\n<p>As igrejas locais dos grandes centros, tamb\u00e9m podem se envolver com essa jornada de levar a esperan\u00e7a para o Sert\u00e3o do Brasil. Estamos vendo nos \u00faltimos anos, o crescimento do servi\u00e7o volunt\u00e1rio em prol do sertanejo. Precisamos nos envolver mais, podemos manter financeiramente mission\u00e1rios no sert\u00e3o, podemos orar pela vida deles e podemos tamb\u00e9m doar alguns dias do nosso ano para servir e amar todos eles.<\/p>\n<p>Existe esperan\u00e7a para o Sert\u00e3o, existe esperan\u00e7a o sertanejo, existe esperan\u00e7a tamb\u00e9m para voc\u00ea.<\/p>\n<p>*****<\/p>\n<p><em><strong>\u2022 Maycon Barroco<\/strong>, casado com Vivian e pai de Estev\u00e3o \u2013 todos mission\u00e1rios no sert\u00e3o do Piau\u00ed, na cidade de Acau\u00e3. \u00c9 diretor, mission\u00e1rio e fundador da base do <a href=\"http:\/\/www.irisglobal.org\/\">IRIS Global<\/a>&nbsp;no&nbsp;<a href=\"http:\/\/www.facebook.com\/irispiaui\">Piau\u00ed<\/a>, tamb\u00e9m mission\u00e1rio da&nbsp;<a href=\"http:\/\/www.maisnomundo.org\/\">MAIS<\/a> (Miss\u00e3o em Apoio \u00e0 Igreja Sofredora) e coordenador de base social do Instituto \u00c1gua Viva. Atualmente trabalha com outros mission\u00e1rios no processo de ensino de planta\u00e7\u00e3o de igrejas e com projetos de desenvolvimento comunit\u00e1rio (Sa\u00fade, Esporte, Educa\u00e7\u00e3o, Cultura, etc.).<\/em><\/p>\n","protected":false},"excerpt":{"rendered":"<p>Por Maycon Barroco 2017 j\u00e1 iniciou cheio de incertezas, muitos palpites e pouco se sabe de como iremos terminar esse ano. Para o seu Gilberto, l\u00edder de um quilombo no interior do sert\u00e3o do Piau\u00ed, cada ano \u00e9 um novo desafio e o descaso com seu povo continua sendo grande. Certa vez, eu falei com [&hellip;]<\/p>\n","protected":false},"author":2,"featured_media":0,"comment_status":"open","ping_status":"open","sticky":false,"template":"","format":"standard","meta":{"ngg_post_thumbnail":0,"footnotes":""},"categories":[32],"tags":[5506,23248,30897,94],"class_list":["post-5816","post","type-post","status-publish","format-standard","hentry","category-reflexoes","tag-esperanca","tag-maycon-barroco","tag-missao-iris","tag-sertao"],"_links":{"self":[{"href":"https:\/\/ultimato.com.br\/sites\/paralelo10\/wp-json\/wp\/v2\/posts\/5816","targetHints":{"allow":["GET"]}}],"collection":[{"href":"https:\/\/ultimato.com.br\/sites\/paralelo10\/wp-json\/wp\/v2\/posts"}],"about":[{"href":"https:\/\/ultimato.com.br\/sites\/paralelo10\/wp-json\/wp\/v2\/types\/post"}],"author":[{"embeddable":true,"href":"https:\/\/ultimato.com.br\/sites\/paralelo10\/wp-json\/wp\/v2\/users\/2"}],"replies":[{"embeddable":true,"href":"https:\/\/ultimato.com.br\/sites\/paralelo10\/wp-json\/wp\/v2\/comments?post=5816"}],"version-history":[{"count":2,"href":"https:\/\/ultimato.com.br\/sites\/paralelo10\/wp-json\/wp\/v2\/posts\/5816\/revisions"}],"predecessor-version":[{"id":5819,"href":"https:\/\/ultimato.com.br\/sites\/paralelo10\/wp-json\/wp\/v2\/posts\/5816\/revisions\/5819"}],"wp:attachment":[{"href":"https:\/\/ultimato.com.br\/sites\/paralelo10\/wp-json\/wp\/v2\/media?parent=5816"}],"wp:term":[{"taxonomy":"category","embeddable":true,"href":"https:\/\/ultimato.com.br\/sites\/paralelo10\/wp-json\/wp\/v2\/categories?post=5816"},{"taxonomy":"post_tag","embeddable":true,"href":"https:\/\/ultimato.com.br\/sites\/paralelo10\/wp-json\/wp\/v2\/tags?post=5816"}],"curies":[{"name":"wp","href":"https:\/\/api.w.org\/{rel}","templated":true}]}}