{"id":5646,"date":"2016-10-27T11:36:45","date_gmt":"2016-10-27T14:36:45","guid":{"rendered":"http:\/\/ultimato.com.br\/sites\/paralelo10\/?p=5646"},"modified":"2016-10-27T11:49:56","modified_gmt":"2016-10-27T14:49:56","slug":"comunidades-em-transformacao","status":"publish","type":"post","link":"https:\/\/ultimato.com.br\/sites\/paralelo10\/2016\/10\/comunidades-em-transformacao\/","title":{"rendered":"Comunidades em transforma\u00e7\u00e3o"},"content":{"rendered":"<p><span style=\"color: #ff6600;\">COBERTURA ESPECIAL CONGRESSO ALEF 2016<\/span><\/p>\n<p><em>Por Phelipe M. Reis<\/em><\/p>\n<p><img loading=\"lazy\" decoding=\"async\" class=\"alignright wp-image-5652 size-medium\" src=\"http:\/\/ultimato.com.br\/sites\/paralelo10\/files\/2016\/10\/cats-300x199.jpg\" alt=\"cats\" width=\"300\" height=\"199\" srcset=\"https:\/\/ultimato.com.br\/sites\/paralelo10\/files\/2016\/10\/cats-300x199.jpg 300w, https:\/\/ultimato.com.br\/sites\/paralelo10\/files\/2016\/10\/cats-150x100.jpg 150w, https:\/\/ultimato.com.br\/sites\/paralelo10\/files\/2016\/10\/cats.jpg 664w\" sizes=\"auto, (max-width: 300px) 100vw, 300px\" \/>Al\u00e9m de proporcionar momentos de discuss\u00e3o, o congresso Alef 2016 se prop\u00f4s a contribuir para que pastores e l\u00edderes consigam mover suas igrejas locais para impactar suas comunidades. Durante todo encontro, os participantes puderam conhecer projetos e a\u00e7\u00f5es que servem como inspira\u00e7\u00e3o e modelo para que as igrejas sejam agentes de transforma\u00e7\u00e3o na sociedade.<\/p>\n<p>Na tarde de s\u00e1bado\u00a0(22), o pastor Bebeto Ara\u00fajo falou sobre desenvolvimento comunit\u00e1rio e mostrou um exemplo pr\u00e1tico: o projeto do Centro de Treinamento Monte Horebe, um bra\u00e7o da Igreja Vinha de Itaperu\u00e7\u00fa, em Curitiba (PR). No painel, os participantes ouviram representantes de tr\u00eas outros projetos desenvolvidos em contextos de pobreza e vulnerabilidade social: Simea Meldrum, pastora da Par\u00f3quia Anglicana \u00c1gua Viva ao lado do lix\u00e3o de Olinda, em Pernambuco; Lindon Carlos, pastor da Igreja A\u00e7\u00e3o Evang\u00e9lica (Acev) e coordenador do projeto Sert\u00e3o Sustent\u00e1vel; e Evandro Alves, representante do Instituto Solidare e um dos coordenadores da Escola de F\u00e9 Pol\u00edtica.<\/p>\n<p><strong><a href=\"http:\/\/www.missaoalef.org\/\"><img loading=\"lazy\" decoding=\"async\" class=\"alignright size-full wp-image-5648\" src=\"http:\/\/ultimato.com.br\/sites\/paralelo10\/files\/2016\/10\/logo-alef.jpg\" alt=\"logo-alef\" width=\"245\" height=\"110\" srcset=\"https:\/\/ultimato.com.br\/sites\/paralelo10\/files\/2016\/10\/logo-alef.jpg 245w, https:\/\/ultimato.com.br\/sites\/paralelo10\/files\/2016\/10\/logo-alef-150x67.jpg 150w\" sizes=\"auto, (max-width: 245px) 100vw, 245px\" \/>Miss\u00e3o Alef<\/a>\u00a0<\/strong><\/p>\n<p>Al\u00e9m destes projetos, a pr\u00f3pria Alef tem uma hist\u00f3ria de incid\u00eancia para transforma\u00e7\u00e3o da sociedade. A organiza\u00e7\u00e3o surgiu a partir de um congresso em 2003 que foi realizado com o prop\u00f3sito de refletir a cerca da quest\u00e3o da pobreza em Natal e de que forma a igreja poderia enfrentar essa problem\u00e1tica. Na \u00e9poca, constataram que o bairro de Felipe Camar\u00e3o era a regi\u00e3o com o maior n\u00famero de igrejas evang\u00e9licas e, ao mesmo tempo, o bairro mais violento da cidade.<\/p>\n<p>Neste cen\u00e1rio, viu-se a necessidade de unir as igrejas para transformar essa realidade. Foi assim que a Alef se constituiu como um espa\u00e7o para mobilizar pastores e l\u00edderes para que as igrejas compreendessem a dimens\u00e3o do impacto do evangelho, de forma que essas comunidades se transformassem em agentes de transforma\u00e7\u00e3o na sociedade. Desde ent\u00e3o, a organiza\u00e7\u00e3o vem atuando com o intuito de ver igrejas trabalhando juntas, com l\u00edderes saud\u00e1veis, liderando igrejas saud\u00e1veis para transformar comunidade.<!--more--><\/p>\n<p>O congresso da Alef, que acontece todos os anos e j\u00e1 \u00e9 um encontro de refer\u00eancia para\u00a0pastores e l\u00edderes do nordeste, \u00e9 apenas uma das iniciativas da organiza\u00e7\u00e3o. H\u00e1 outras a\u00e7\u00f5es como o \u201cCaf\u00e9 com Miss\u00e3o\u201d, um espa\u00e7o que busca cooperar com igrejas das diversas denomina\u00e7\u00f5es, aproximando-as de uma reflex\u00e3o b\u00edblica e profunda sobre a Miss\u00e3o Integral. A Semana de Capacita\u00e7\u00e3o em Desenvolvimento Comunit\u00e1rio que visa equipar l\u00edderes crist\u00e3os e oferecer ferramentas para a implanta\u00e7\u00e3o de projetos de transforma\u00e7\u00e3o de comunidades. O F\u00f3rum de Miss\u00e3o Integral que tem entre seus prop\u00f3sitos fortalecer a compreens\u00e3o b\u00edblica da miss\u00e3o integral, aprender de boas pr\u00e1ticas de miss\u00e3o integral e definir uma proposta local de aplica\u00e7\u00e3o na igreja local.<\/p>\n<p><strong>Conhe\u00e7a outros projetos que est\u00e3o impactando suas comunidades com o evangelho de Jesus.<\/strong><\/p>\n<p><a href=\"http:\/\/montehorebe.org\/web\/\"><strong><img loading=\"lazy\" decoding=\"async\" class=\"alignright size-full wp-image-5647\" src=\"http:\/\/ultimato.com.br\/sites\/paralelo10\/files\/2016\/10\/horebe.jpg\" alt=\"horebe\" width=\"313\" height=\"96\" srcset=\"https:\/\/ultimato.com.br\/sites\/paralelo10\/files\/2016\/10\/horebe.jpg 313w, https:\/\/ultimato.com.br\/sites\/paralelo10\/files\/2016\/10\/horebe-300x92.jpg 300w, https:\/\/ultimato.com.br\/sites\/paralelo10\/files\/2016\/10\/horebe-150x46.jpg 150w\" sizes=\"auto, (max-width: 313px) 100vw, 313px\" \/>Monte Horebe<\/strong><\/a> \u2013 Fundada em 1984, o Centro de Treinamento Monte Horebe \u00e9 uma organiza\u00e7\u00e3o que atua no fomento e realiza\u00e7\u00e3o de programas e projetos que contribuem para o desenvolvimento local, respondendo necessidades da regi\u00e3o do Vale do Ribeira, no Paran\u00e1. As \u00e1reas de atua\u00e7\u00e3o s\u00e3o: educa\u00e7\u00e3o, esporte e lazer, capacita\u00e7\u00e3o para o mercado de trabalho, gera\u00e7\u00e3o de trabalho e renda, e desenvolvimento rural.<\/p>\n<p><a href=\"http:\/\/www.acevbrasil.org.br\/\"><strong><img loading=\"lazy\" decoding=\"async\" class=\"alignright size-full wp-image-5653\" src=\"http:\/\/ultimato.com.br\/sites\/paralelo10\/files\/2016\/10\/sertao-sustentavel-1.jpg\" alt=\"sertao-sustentavel\" width=\"150\" height=\"75\" \/>Sert\u00e3o Sustent\u00e1vel<\/strong><\/a> \u2013 \u00c9 um programa de desenvolvimento comunit\u00e1rio rural da A\u00e7\u00e3o Evang\u00e9lica Social e compreende cinco projetos: Projeto Po\u00e7os, Projeto Planta\u00e7\u00e3o, Projeto 4 Pernas, Projeto Agroflorestal e Projeto Doce Sert\u00e3o. Um dos prop\u00f3sitos do programa \u00e9 promover o desenvolvimento sustent\u00e1vel por meio da inclus\u00e3o produtiva do sertanejo, bem como o desenvolvimento do potencial de transforma\u00e7\u00e3o da realidade socioecon\u00f4mica da regi\u00e3o.<\/p>\n<p><a href=\"http:\/\/www.institutosolidare.org.br\/\"><strong><img loading=\"lazy\" decoding=\"async\" class=\"alignright wp-image-5650 size-thumbnail\" src=\"http:\/\/ultimato.com.br\/sites\/paralelo10\/files\/2016\/10\/solidare-150x150.jpg\" alt=\"solidare\" width=\"150\" height=\"150\" srcset=\"https:\/\/ultimato.com.br\/sites\/paralelo10\/files\/2016\/10\/solidare-150x150.jpg 150w, https:\/\/ultimato.com.br\/sites\/paralelo10\/files\/2016\/10\/solidare-80x80.jpg 80w\" sizes=\"auto, (max-width: 150px) 100vw, 150px\" \/>Instituto Solidare<\/strong><\/a> \u2013 Organiza\u00e7\u00e3o que nasceu a partir de uma iniciativa da Igreja Batista em Coqueiral juntamente com lideran\u00e7as comunit\u00e1rias locais, como alternativa para o enfrentamento dos problemas sociais e econ\u00f4micos vivenciados por essas comunidades. Atua em Pernambuco com foco na assist\u00eancia social, notadamente nos eixos de desenvolvimento sociofamiliar e socioeducacional.<\/p>\n<p><a href=\"http:\/\/www.ultimato.com.br\/revista\/artigos\/356\/a-igreja-e-o-lixao\"><strong>Igreja do Lix\u00e3o<\/strong><\/a> \u2013 Assim que \u00e9 popularmente conhecida da Igreja Anglicana \u00c1gua Viva. Uma igreja que nasceu em Olinda no ano de 1995, em uma \u00e1rea de despejo de lixo, que tamb\u00e9m era usada para jogar os corpos de pessoas \u201cdescartadas\u201d pelo crime organizado. Na \u00e9poca, cinquenta fam\u00edlias moravam dentro do lix\u00e3o com seus filhos, comendo at\u00e9 restos de lixo hospitalar.<\/p>\n","protected":false},"excerpt":{"rendered":"<p>COBERTURA ESPECIAL CONGRESSO ALEF 2016 Por Phelipe M. Reis Al\u00e9m de proporcionar momentos de discuss\u00e3o, o congresso Alef 2016 se prop\u00f4s a contribuir para que pastores e l\u00edderes consigam mover suas igrejas locais para impactar suas comunidades. Durante todo encontro, os participantes puderam conhecer projetos e a\u00e7\u00f5es que servem como inspira\u00e7\u00e3o e modelo para que [&hellip;]<\/p>\n","protected":false},"author":2,"featured_media":0,"comment_status":"open","ping_status":"open","sticky":false,"template":"","format":"standard","meta":{"ngg_post_thumbnail":0,"footnotes":""},"categories":[7],"tags":[30872,28340,26],"class_list":["post-5646","post","type-post","status-publish","format-standard","hentry","category-noticias","tag-congresso-alef-2016","tag-missao-alef","tag-missao-integral"],"_links":{"self":[{"href":"https:\/\/ultimato.com.br\/sites\/paralelo10\/wp-json\/wp\/v2\/posts\/5646","targetHints":{"allow":["GET"]}}],"collection":[{"href":"https:\/\/ultimato.com.br\/sites\/paralelo10\/wp-json\/wp\/v2\/posts"}],"about":[{"href":"https:\/\/ultimato.com.br\/sites\/paralelo10\/wp-json\/wp\/v2\/types\/post"}],"author":[{"embeddable":true,"href":"https:\/\/ultimato.com.br\/sites\/paralelo10\/wp-json\/wp\/v2\/users\/2"}],"replies":[{"embeddable":true,"href":"https:\/\/ultimato.com.br\/sites\/paralelo10\/wp-json\/wp\/v2\/comments?post=5646"}],"version-history":[{"count":5,"href":"https:\/\/ultimato.com.br\/sites\/paralelo10\/wp-json\/wp\/v2\/posts\/5646\/revisions"}],"predecessor-version":[{"id":5658,"href":"https:\/\/ultimato.com.br\/sites\/paralelo10\/wp-json\/wp\/v2\/posts\/5646\/revisions\/5658"}],"wp:attachment":[{"href":"https:\/\/ultimato.com.br\/sites\/paralelo10\/wp-json\/wp\/v2\/media?parent=5646"}],"wp:term":[{"taxonomy":"category","embeddable":true,"href":"https:\/\/ultimato.com.br\/sites\/paralelo10\/wp-json\/wp\/v2\/categories?post=5646"},{"taxonomy":"post_tag","embeddable":true,"href":"https:\/\/ultimato.com.br\/sites\/paralelo10\/wp-json\/wp\/v2\/tags?post=5646"}],"curies":[{"name":"wp","href":"https:\/\/api.w.org\/{rel}","templated":true}]}}