{"id":5632,"date":"2016-10-22T11:10:49","date_gmt":"2016-10-22T14:10:49","guid":{"rendered":"http:\/\/ultimato.com.br\/sites\/paralelo10\/?p=5632"},"modified":"2016-10-22T11:11:09","modified_gmt":"2016-10-22T14:11:09","slug":"rene-padilla-uma-historia-marcada-pela-fidelidade-de-deus-e-audacia-para-obedece-lo","status":"publish","type":"post","link":"https:\/\/ultimato.com.br\/sites\/paralelo10\/2016\/10\/rene-padilla-uma-historia-marcada-pela-fidelidade-de-deus-e-audacia-para-obedece-lo\/","title":{"rendered":"Uma hist\u00f3ria marcada pela fidelidade de Deus e aud\u00e1cia para obedecer"},"content":{"rendered":"<p><span style=\"color: #ff6600;\">COBERTURA ESPECIAL CONGRESSO ALEF 2016<\/span><\/p>\n<p><em>Por Phelipe M. Reis<\/em><\/p>\n<p><strong><img loading=\"lazy\" decoding=\"async\" class=\"alignright wp-image-5633 size-full\" src=\"http:\/\/ultimato.com.br\/sites\/paralelo10\/files\/2016\/10\/WhatsApp-Image-2016-10-22-at-01.07.29.jpeg\" alt=\"whatsapp-image-2016-10-22-at-01-07-29\" width=\"400\" height=\"225\" srcset=\"https:\/\/ultimato.com.br\/sites\/paralelo10\/files\/2016\/10\/WhatsApp-Image-2016-10-22-at-01.07.29.jpeg 400w, https:\/\/ultimato.com.br\/sites\/paralelo10\/files\/2016\/10\/WhatsApp-Image-2016-10-22-at-01.07.29-300x169.jpeg 300w, https:\/\/ultimato.com.br\/sites\/paralelo10\/files\/2016\/10\/WhatsApp-Image-2016-10-22-at-01.07.29-150x84.jpeg 150w\" sizes=\"auto, (max-width: 400px) 100vw, 400px\" \/><\/strong>Um jovem equatoriano pobre que sonhava ser escritor. Sem dinheiro, achando que sabia falar ingl\u00eas, vai para os Estados Unidos para estudar. Que frustra\u00e7\u00e3o! Se deu conta que s\u00f3 sabia gram\u00e1tica, mas n\u00e3o tinha flu\u00eancia na l\u00edngua e, portanto, n\u00e3o conseguia acompanhar as aulas. Lembrou-se que o reitor da universidade havia sido mission\u00e1rio no Equador e foi falar com ele. O reitor ofereceu ao jovem moradia no alojamento dos estudantes e emprego para aprender a l\u00edngua e custear suas despesas. Durante um ano ficou trabalhando no restaurante universit\u00e1rio. Ele colecionava peda\u00e7os de papel onde escrevia as palavras que eram desconhecidas e buscava inseri-las durante as conversas com estudantes. Assim conseguiu flu\u00eancia no ingl\u00eas para come\u00e7ar seus estudos que o levariam para uma caminhada acad\u00eamica e teol\u00f3gica marcante na hist\u00f3ria da igreja latino americana.<\/p>\n<p>Ren\u00e9 Padilla, um dos convidados do congresso Alef 2016, contou um pouco de sua hist\u00f3ria ontem (21) pela manh\u00e3 durante um caf\u00e9 com alguns poucos pastores e l\u00edderes. A conversa foi longa. Envolvimento com o movimento estudantil, proposta de casamento, revolu\u00e7\u00e3o cubana e, claro, a miss\u00e3o da igreja na Am\u00e9rica Latina, foram alguns dos assuntos comentados por ele.<\/p>\n<p>Como sempre gosta de enfatizar e esclarecer, Padilla falou que a miss\u00e3o integral n\u00e3o surgiu com a inten\u00e7\u00e3o de ser uma teologia. O que motivou o surgimento dela foi a busca por respostas b\u00edblicas diante dos questionamentos feito no ambiente universit\u00e1rio. Trabalho que ele come\u00e7ou a desenvolver na Am\u00e9rica Latina em 1959, mesmo ano em que Fidel Castro e Che Guevara entram em Havana e instauram a revolu\u00e7\u00e3o cubana.<!--more--><\/p>\n<p>\u201cOs estudantes marxistas me questionavam sobre o que n\u00f3s, crist\u00e3os protestantes, t\u00ednhamos a falar sobre a injusti\u00e7a e os problemas da Am\u00e9rica Latina. E durante toda a minha vida crist\u00e3, at\u00e9 aquele momento, e durante meus estudos nos Estados Unidos eu nunca tinha ouvido falar sobre isso\u201d, conta.<\/p>\n<p>Foi diante destes questionamentos que borbulhavam no ambiente universit\u00e1rio que Padilla, Pedro Arana e Samuel Escobar come\u00e7aram a buscar na B\u00edblia o que ela tinha a dizer sobre injusti\u00e7a e os demais problemas latino-americanos.<\/p>\n<p>Depois de falar sobre v\u00e1rios outros assuntos relacionados \u00e0 miss\u00e3o na Am\u00e9rica Latina e responder algumas perguntas dos presentes, Padilla conclui dizendo que sua vida come\u00e7a com a hist\u00f3ria de algu\u00e9m que praticava um cristianismo individualista e que n\u00e3o se importava com os problemas do pr\u00f3ximo, mas que se transformou numa caminhada marcada pela fidelidade de Deus e a aud\u00e1cia para fazer aquilo que Deus queria ele\u00a0fizesse.<\/p>\n<p><em><strong>Phelipe M. Reis<\/strong> \u00e9 mission\u00e1rio, jornalista e trabalha no Portal Ultimato Online.<\/em><\/p>\n","protected":false},"excerpt":{"rendered":"<p>COBERTURA ESPECIAL CONGRESSO ALEF 2016 Por Phelipe M. Reis Um jovem equatoriano pobre que sonhava ser escritor. Sem dinheiro, achando que sabia falar ingl\u00eas, vai para os Estados Unidos para estudar. Que frustra\u00e7\u00e3o! Se deu conta que s\u00f3 sabia gram\u00e1tica, mas n\u00e3o tinha flu\u00eancia na l\u00edngua e, portanto, n\u00e3o conseguia acompanhar as aulas. Lembrou-se que [&hellip;]<\/p>\n","protected":false},"author":2,"featured_media":0,"comment_status":"open","ping_status":"open","sticky":false,"template":"","format":"standard","meta":{"ngg_post_thumbnail":0,"footnotes":""},"categories":[95],"tags":[30872,26],"class_list":["post-5632","post","type-post","status-publish","format-standard","hentry","category-testemunhos","tag-congresso-alef-2016","tag-missao-integral"],"_links":{"self":[{"href":"https:\/\/ultimato.com.br\/sites\/paralelo10\/wp-json\/wp\/v2\/posts\/5632","targetHints":{"allow":["GET"]}}],"collection":[{"href":"https:\/\/ultimato.com.br\/sites\/paralelo10\/wp-json\/wp\/v2\/posts"}],"about":[{"href":"https:\/\/ultimato.com.br\/sites\/paralelo10\/wp-json\/wp\/v2\/types\/post"}],"author":[{"embeddable":true,"href":"https:\/\/ultimato.com.br\/sites\/paralelo10\/wp-json\/wp\/v2\/users\/2"}],"replies":[{"embeddable":true,"href":"https:\/\/ultimato.com.br\/sites\/paralelo10\/wp-json\/wp\/v2\/comments?post=5632"}],"version-history":[{"count":3,"href":"https:\/\/ultimato.com.br\/sites\/paralelo10\/wp-json\/wp\/v2\/posts\/5632\/revisions"}],"predecessor-version":[{"id":5636,"href":"https:\/\/ultimato.com.br\/sites\/paralelo10\/wp-json\/wp\/v2\/posts\/5632\/revisions\/5636"}],"wp:attachment":[{"href":"https:\/\/ultimato.com.br\/sites\/paralelo10\/wp-json\/wp\/v2\/media?parent=5632"}],"wp:term":[{"taxonomy":"category","embeddable":true,"href":"https:\/\/ultimato.com.br\/sites\/paralelo10\/wp-json\/wp\/v2\/categories?post=5632"},{"taxonomy":"post_tag","embeddable":true,"href":"https:\/\/ultimato.com.br\/sites\/paralelo10\/wp-json\/wp\/v2\/tags?post=5632"}],"curies":[{"name":"wp","href":"https:\/\/api.w.org\/{rel}","templated":true}]}}