{"id":5563,"date":"2016-10-03T09:43:22","date_gmt":"2016-10-03T12:43:22","guid":{"rendered":"http:\/\/ultimato.com.br\/sites\/paralelo10\/?p=5563"},"modified":"2016-10-03T09:43:22","modified_gmt":"2016-10-03T12:43:22","slug":"plantar-para-o-futuro","status":"publish","type":"post","link":"https:\/\/ultimato.com.br\/sites\/paralelo10\/2016\/10\/plantar-para-o-futuro\/","title":{"rendered":"Plantar para o futuro"},"content":{"rendered":"<p><em>Por Fl\u00e1via Marques Amorim<\/em><\/p>\n<p>A Acev (A\u00e7\u00e3o Evang\u00e9lica) \u00e9 uma parceira da Tearfund que trabalha na regi\u00e3o semi\u00e1rida no Nordeste do Brasil. A Acev trabalha com seus parceiros para desenvolver projetos sustent\u00e1veis que promovam uma rela\u00e7\u00e3o saud\u00e1vel com o meio ambiente. Seu Projeto Planta\u00e7\u00e3o trabalha em conjunto com seus outros projetos de perfura\u00e7\u00e3o de po\u00e7os e agrossilvicultura. Os po\u00e7os fornecem \u00e1gua pot\u00e1vel, vital nas comunidades pobres, e o trabalho de agrossilvicultura promove a sustentabilidade ambiental e o reflorestamento.<\/p>\n<p><img loading=\"lazy\" decoding=\"async\" class=\"size-full wp-image-5564 aligncenter\" src=\"http:\/\/ultimato.com.br\/sites\/paralelo10\/files\/2016\/10\/P10_03_10_16_passo-a-passo.jpg\" alt=\"p10_03_10_16_passo-a-passo\" width=\"497\" height=\"289\" srcset=\"https:\/\/ultimato.com.br\/sites\/paralelo10\/files\/2016\/10\/P10_03_10_16_passo-a-passo.jpg 497w, https:\/\/ultimato.com.br\/sites\/paralelo10\/files\/2016\/10\/P10_03_10_16_passo-a-passo-300x174.jpg 300w, https:\/\/ultimato.com.br\/sites\/paralelo10\/files\/2016\/10\/P10_03_10_16_passo-a-passo-150x87.jpg 150w\" sizes=\"auto, (max-width: 497px) 100vw, 497px\" \/><\/p>\n<p>O Projeto Planta\u00e7\u00e3o da Acev incentiva os m\u00e9todos agr\u00edcolas org\u00e2nicos. Ele ajuda as fam\u00edlias a aprender como cultivar culturas saud\u00e1veis e de boa qualidade sem a utiliza\u00e7\u00e3o de pesticidas ou fertilizantes qu\u00edmicos. A equipe do projeto ajuda e orienta as fam\u00edlias por seis meses, e um agr\u00f4nomo d\u00e1 aconselhamento. Eles trabalham com os agricultores em quest\u00f5es tais como uso da \u00e1gua e microirriga\u00e7\u00e3o, cuidados e fertilidade do solo, culturas adequadas, rota\u00e7\u00e3o de culturas e fertilizantes e inseticidas naturais. Eles tamb\u00e9m incentivam os participantes a formar cooperativas agr\u00edcolas.<!--more--><\/p>\n<p>A Acev valoriza a educa\u00e7\u00e3o. As comunidades podem participar de oficinas sobre quest\u00f5es ambientais, como, por exemplo:<\/p>\n<ul>\n<li>como eliminar res\u00edduos com sensibilidade;<\/li>\n<li>como valorizar e proteger plantas e animais locais raros;<\/li>\n<li>como plantar esp\u00e9cies arb\u00f3reas adequadas, tais como o nim e a moringa, que se adaptam bem \u00e0s condi\u00e7\u00f5es das \u00e1reas semi\u00e1ridas.<\/li>\n<\/ul>\n<p>No final dessas oficinas, pede-se \u00e0s comunidades para que se comprometam a manter boas pr\u00e1ticas ambientais. Ao longo dos tr\u00eas anos do projeto, os funcion\u00e1rios da Acev viram os h\u00e1bitos mudar em rela\u00e7\u00e3o ao cuidado com o meio ambiente.<\/p>\n<p>Jos\u00e9 Ivonildo Fernandes trabalhou com a comunidade do S\u00edtio Pinheira, em Mana\u00edra. Diz ele:<\/p>\n<blockquote><p>\u201cPrimeiro, a \u00e1rea foi cercada. Depois, plantamos culturas como banana, maracuj\u00e1 e feij\u00e3o-andu ao longo da cerca, que serviram como quebra-vento e tamb\u00e9m como fonte de alimento e renda. Outro passo importante foi diversificar os legumes plantados. A comunidade agora planta novos legumes, como beterraba, piment\u00e3o, cenoura, abobrinha e repolho, al\u00e9m da alface e do coentro que eles j\u00e1 plantavam antes. Todas essas culturas s\u00e3o cultivadas organicamente, com inseticidas naturais. As pessoas costumavam queimar os arbustos e os res\u00edduos das colheitas, mas, agora, n\u00f3s os transformamos em adubo org\u00e2nico e misturamos com outros estercos animais para fertilizar nossas terras.\u201d<\/p><\/blockquote>\n<p>Com o Projeto Planta\u00e7\u00e3o, as pessoas t\u00eam uma fonte segura de alimentos org\u00e2nicos saud\u00e1veis. Como n\u00e3o s\u00e3o usados produtos qu\u00edmicos, a qualidade da \u00e1gua \u00e9 protegida. O cultivo m\u00ednimo protege a estrutura e a fertilidade do solo e reduz a eros\u00e3o. Todas essas pr\u00e1ticas promovem a biodiversidade local e ajudam a proteger o meio ambiente.<\/p>\n<p>Antonio Felix Florentino \u00e9 o Presidente da Associa\u00e7\u00e3o do S\u00edtio Pinheira e diz:<\/p>\n<blockquote><p>\u201cHoje, com a ajuda da ACEV, n\u00e3o tenho necessidade de sair da Pinheira para ter uma renda. O que mais me chamou a aten\u00e7\u00e3o na ACEV foi o incentivo e o apoio para que preservemos a natureza e o meio ambiente. Antes, isso era uma coisa com que a gente n\u00e3o se importava, mas, agora, queremos preservar a terra que Deus nos deu. Este ano, houve uma seca horr\u00edvel, mas, gra\u00e7as a Deus, estamos vendo os benef\u00edcios do Projeto Planta\u00e7\u00e3o. Tenho certeza de que Deus nos aben\u00e7oou e vai continuar aben\u00e7oando nossa vida e este lugar.\u201d<\/p><\/blockquote>\n<p><span style=\"color: #ff6600;\"><em>Nota: Texto retirado da Revista Passo a Passo 99.<\/em><\/span><\/p>\n<p>Fl\u00e1via Marques Amorim \u00e9 a Coordenadora de Programas Sociais da ACEV<br \/>\nSite: www.acevbrasil.org.br<\/p>\n","protected":false},"excerpt":{"rendered":"<p>Por Fl\u00e1via Marques Amorim A Acev (A\u00e7\u00e3o Evang\u00e9lica) \u00e9 uma parceira da Tearfund que trabalha na regi\u00e3o semi\u00e1rida no Nordeste do Brasil. A Acev trabalha com seus parceiros para desenvolver projetos sustent\u00e1veis que promovam uma rela\u00e7\u00e3o saud\u00e1vel com o meio ambiente. Seu Projeto Planta\u00e7\u00e3o trabalha em conjunto com seus outros projetos de perfura\u00e7\u00e3o de po\u00e7os [&hellip;]<\/p>\n","protected":false},"author":2,"featured_media":0,"comment_status":"open","ping_status":"open","sticky":false,"template":"","format":"standard","meta":{"ngg_post_thumbnail":0,"footnotes":""},"categories":[6],"tags":[65,30849,30868,30867],"class_list":["post-5563","post","type-post","status-publish","format-standard","hentry","category-bom-tempero","tag-acev","tag-passo-a-passo-99","tag-plantacao","tag-tearfun"],"_links":{"self":[{"href":"https:\/\/ultimato.com.br\/sites\/paralelo10\/wp-json\/wp\/v2\/posts\/5563","targetHints":{"allow":["GET"]}}],"collection":[{"href":"https:\/\/ultimato.com.br\/sites\/paralelo10\/wp-json\/wp\/v2\/posts"}],"about":[{"href":"https:\/\/ultimato.com.br\/sites\/paralelo10\/wp-json\/wp\/v2\/types\/post"}],"author":[{"embeddable":true,"href":"https:\/\/ultimato.com.br\/sites\/paralelo10\/wp-json\/wp\/v2\/users\/2"}],"replies":[{"embeddable":true,"href":"https:\/\/ultimato.com.br\/sites\/paralelo10\/wp-json\/wp\/v2\/comments?post=5563"}],"version-history":[{"count":5,"href":"https:\/\/ultimato.com.br\/sites\/paralelo10\/wp-json\/wp\/v2\/posts\/5563\/revisions"}],"predecessor-version":[{"id":5569,"href":"https:\/\/ultimato.com.br\/sites\/paralelo10\/wp-json\/wp\/v2\/posts\/5563\/revisions\/5569"}],"wp:attachment":[{"href":"https:\/\/ultimato.com.br\/sites\/paralelo10\/wp-json\/wp\/v2\/media?parent=5563"}],"wp:term":[{"taxonomy":"category","embeddable":true,"href":"https:\/\/ultimato.com.br\/sites\/paralelo10\/wp-json\/wp\/v2\/categories?post=5563"},{"taxonomy":"post_tag","embeddable":true,"href":"https:\/\/ultimato.com.br\/sites\/paralelo10\/wp-json\/wp\/v2\/tags?post=5563"}],"curies":[{"name":"wp","href":"https:\/\/api.w.org\/{rel}","templated":true}]}}