{"id":5558,"date":"2016-09-29T10:35:14","date_gmt":"2016-09-29T13:35:14","guid":{"rendered":"http:\/\/ultimato.com.br\/sites\/paralelo10\/?p=5558"},"modified":"2016-09-29T10:35:14","modified_gmt":"2016-09-29T13:35:14","slug":"reino-de-deus-e-equidade-uma-construcao-a-muitas-maos","status":"publish","type":"post","link":"https:\/\/ultimato.com.br\/sites\/paralelo10\/2016\/09\/reino-de-deus-e-equidade-uma-construcao-a-muitas-maos\/","title":{"rendered":"Reino de Deus e equidade: uma constru\u00e7\u00e3o a muitas m\u00e3os"},"content":{"rendered":"<p><em><span style=\"color: #ff6600;\">1\u00ba Encontro Regional RENAS Nordeste<\/span><\/em><\/p>\n<p><img loading=\"lazy\" decoding=\"async\" class=\"alignright size-full wp-image-5559\" src=\"http:\/\/ultimato.com.br\/sites\/paralelo10\/files\/2016\/09\/P10_29_09_16_renas-nordeste.jpg\" alt=\"p10_29_09_16_renas-nordeste\" width=\"400\" height=\"240\" srcset=\"https:\/\/ultimato.com.br\/sites\/paralelo10\/files\/2016\/09\/P10_29_09_16_renas-nordeste.jpg 400w, https:\/\/ultimato.com.br\/sites\/paralelo10\/files\/2016\/09\/P10_29_09_16_renas-nordeste-300x180.jpg 300w, https:\/\/ultimato.com.br\/sites\/paralelo10\/files\/2016\/09\/P10_29_09_16_renas-nordeste-150x90.jpg 150w\" sizes=\"auto, (max-width: 400px) 100vw, 400px\" \/>Participar do 1\u00ba Encontro RENAS Nordeste, em Recife (PE), de 15 a 17 deste m\u00eas, foi uma experi\u00eancia para l\u00e1 de agrad\u00e1vel!<\/p>\n<p>Foi uma oportunidade de rever amigos de caminhada, abra\u00e7ar pessoas de seis estados diferentes do nordeste: Pernambuco, Sergipe, Bahia, Para\u00edba, Cear\u00e1 e Rio Grande do Norte. Al\u00e9m de dois estados do sudeste: Minas Gerais e S\u00e3o Paulo.<\/p>\n<p>Todos sa\u00edram de suas casas com o objetivo de troca, aprendizado e principalmente participar da discuss\u00e3o sobre a constru\u00e7\u00e3o do Reino de Deus a muitas m\u00e3os.<\/p>\n<p>O Encontro foi realizado na Igreja Batista do Coqueiral, onde o pastor Z\u00e9 Marcos, sua esposa Neide e uma equipe alegre e receptiva, nos acolheu com todo carinho.<\/p>\n<p>Nas plen\u00e1rias refletimos sobre a perspectiva da coletividade da constru\u00e7\u00e3o do Reino de Deus, revisitando o modelo de vida de Jesus que partilha sua vida com seus disc\u00edpulos, seguidores e amigos.<!--more--><\/p>\n<p>Fomos desafiados a reafirmar que \u201co Reino de Deus \u00e9 eterno, firmado em miseric\u00f3rdia, justi\u00e7a e igualdade, bondade e fidelidade\u201d.<\/p>\n<p>Nas oficinas discutimos sobre modelos pr\u00e1ticos de interven\u00e7\u00e3o em comunidades, fortalecimento de pessoas e fam\u00edlias, enfrentamento \u00e0 viol\u00eancia contra crian\u00e7as, mulheres, empreendedorismo, defesa dos direitos humanos, f\u00e9 e pol\u00edtica.<\/p>\n<p>Tudo isto, no espa\u00e7o chamado Instituto Solidare que est\u00e1 situado no \u201ccora\u00e7\u00e3o\u201d da vizinhan\u00e7a do bairro Coqueiral. O Instituto atende em seus programas e projetos mais de 700 pessoas diretamente e trabalha para melhorar a qualidade de vida dos moradores.<\/p>\n<p>Os resultados alcan\u00e7ados s\u00e3o potencializados por meio de parcerias com pessoas volunt\u00e1rias e empresas como Gerdau, Coca-Cola e outros.<\/p>\n<p>Deus, por meio da conviv\u00eancia com os irm\u00e3os e da reflex\u00e3o sobre sua Palavra, renovou nossas for\u00e7as f\u00edsicas, emocionais e espirituais. Sa\u00edmos de l\u00e1 muito animados em continuar nossa jornada.<\/p>\n<p>Nossos parab\u00e9ns aos queridos irm\u00e3os e irm\u00e3s da RENAS Nordeste. Que o Senhor possa mant\u00ea-los firmes na pr\u00e1tica do amor, unidos em f\u00e9 e na constru\u00e7\u00e3o do Reino de Deus!<\/p>\n<p>D\u00e9bora, Jailma e Soraya<br \/>\n<em>Representantes da RENAS Nacional<\/em><\/p>\n","protected":false},"excerpt":{"rendered":"<p>1\u00ba Encontro Regional RENAS Nordeste Participar do 1\u00ba Encontro RENAS Nordeste, em Recife (PE), de 15 a 17 deste m\u00eas, foi uma experi\u00eancia para l\u00e1 de agrad\u00e1vel! Foi uma oportunidade de rever amigos de caminhada, abra\u00e7ar pessoas de seis estados diferentes do nordeste: Pernambuco, Sergipe, Bahia, Para\u00edba, Cear\u00e1 e Rio Grande do Norte. Al\u00e9m de [&hellip;]<\/p>\n","protected":false},"author":2,"featured_media":0,"comment_status":"open","ping_status":"open","sticky":false,"template":"","format":"standard","meta":{"ngg_post_thumbnail":0,"footnotes":""},"categories":[95],"tags":[30866],"class_list":["post-5558","post","type-post","status-publish","format-standard","hentry","category-testemunhos","tag-renas-regional-nordeste"],"_links":{"self":[{"href":"https:\/\/ultimato.com.br\/sites\/paralelo10\/wp-json\/wp\/v2\/posts\/5558","targetHints":{"allow":["GET"]}}],"collection":[{"href":"https:\/\/ultimato.com.br\/sites\/paralelo10\/wp-json\/wp\/v2\/posts"}],"about":[{"href":"https:\/\/ultimato.com.br\/sites\/paralelo10\/wp-json\/wp\/v2\/types\/post"}],"author":[{"embeddable":true,"href":"https:\/\/ultimato.com.br\/sites\/paralelo10\/wp-json\/wp\/v2\/users\/2"}],"replies":[{"embeddable":true,"href":"https:\/\/ultimato.com.br\/sites\/paralelo10\/wp-json\/wp\/v2\/comments?post=5558"}],"version-history":[{"count":2,"href":"https:\/\/ultimato.com.br\/sites\/paralelo10\/wp-json\/wp\/v2\/posts\/5558\/revisions"}],"predecessor-version":[{"id":5561,"href":"https:\/\/ultimato.com.br\/sites\/paralelo10\/wp-json\/wp\/v2\/posts\/5558\/revisions\/5561"}],"wp:attachment":[{"href":"https:\/\/ultimato.com.br\/sites\/paralelo10\/wp-json\/wp\/v2\/media?parent=5558"}],"wp:term":[{"taxonomy":"category","embeddable":true,"href":"https:\/\/ultimato.com.br\/sites\/paralelo10\/wp-json\/wp\/v2\/categories?post=5558"},{"taxonomy":"post_tag","embeddable":true,"href":"https:\/\/ultimato.com.br\/sites\/paralelo10\/wp-json\/wp\/v2\/tags?post=5558"}],"curies":[{"name":"wp","href":"https:\/\/api.w.org\/{rel}","templated":true}]}}