{"id":5539,"date":"2016-09-22T12:41:56","date_gmt":"2016-09-22T15:41:56","guid":{"rendered":"http:\/\/ultimato.com.br\/sites\/paralelo10\/?p=5539"},"modified":"2016-09-22T12:41:56","modified_gmt":"2016-09-22T15:41:56","slug":"comeca-hoje-22-em-santarem-o-1o-encontro-regional-da-renas-no-norte","status":"publish","type":"post","link":"https:\/\/ultimato.com.br\/sites\/paralelo10\/2016\/09\/comeca-hoje-22-em-santarem-o-1o-encontro-regional-da-renas-no-norte\/","title":{"rendered":"Come\u00e7a hoje (22) em Santar\u00e9m o 1\u00ba Encontro Regional da Renas no Norte"},"content":{"rendered":"<p><img loading=\"lazy\" decoding=\"async\" class=\"alignright wp-image-5540 size-full\" src=\"http:\/\/ultimato.com.br\/sites\/paralelo10\/files\/2016\/09\/P10_22_09_16_Encontro_Renas_Norte.jpg\" alt=\"p10_22_09_16_encontro_renas_norte\" width=\"282\" height=\"403\" srcset=\"https:\/\/ultimato.com.br\/sites\/paralelo10\/files\/2016\/09\/P10_22_09_16_Encontro_Renas_Norte.jpg 282w, https:\/\/ultimato.com.br\/sites\/paralelo10\/files\/2016\/09\/P10_22_09_16_Encontro_Renas_Norte-210x300.jpg 210w, https:\/\/ultimato.com.br\/sites\/paralelo10\/files\/2016\/09\/P10_22_09_16_Encontro_Renas_Norte-105x150.jpg 105w\" sizes=\"auto, (max-width: 282px) 100vw, 282px\" \/>A Rede Evang\u00e9lica Nacional de A\u00e7\u00e3o Social (Renas) continua criando oportunidades de encontros e di\u00e1logos nas regi\u00f5es brasileiras. Al\u00e9m do Encontro Regional no Nordeste, que aconteceu de 15 a 17 de setembro, em Recife (PE), come\u00e7a hoje (22) o 1\u00ba Encontro Regional da Renas na regi\u00e3o Norte, em Santar\u00e9m (PA).<\/p>\n<p>A Renas e a Renas Tapaj\u00f3s convidam os crist\u00e3os a refletirem sobre a justi\u00e7a e f\u00e9 frente aos desafios de sustentabilidade da Amaz\u00f4nia. Al\u00e9m disso, o evento vai olhar com aten\u00e7\u00e3o para os desafios trazidos pela realidade de destrui\u00e7\u00e3o e degrada\u00e7\u00e3o da crian\u00e7a que nos inquieta e nos faz sentir compaix\u00e3o.<\/p>\n<p>\u201cQueremos ser uma igreja relevante e ousada na responsabilidade de reconciliar em Cristo todas as coisas\u201d, diz a Renas Tapaj\u00f3s.<\/p>\n<p>Preletores: Pastor Jos\u00e9 Marcos Silva, da Igreja Batista Coqueiral (Recife\/PE). Marcos Franqui Cust\u00f3dio, MBA em Gest\u00e3o da Sustentabilidade (Indaiatuba\/SP) e pastor Olavo Dias, da REMAR (Marab\u00e1\/PA).<\/p>\n<p><strong>SERVI\u00c7O<\/strong><br \/>\nEvento: 1\u00ba Encontro Regional da Renas da Regi\u00e3o Norte.<br \/>\nTema: Justi\u00e7a e F\u00e9 frente aos Desafios de Sustentabilidade da Amaz\u00f4nia.<br \/>\nData: 22 a 24 de setembro.<br \/>\nLocal: Santar\u00e9m (PA).<br \/>\nMais informa\u00e7\u00f5es <a href=\"http:\/\/renas.org.br\/2016\/09\/15\/renas-prepara-encontro-na-regiao-norte\/\">aqui<\/a>.<\/p>\n","protected":false},"excerpt":{"rendered":"<p>A Rede Evang\u00e9lica Nacional de A\u00e7\u00e3o Social (Renas) continua criando oportunidades de encontros e di\u00e1logos nas regi\u00f5es brasileiras. Al\u00e9m do Encontro Regional no Nordeste, que aconteceu de 15 a 17 de setembro, em Recife (PE), come\u00e7a hoje (22) o 1\u00ba Encontro Regional da Renas na regi\u00e3o Norte, em Santar\u00e9m (PA). A Renas e a Renas [&hellip;]<\/p>\n","protected":false},"author":2,"featured_media":0,"comment_status":"open","ping_status":"open","sticky":false,"template":"","format":"standard","meta":{"ngg_post_thumbnail":0,"footnotes":""},"categories":[7],"tags":[],"class_list":["post-5539","post","type-post","status-publish","format-standard","hentry","category-noticias"],"_links":{"self":[{"href":"https:\/\/ultimato.com.br\/sites\/paralelo10\/wp-json\/wp\/v2\/posts\/5539","targetHints":{"allow":["GET"]}}],"collection":[{"href":"https:\/\/ultimato.com.br\/sites\/paralelo10\/wp-json\/wp\/v2\/posts"}],"about":[{"href":"https:\/\/ultimato.com.br\/sites\/paralelo10\/wp-json\/wp\/v2\/types\/post"}],"author":[{"embeddable":true,"href":"https:\/\/ultimato.com.br\/sites\/paralelo10\/wp-json\/wp\/v2\/users\/2"}],"replies":[{"embeddable":true,"href":"https:\/\/ultimato.com.br\/sites\/paralelo10\/wp-json\/wp\/v2\/comments?post=5539"}],"version-history":[{"count":3,"href":"https:\/\/ultimato.com.br\/sites\/paralelo10\/wp-json\/wp\/v2\/posts\/5539\/revisions"}],"predecessor-version":[{"id":5543,"href":"https:\/\/ultimato.com.br\/sites\/paralelo10\/wp-json\/wp\/v2\/posts\/5539\/revisions\/5543"}],"wp:attachment":[{"href":"https:\/\/ultimato.com.br\/sites\/paralelo10\/wp-json\/wp\/v2\/media?parent=5539"}],"wp:term":[{"taxonomy":"category","embeddable":true,"href":"https:\/\/ultimato.com.br\/sites\/paralelo10\/wp-json\/wp\/v2\/categories?post=5539"},{"taxonomy":"post_tag","embeddable":true,"href":"https:\/\/ultimato.com.br\/sites\/paralelo10\/wp-json\/wp\/v2\/tags?post=5539"}],"curies":[{"name":"wp","href":"https:\/\/api.w.org\/{rel}","templated":true}]}}