{"id":5527,"date":"2016-09-20T11:52:05","date_gmt":"2016-09-20T14:52:05","guid":{"rendered":"http:\/\/ultimato.com.br\/sites\/paralelo10\/?p=5527"},"modified":"2016-09-20T12:02:10","modified_gmt":"2016-09-20T15:02:10","slug":"por-que-deveriamos-falar-depressao-e-suicidio-com-adolescentes-nas-igrejas","status":"publish","type":"post","link":"https:\/\/ultimato.com.br\/sites\/paralelo10\/2016\/09\/por-que-deveriamos-falar-depressao-e-suicidio-com-adolescentes-nas-igrejas\/","title":{"rendered":"Por que dever\u00edamos falar sobre depress\u00e3o e suic\u00eddio com adolescentes nas igrejas?"},"content":{"rendered":"<p>Em adultos, a depress\u00e3o tanto em mulheres como homens \u00e9 mais comum na faixa et\u00e1ria dos 25 a 44 anos. Embora a probabilidade maior seja afetar pessoas na casa dos vinte anos, <a href=\"http:\/\/oficinadepsicologia.com\/depressao\/depressao-major\">a idade dos primeiros sintomas tem diminu\u00eddo ao longo do tempo<\/a>. Nas crian\u00e7as, a depress\u00e3o cl\u00ednica afeta rapazes e mo\u00e7as na mesma propor\u00e7\u00e3o.<\/p>\n<p>Para algumas pessoas, em determinados momentos, dar fim \u00e0 pr\u00f3pria vida como a \u00fanica sa\u00edda para uma situa\u00e7\u00e3o de sofrimento intoler\u00e1vel, talvez pare\u00e7a a \u00fanica solu\u00e7\u00e3o poss\u00edvel. Segundo a Organiza\u00e7\u00e3o Mundial de Sa\u00fade (<a href=\"http:\/\/www.who.int\/mediacentre\/factsheets\/fs369\/es\/a\">OMS<\/a>) a depress\u00e3o \u00e9 uma das principais causas de suic\u00eddio. Al\u00e9m de afetar mais mulheres que homens, os dados da OMS estimam que a depress\u00e3o atinja cerca de 350 milh\u00f5es de pessoas em todo o mundo.<\/p>\n<p>Essa rela\u00e7\u00e3o entre depress\u00e3o e suic\u00eddio \u00e9 retratada no filme \u201c<a href=\"https:\/\/www.youtube.com\/watch?v=bPpIjOq-kJ8\">S\u00f3 Eu Sei<\/a>\u201d, um curta-metragem produzido por um grupo de cineastas amazonenses, lan\u00e7ado no Youtube e que faz refer\u00eancia ao Setembro Amarelo \u2013 campanha mundial de conscientiza\u00e7\u00e3o de preven\u00e7\u00e3o ao suic\u00eddio.<\/p>\n<p>Em entrevista \u00e0 R\u00e1dio Nacional da Amaz\u00f4nia, Andrew Lukas, diretor do filme, falou sobre a produ\u00e7\u00e3o do curta e de como os problemas com depress\u00e3o dentro de sua fam\u00edlia o influenciaram na cria\u00e7\u00e3o do roteiro, que tamb\u00e9m inclui um relato real de uma pessoa que convive com a depress\u00e3o.<\/p>\n<p>Diante desta triste realidade, aqueles que trabalham com jovens e adolescentes nas igrejas deveriam se perguntar: O que tem levado os jovens e adolescentes a darem fim \u00e0 pr\u00f3pria vida? Como a igreja poderia ajudar na preven\u00e7\u00e3o da depress\u00e3o e do suic\u00eddio? Encarar este problema dentro das igrejas, certamente \u00e9 um grande desafio, por\u00e9m \u00e9 necess\u00e1rio e urgente.<\/p>\n<p><strong>Assista a seguir o curta-metragem &#8220;S\u00f3 Eu Sei&#8221;:<\/strong><\/p>\n<p><iframe loading=\"lazy\" src=\"https:\/\/www.youtube.com\/embed\/bPpIjOq-kJ8\" width=\"560\" height=\"315\" frameborder=\"0\" allowfullscreen=\"allowfullscreen\"><\/iframe><\/p>\n<p>&nbsp;<\/p>\n<p><em><a href=\"http:\/\/radios.ebc.com.br\/mosaico\/edicao\/2016-09\/setembro-amarelo-amazonenses-lancam-curta-metragem-sobre-depressao-e-suicidio\">Com informa\u00e7\u00f5es da Radio Nacional da Amaz\u00f4nia \/ EBC<\/a><\/em><\/p>\n","protected":false},"excerpt":{"rendered":"<p>Em adultos, a depress\u00e3o tanto em mulheres como homens \u00e9 mais comum na faixa et\u00e1ria dos 25 a 44 anos. Embora a probabilidade maior seja afetar pessoas na casa dos vinte anos, a idade dos primeiros sintomas tem diminu\u00eddo ao longo do tempo. Nas crian\u00e7as, a depress\u00e3o cl\u00ednica afeta rapazes e mo\u00e7as na mesma propor\u00e7\u00e3o. [&hellip;]<\/p>\n","protected":false},"author":2,"featured_media":0,"comment_status":"open","ping_status":"open","sticky":false,"template":"","format":"standard","meta":{"ngg_post_thumbnail":0,"footnotes":""},"categories":[7],"tags":[5175,19288,8392,4796,5675,5715,30858,8405],"class_list":["post-5527","post","type-post","status-publish","format-standard","hentry","category-noticias","tag-adolescentes","tag-amazonas","tag-cinema","tag-depressao","tag-jovens","tag-manaus","tag-setembro-amarelo","tag-suicidio"],"_links":{"self":[{"href":"https:\/\/ultimato.com.br\/sites\/paralelo10\/wp-json\/wp\/v2\/posts\/5527","targetHints":{"allow":["GET"]}}],"collection":[{"href":"https:\/\/ultimato.com.br\/sites\/paralelo10\/wp-json\/wp\/v2\/posts"}],"about":[{"href":"https:\/\/ultimato.com.br\/sites\/paralelo10\/wp-json\/wp\/v2\/types\/post"}],"author":[{"embeddable":true,"href":"https:\/\/ultimato.com.br\/sites\/paralelo10\/wp-json\/wp\/v2\/users\/2"}],"replies":[{"embeddable":true,"href":"https:\/\/ultimato.com.br\/sites\/paralelo10\/wp-json\/wp\/v2\/comments?post=5527"}],"version-history":[{"count":5,"href":"https:\/\/ultimato.com.br\/sites\/paralelo10\/wp-json\/wp\/v2\/posts\/5527\/revisions"}],"predecessor-version":[{"id":5532,"href":"https:\/\/ultimato.com.br\/sites\/paralelo10\/wp-json\/wp\/v2\/posts\/5527\/revisions\/5532"}],"wp:attachment":[{"href":"https:\/\/ultimato.com.br\/sites\/paralelo10\/wp-json\/wp\/v2\/media?parent=5527"}],"wp:term":[{"taxonomy":"category","embeddable":true,"href":"https:\/\/ultimato.com.br\/sites\/paralelo10\/wp-json\/wp\/v2\/categories?post=5527"},{"taxonomy":"post_tag","embeddable":true,"href":"https:\/\/ultimato.com.br\/sites\/paralelo10\/wp-json\/wp\/v2\/tags?post=5527"}],"curies":[{"name":"wp","href":"https:\/\/api.w.org\/{rel}","templated":true}]}}