{"id":5453,"date":"2016-08-24T12:05:40","date_gmt":"2016-08-24T15:05:40","guid":{"rendered":"http:\/\/ultimato.com.br\/sites\/paralelo10\/?p=5453"},"modified":"2016-08-24T12:06:34","modified_gmt":"2016-08-24T15:06:34","slug":"congresso-nacional-de-evangelizacao-do-sertao-foca-em-parcerias","status":"publish","type":"post","link":"https:\/\/ultimato.com.br\/sites\/paralelo10\/2016\/08\/congresso-nacional-de-evangelizacao-do-sertao-foca-em-parcerias\/","title":{"rendered":"Congresso sobre evangeliza\u00e7\u00e3o do Sert\u00e3o foca em parcerias"},"content":{"rendered":"<p><img loading=\"lazy\" decoding=\"async\" class=\"aligncenter size-full wp-image-5456\" src=\"http:\/\/ultimato.com.br\/sites\/paralelo10\/files\/2016\/08\/P10_24_08_16-Copia.jpg\" alt=\"P10_24_08_16 - Copia\" width=\"603\" height=\"186\" srcset=\"https:\/\/ultimato.com.br\/sites\/paralelo10\/files\/2016\/08\/P10_24_08_16-Copia.jpg 603w, https:\/\/ultimato.com.br\/sites\/paralelo10\/files\/2016\/08\/P10_24_08_16-Copia-300x93.jpg 300w, https:\/\/ultimato.com.br\/sites\/paralelo10\/files\/2016\/08\/P10_24_08_16-Copia-150x46.jpg 150w\" sizes=\"auto, (max-width: 603px) 100vw, 603px\" \/>Acontece no per\u00edodo de 5 a 7 de setembro, em Juazeiro do Norte (CE), o <a href=\"http:\/\/www.movimentoevangelizasertao.org.br\/#!congresso-nacional-de-evangelizacao\/a4scw\">3\u00ba Congresso Nacional de Evangeliza\u00e7\u00e3o do Sert\u00e3o Nordestino<\/a>. De acordo com a coordena\u00e7\u00e3o, o objetivo principal do encontro \u00e9 buscar concord\u00e2ncia sobre a\u00e7\u00f5es que podem ser desenvolvidas em todo o Sert\u00e3o Nordestino e que promovam unidade e avivamento, tendo em vista a expans\u00e3o do evangelho na regi\u00e3o.<\/p>\n<p>O encontro tamb\u00e9m tem entre seus objetivos promover parcerias entre obreiros que atuam no sert\u00e3o e obreiros de outras regi\u00f5es do pa\u00eds. Pastores e mission\u00e1rios que possuem algum projeto em desenvolvimento no sert\u00e3o podem preencher um formul\u00e1rio disponibilizado pela coordena\u00e7\u00e3o, a partir do qual o <a href=\"http:\/\/www.movimentoevangelizasertao.org.br\/#!institucional\/i7fgv\">Movimento Nacional de Evangeliza\u00e7\u00e3o do Sert\u00e3o Nordestino<\/a> se prop\u00f5e a analisar e buscar as parcerias necess\u00e1rias para realiza\u00e7\u00e3o dos projetos.<\/p>\n<p>Entre os preletores, alguns nomes s\u00e3o: Edson Rebustini (Igreja B\u00edblica da Paz), Jonas Neves (Igreja Batista do Povo), Maycon Barroco (Miss\u00e3o Iris Global), Sandro Oliveira (Igreja da Paz) e Jonathan e Adelaide Santos, l\u00edderes do Movimento Nacional de Evangeliza\u00e7\u00e3o do Sert\u00e3o Nordestino.<\/p>\n<p><strong>Servi\u00e7o<\/strong><br \/>\nEvento: <a href=\"http:\/\/www.movimentoevangelizasertao.org.br\/#!congresso-nacional-de-evangelizacao\/a4scw\">3\u00ba Congresso Nacional de Evangeliza\u00e7\u00e3o do Sert\u00e3o Nordestino<\/a>.<br \/>\nLocal: Juazeiro do Norte, Cear\u00e1.<br \/>\nData: 5 a 7 de setembro de 2016.<br \/>\n<a href=\"http:\/\/www.movimentoevangelizasertao.org.br\/#!congresso-nacional-de-evangelizacao\/a4scw\">Clique aqui<\/a> para mais informa\u00e7\u00f5es.<\/p>\n","protected":false},"excerpt":{"rendered":"<p>Acontece no per\u00edodo de 5 a 7 de setembro, em Juazeiro do Norte (CE), o 3\u00ba Congresso Nacional de Evangeliza\u00e7\u00e3o do Sert\u00e3o Nordestino. De acordo com a coordena\u00e7\u00e3o, o objetivo principal do encontro \u00e9 buscar concord\u00e2ncia sobre a\u00e7\u00f5es que podem ser desenvolvidas em todo o Sert\u00e3o Nordestino e que promovam unidade e avivamento, tendo em [&hellip;]<\/p>\n","protected":false},"author":2,"featured_media":0,"comment_status":"open","ping_status":"open","sticky":false,"template":"","format":"standard","meta":{"ngg_post_thumbnail":0,"footnotes":""},"categories":[7],"tags":[44,17271,34,12791,94],"class_list":["post-5453","post","type-post","status-publish","format-standard","hentry","category-noticias","tag-congresso","tag-juazeiro-do-norte","tag-nordeste","tag-parcerias","tag-sertao"],"_links":{"self":[{"href":"https:\/\/ultimato.com.br\/sites\/paralelo10\/wp-json\/wp\/v2\/posts\/5453","targetHints":{"allow":["GET"]}}],"collection":[{"href":"https:\/\/ultimato.com.br\/sites\/paralelo10\/wp-json\/wp\/v2\/posts"}],"about":[{"href":"https:\/\/ultimato.com.br\/sites\/paralelo10\/wp-json\/wp\/v2\/types\/post"}],"author":[{"embeddable":true,"href":"https:\/\/ultimato.com.br\/sites\/paralelo10\/wp-json\/wp\/v2\/users\/2"}],"replies":[{"embeddable":true,"href":"https:\/\/ultimato.com.br\/sites\/paralelo10\/wp-json\/wp\/v2\/comments?post=5453"}],"version-history":[{"count":4,"href":"https:\/\/ultimato.com.br\/sites\/paralelo10\/wp-json\/wp\/v2\/posts\/5453\/revisions"}],"predecessor-version":[{"id":5459,"href":"https:\/\/ultimato.com.br\/sites\/paralelo10\/wp-json\/wp\/v2\/posts\/5453\/revisions\/5459"}],"wp:attachment":[{"href":"https:\/\/ultimato.com.br\/sites\/paralelo10\/wp-json\/wp\/v2\/media?parent=5453"}],"wp:term":[{"taxonomy":"category","embeddable":true,"href":"https:\/\/ultimato.com.br\/sites\/paralelo10\/wp-json\/wp\/v2\/categories?post=5453"},{"taxonomy":"post_tag","embeddable":true,"href":"https:\/\/ultimato.com.br\/sites\/paralelo10\/wp-json\/wp\/v2\/tags?post=5453"}],"curies":[{"name":"wp","href":"https:\/\/api.w.org\/{rel}","templated":true}]}}