{"id":5379,"date":"2016-07-20T10:59:51","date_gmt":"2016-07-20T13:59:51","guid":{"rendered":"http:\/\/ultimato.com.br\/sites\/paralelo10\/?p=5379"},"modified":"2016-07-20T11:01:23","modified_gmt":"2016-07-20T14:01:23","slug":"boas-noticias-de-curua-no-interior-paraense","status":"publish","type":"post","link":"https:\/\/ultimato.com.br\/sites\/paralelo10\/2016\/07\/boas-noticias-de-curua-no-interior-paraense\/","title":{"rendered":"Boas not\u00edcias de Curu\u00e1, no interior paraense"},"content":{"rendered":"<p><strong><img loading=\"lazy\" decoding=\"async\" class=\"alignright size-medium wp-image-5380\" src=\"http:\/\/ultimato.com.br\/sites\/paralelo10\/files\/2016\/07\/Curua-agradece-AsasSocorro-Copia-277x300.jpg\" alt=\"Curua-agradece-AsasSocorro - Copia\" width=\"277\" height=\"300\" srcset=\"https:\/\/ultimato.com.br\/sites\/paralelo10\/files\/2016\/07\/Curua-agradece-AsasSocorro-Copia-277x300.jpg 277w, https:\/\/ultimato.com.br\/sites\/paralelo10\/files\/2016\/07\/Curua-agradece-AsasSocorro-Copia-138x150.jpg 138w, https:\/\/ultimato.com.br\/sites\/paralelo10\/files\/2016\/07\/Curua-agradece-AsasSocorro-Copia.jpg 320w\" sizes=\"auto, (max-width: 277px) 100vw, 277px\" \/><\/strong>H\u00e1 20 dias <a href=\"http:\/\/ultimato.com.br\/sites\/paralelo10\/2016\/06\/conheca-e-sirva-em-julho-aos-ribeirinhos-da-amazonia-ultimasvagas\/\">divulgamos <\/a>aqui no blog <strong>Paralelo10<\/strong> o projeto IDE 2016, promovido pela organiza\u00e7\u00e3o <a href=\"http:\/\/asasdesocorro.org.br\/2012\/pt\/\">Asas de Socorro<\/a>. A equipe de volunt\u00e1rios j\u00e1 est\u00e1 no munic\u00edpio de Curu\u00e1, no Par\u00e1, onde est\u00e3o sendo realizadas atividades de assist\u00eancia m\u00e9dica, odontol\u00f3gica, visita\u00e7\u00e3o, evangelismo, cortes de cabelo e muitas outras a\u00e7\u00f5es.<\/p>\n<p>Confira a seguir um breve relat\u00f3rio parcial divulgado por Asas de Socorro.<\/p>\n<p>***<\/p>\n<p><strong>As fam\u00edlias de Curu\u00e1, no interior do Par\u00e1 agradecem a sua ajuda!<br \/>\n<\/strong><\/p>\n<p>Ao chegarmos a Curu\u00e1, pudemos perceber que todas as estat\u00edsticas estavam corretas. Um local muito carente, habitado por pessoas gentis, mas que vivem em situa\u00e7\u00e3o de dificuldade e abandono (fam\u00edlias vivendo em situa\u00e7\u00e3o de extrema pobreza: 73,12% &#8211; IBGE).<\/p>\n<p>Nossa equipe contou com a estrutura da Escola Estadual de Ensino M\u00e9dio Soraya Marques Chayb, onde distribu\u00edmos nossa equipe nas salas de aula. Ao longo dos dias, centenas de fam\u00edlias, moradoras das pequenas comunidades se organizavam em filas ao redor da escola. Algumas chegavam ali ainda de madrugada, esperando nossa ajuda.\u00a0<!--more--><\/p>\n<p><img loading=\"lazy\" decoding=\"async\" class=\"aligncenter wp-image-5381 size-full\" src=\"http:\/\/ultimato.com.br\/sites\/paralelo10\/files\/2016\/07\/Curua-agradece-AsasSocorro2.jpg\" alt=\"Curua-agradece-AsasSocorro2\" width=\"600\" height=\"254\" srcset=\"https:\/\/ultimato.com.br\/sites\/paralelo10\/files\/2016\/07\/Curua-agradece-AsasSocorro2.jpg 600w, https:\/\/ultimato.com.br\/sites\/paralelo10\/files\/2016\/07\/Curua-agradece-AsasSocorro2-300x127.jpg 300w, https:\/\/ultimato.com.br\/sites\/paralelo10\/files\/2016\/07\/Curua-agradece-AsasSocorro2-150x64.jpg 150w\" sizes=\"auto, (max-width: 600px) 100vw, 600px\" \/><\/p>\n<p><strong>Resultados de apenas 2 dias de atendimento!<\/strong><\/p>\n<p><img loading=\"lazy\" decoding=\"async\" class=\"aligncenter size-full wp-image-5382\" src=\"http:\/\/ultimato.com.br\/sites\/paralelo10\/files\/2016\/07\/Curua-agradece-AsasSocorro-Tabela.jpg\" alt=\"Curua-agradece-AsasSocorro-Tabela\" width=\"601\" height=\"275\" srcset=\"https:\/\/ultimato.com.br\/sites\/paralelo10\/files\/2016\/07\/Curua-agradece-AsasSocorro-Tabela.jpg 601w, https:\/\/ultimato.com.br\/sites\/paralelo10\/files\/2016\/07\/Curua-agradece-AsasSocorro-Tabela-300x137.jpg 300w, https:\/\/ultimato.com.br\/sites\/paralelo10\/files\/2016\/07\/Curua-agradece-AsasSocorro-Tabela-150x69.jpg 150w\" sizes=\"auto, (max-width: 601px) 100vw, 601px\" \/><\/p>\n<p>&nbsp;<\/p>\n<p>&nbsp;<\/p>\n<p>&nbsp;<\/p>\n","protected":false},"excerpt":{"rendered":"<p>H\u00e1 20 dias divulgamos aqui no blog Paralelo10 o projeto IDE 2016, promovido pela organiza\u00e7\u00e3o Asas de Socorro. A equipe de volunt\u00e1rios j\u00e1 est\u00e1 no munic\u00edpio de Curu\u00e1, no Par\u00e1, onde est\u00e3o sendo realizadas atividades de assist\u00eancia m\u00e9dica, odontol\u00f3gica, visita\u00e7\u00e3o, evangelismo, cortes de cabelo e muitas outras a\u00e7\u00f5es. Confira a seguir um breve relat\u00f3rio parcial [&hellip;]<\/p>\n","protected":false},"author":2,"featured_media":0,"comment_status":"open","ping_status":"open","sticky":false,"template":"","format":"standard","meta":{"ngg_post_thumbnail":0,"footnotes":""},"categories":[7],"tags":[4007,30827,30837,17283],"class_list":["post-5379","post","type-post","status-publish","format-standard","hentry","category-noticias","tag-asas-de-socorro","tag-curua","tag-ide-2016","tag-para"],"_links":{"self":[{"href":"https:\/\/ultimato.com.br\/sites\/paralelo10\/wp-json\/wp\/v2\/posts\/5379","targetHints":{"allow":["GET"]}}],"collection":[{"href":"https:\/\/ultimato.com.br\/sites\/paralelo10\/wp-json\/wp\/v2\/posts"}],"about":[{"href":"https:\/\/ultimato.com.br\/sites\/paralelo10\/wp-json\/wp\/v2\/types\/post"}],"author":[{"embeddable":true,"href":"https:\/\/ultimato.com.br\/sites\/paralelo10\/wp-json\/wp\/v2\/users\/2"}],"replies":[{"embeddable":true,"href":"https:\/\/ultimato.com.br\/sites\/paralelo10\/wp-json\/wp\/v2\/comments?post=5379"}],"version-history":[{"count":5,"href":"https:\/\/ultimato.com.br\/sites\/paralelo10\/wp-json\/wp\/v2\/posts\/5379\/revisions"}],"predecessor-version":[{"id":5387,"href":"https:\/\/ultimato.com.br\/sites\/paralelo10\/wp-json\/wp\/v2\/posts\/5379\/revisions\/5387"}],"wp:attachment":[{"href":"https:\/\/ultimato.com.br\/sites\/paralelo10\/wp-json\/wp\/v2\/media?parent=5379"}],"wp:term":[{"taxonomy":"category","embeddable":true,"href":"https:\/\/ultimato.com.br\/sites\/paralelo10\/wp-json\/wp\/v2\/categories?post=5379"},{"taxonomy":"post_tag","embeddable":true,"href":"https:\/\/ultimato.com.br\/sites\/paralelo10\/wp-json\/wp\/v2\/tags?post=5379"}],"curies":[{"name":"wp","href":"https:\/\/api.w.org\/{rel}","templated":true}]}}