{"id":5319,"date":"2016-06-30T11:15:08","date_gmt":"2016-06-30T14:15:08","guid":{"rendered":"http:\/\/ultimato.com.br\/sites\/paralelo10\/?p=5319"},"modified":"2016-06-30T11:40:41","modified_gmt":"2016-06-30T14:40:41","slug":"conheca-e-sirva-em-julho-aos-ribeirinhos-da-amazonia-ultimasvagas","status":"publish","type":"post","link":"https:\/\/ultimato.com.br\/sites\/paralelo10\/2016\/06\/conheca-e-sirva-em-julho-aos-ribeirinhos-da-amazonia-ultimasvagas\/","title":{"rendered":"Conhe\u00e7a e sirva em julho com os ribeirinhos da Amaz\u00f4nia #\u00daltimasvagas"},"content":{"rendered":"<p><img loading=\"lazy\" decoding=\"async\" class=\"alignright size-full wp-image-5321\" src=\"http:\/\/ultimato.com.br\/sites\/paralelo10\/files\/2016\/06\/P10_01_07_16_projetoIde.jpg\" alt=\"P10_01_07_16_projetoIde\" width=\"348\" height=\"260\" srcset=\"https:\/\/ultimato.com.br\/sites\/paralelo10\/files\/2016\/06\/P10_01_07_16_projetoIde.jpg 348w, https:\/\/ultimato.com.br\/sites\/paralelo10\/files\/2016\/06\/P10_01_07_16_projetoIde-300x224.jpg 300w, https:\/\/ultimato.com.br\/sites\/paralelo10\/files\/2016\/06\/P10_01_07_16_projetoIde-150x112.jpg 150w\" sizes=\"auto, (max-width: 348px) 100vw, 348px\" \/>O <a href=\"http:\/\/asasdesocorro.org.br\/2012\/pt\/banner-1-menor.html\">\u202a\u200eProjeto IDE 2016<\/a> \u00e9 uma \u00f3tima op\u00e7\u00e3o para voc\u00ea conhecer e servir aos ribeirinhos da Amaz\u00f4nia durante as f\u00e9rias de julho. Promovido pela miss\u00e3o <a href=\"http:\/\/asasdesocorro.org.br\/2012\/pt\/\">Asas de Socorro<\/a>, o projeto acontecer\u00e1 no per\u00edodo de 13 a 22 de julho, em Curu\u00e1, no Par\u00e1. Restam poucas <a href=\"https:\/\/form.jotformz.com\/60745434155657\">vagas <\/a>para auxiliar de dentista, dentista, m\u00e9dico, enfermeiro, cozinha, adolescentes, evangelismo e cabeleireiro. Que tal garantir a sua?<\/p>\n<p>O <a href=\"http:\/\/asasdesocorro.org.br\/2012\/pt\/banner-1-menor.html\">Projeto IDE<\/a> leva o evangelho demonstrando de forma concreta o amor de Jesus, por meio de assist\u00eancia m\u00e9dica, odontol\u00f3gica e social aos ribeirinhos da Amaz\u00f4nia.<!--more--><\/p>\n<p>Neste ano, o projeto ser\u00e1 realizado em Curu\u00e1, um pequeno munic\u00edpio no interior do Par\u00e1, com 12.262 habitantes \u2013 com 47,18% das pessoas residentes em \u00e1rea urbana e 52,82% em \u00e1rea rural. Conforme dados do Censo Demogr\u00e1fico 2010, a taxa de extrema pobreza da popula\u00e7\u00e3o do munic\u00edpio \u00e9 de 73,12%. Confira no infogr\u00e1fico abaixo outras estat\u00edsticas sobre a regi\u00e3o Amaz\u00f4nica:<\/p>\n<p><img loading=\"lazy\" decoding=\"async\" class=\"aligncenter size-full wp-image-5323\" src=\"http:\/\/ultimato.com.br\/sites\/paralelo10\/files\/2016\/06\/P10_01_07_16_Ide-Amazonia.jpg\" alt=\"P10_01_07_16_Ide-Amazonia\" width=\"556\" height=\"353\" srcset=\"https:\/\/ultimato.com.br\/sites\/paralelo10\/files\/2016\/06\/P10_01_07_16_Ide-Amazonia.jpg 556w, https:\/\/ultimato.com.br\/sites\/paralelo10\/files\/2016\/06\/P10_01_07_16_Ide-Amazonia-300x190.jpg 300w, https:\/\/ultimato.com.br\/sites\/paralelo10\/files\/2016\/06\/P10_01_07_16_Ide-Amazonia-150x95.jpg 150w\" sizes=\"auto, (max-width: 556px) 100vw, 556px\" \/><\/p>\n<p><span style=\"color: #333333;\"><span id=\":e7.co\" class=\"tL8wMe EMoHub\" dir=\"ltr\">O que Deus pode fazer na Amaz\u00f4nia? Assista ao emocionante testemunho da mission\u00e1ria Ester Camilo, de Asas de Socorro:<\/span><\/span><\/p>\n<p><iframe loading=\"lazy\" src=\"https:\/\/www.youtube.com\/embed\/MTDJUX8vvd4\" width=\"560\" height=\"315\" frameborder=\"0\" allowfullscreen=\"allowfullscreen\"><\/iframe><\/p>\n<p><strong>Servi\u00e7o<\/strong><br \/>\nEvento: Projeto Ide 2016.<br \/>\nLocal: Curu\u00e1\/Par\u00e1.<br \/>\nData: De 13 a 22 de julho.<br \/>\nInscri\u00e7\u00f5es <a href=\"https:\/\/form.jotformz.com\/60745434155657\">aqui<\/a>.<\/p>\n<p>&nbsp;<\/p>\n","protected":false},"excerpt":{"rendered":"<p>O \u202a\u200eProjeto IDE 2016 \u00e9 uma \u00f3tima op\u00e7\u00e3o para voc\u00ea conhecer e servir aos ribeirinhos da Amaz\u00f4nia durante as f\u00e9rias de julho. Promovido pela miss\u00e3o Asas de Socorro, o projeto acontecer\u00e1 no per\u00edodo de 13 a 22 de julho, em Curu\u00e1, no Par\u00e1. Restam poucas vagas para auxiliar de dentista, dentista, m\u00e9dico, enfermeiro, cozinha, adolescentes, [&hellip;]<\/p>\n","protected":false},"author":2,"featured_media":0,"comment_status":"open","ping_status":"open","sticky":false,"template":"","format":"standard","meta":{"ngg_post_thumbnail":0,"footnotes":""},"categories":[6],"tags":[4007,30827,30828,5815,17283,30826],"class_list":["post-5319","post","type-post","status-publish","format-standard","hentry","category-bom-tempero","tag-asas-de-socorro","tag-curua","tag-ester-camilo","tag-oportunidade","tag-para","tag-projeto-ide-2016"],"_links":{"self":[{"href":"https:\/\/ultimato.com.br\/sites\/paralelo10\/wp-json\/wp\/v2\/posts\/5319","targetHints":{"allow":["GET"]}}],"collection":[{"href":"https:\/\/ultimato.com.br\/sites\/paralelo10\/wp-json\/wp\/v2\/posts"}],"about":[{"href":"https:\/\/ultimato.com.br\/sites\/paralelo10\/wp-json\/wp\/v2\/types\/post"}],"author":[{"embeddable":true,"href":"https:\/\/ultimato.com.br\/sites\/paralelo10\/wp-json\/wp\/v2\/users\/2"}],"replies":[{"embeddable":true,"href":"https:\/\/ultimato.com.br\/sites\/paralelo10\/wp-json\/wp\/v2\/comments?post=5319"}],"version-history":[{"count":11,"href":"https:\/\/ultimato.com.br\/sites\/paralelo10\/wp-json\/wp\/v2\/posts\/5319\/revisions"}],"predecessor-version":[{"id":5334,"href":"https:\/\/ultimato.com.br\/sites\/paralelo10\/wp-json\/wp\/v2\/posts\/5319\/revisions\/5334"}],"wp:attachment":[{"href":"https:\/\/ultimato.com.br\/sites\/paralelo10\/wp-json\/wp\/v2\/media?parent=5319"}],"wp:term":[{"taxonomy":"category","embeddable":true,"href":"https:\/\/ultimato.com.br\/sites\/paralelo10\/wp-json\/wp\/v2\/categories?post=5319"},{"taxonomy":"post_tag","embeddable":true,"href":"https:\/\/ultimato.com.br\/sites\/paralelo10\/wp-json\/wp\/v2\/tags?post=5319"}],"curies":[{"name":"wp","href":"https:\/\/api.w.org\/{rel}","templated":true}]}}