{"id":528,"date":"2010-02-22T14:57:20","date_gmt":"2010-02-22T17:57:20","guid":{"rendered":"http:\/\/ultimato.com.br\/blogs\/paralelo10\/?p=528"},"modified":"2010-02-22T15:07:01","modified_gmt":"2010-02-22T18:07:01","slug":"uma-voz-um-povo-uma-oracao-1-a-7-de-marco-de-2010","status":"publish","type":"post","link":"https:\/\/ultimato.com.br\/sites\/paralelo10\/2010\/02\/uma-voz-um-povo-uma-oracao-1-a-7-de-marco-de-2010\/","title":{"rendered":"Uma Voz. Um povo. Uma ora\u00e7\u00e3o. 1 a 7 de mar\u00e7o de 2010."},"content":{"rendered":"<p style=\"text-align: center;\"><strong>Inclua a sua voz ao som da transforma\u00e7\u00e3o<\/strong>. <a href=\"http:\/\/ultimato.com.br\/blogs\/paralelo10\/files\/2010\/02\/uma-voz.jpg\" class=\"lightview\" data-lightview-group=\"group-528\" data-lightview-options=\"skin: 'dark', controls: 'relative', padding: '10', shadow: { color: '#000000', opacity: 0.08, blur: 3 }\" data-lightview-title=\"uma voz\"><img loading=\"lazy\" decoding=\"async\" class=\"alignleft size-medium wp-image-540\" style=\"margin: 10px;\" title=\"uma voz\" src=\"http:\/\/ultimato.com.br\/blogs\/paralelo10\/files\/2010\/02\/uma-voz-300x204.jpg\" alt=\"\" width=\"300\" height=\"204\" srcset=\"https:\/\/ultimato.com.br\/sites\/paralelo10\/files\/2010\/02\/uma-voz-300x204.jpg 300w, https:\/\/ultimato.com.br\/sites\/paralelo10\/files\/2010\/02\/uma-voz.jpg 320w\" sizes=\"auto, (max-width: 300px) 100vw, 300px\" \/><\/a><\/p>\n<p>Levante a sua voz em ora\u00e7\u00e3o e louvor ao nosso Deus de amor, esperan\u00e7a e transforma\u00e7\u00e3o. Fa\u00e7a parte de um movimento mundial de pessoas que buscam a Deus \u2013 orando e agindo por justi\u00e7a, miseric\u00f3rdia e um fim \u00e0 pobreza.<\/p>\n<p>Mar\u00e7o de 2010. Igrejas locais, igrejas em pequenos vilarejos, igrejas nos lares, pequenos grupos, indiv\u00edduos \u2013 a igreja em todo o mundo vai orar em uma s\u00f3 voz, de 1 a 7 de mar\u00e7o. Fa\u00e7a com que a sua voz seja ouvida e fa\u00e7a parte deste movimento mundial de ora\u00e7\u00e3o!<\/p>\n<p><!--more--><\/p>\n<p>A iniciativa \u2018Uma Voz\u2019 procura unir igrejas e pessoas ao redor do mundo em ora\u00e7\u00e3o, louvor e a\u00e7\u00e3o durante a Semana Mundial de Ora\u00e7\u00e3o Contra a Pobreza 2010. Essa iniciativa cria uma oportunidade para nos conectarmos com o nosso Deus Todo-Poderoso e uns com os outros atrav\u00e9s da ora\u00e7\u00e3o, ouvindo a Deus quando buscamos a justi\u00e7a, a miseric\u00f3rdia e o fim da pobreza. A iniciativa \u2018Uma Voz\u2019 nos leva a orar por mudan\u00e7as e sermos um instrumento de mudan\u00e7as.<\/p>\n<p>Da multid\u00e3o dos que creram, uma era a mente e um o cora\u00e7\u00e3o. Atos 4:32<\/p>\n<p>Voc\u00ea pode acessar gratuitamente o material da Semana de ora\u00e7\u00e3o, clique nos links abaixo:<\/p>\n<p><a href=\"http:\/\/tilz.tearfund.org\/webdocs\/Tilz\/Churches\/One%20Voice\/One%20Voice%20Organisers%20Guide%20-%20Portuguese.pdf\" target=\"_blank\">Como organizar a semana de ora\u00e7\u00e3o?<\/a> <a href=\"http:\/\/ultimato.com.br\/blogs\/paralelo10\/files\/2010\/02\/OneVoicelogo.jpg\" class=\"lightview\" data-lightview-group=\"group-528\" data-lightview-options=\"skin: 'dark', controls: 'relative', padding: '10', shadow: { color: '#000000', opacity: 0.08, blur: 3 }\" data-lightview-title=\"OneVoicelogo\"><img loading=\"lazy\" decoding=\"async\" class=\"alignright size-full wp-image-543\" title=\"OneVoicelogo\" src=\"http:\/\/ultimato.com.br\/blogs\/paralelo10\/files\/2010\/02\/OneVoicelogo.jpg\" alt=\"\" width=\"200\" height=\"69\" \/><\/a><\/p>\n<p><a href=\"http:\/\/tilz.tearfund.org\/webdocs\/Tilz\/Churches\/One%20Voice\/One%20Voice%20Prayer%20Guide%20-%20Portuguese.pdf\" target=\"_blank\">Veja os pedidos e medita\u00e7\u00f5es pra cada dia<\/a><\/p>\n<p><a href=\"http:\/\/tilz.tearfund.org\/webdocs\/Tilz\/Churches\/One%20Voice\/One%20Voice%20Prayer%20Points%20-%20Portuguese.pdf\" target=\"_blank\">Pedidos de ora\u00e7\u00e3o para diversas regi\u00f5es do mundo<\/a><\/p>\n<p>Esta \u00e9 uma iniciativa da <a href=\"http:\/\/tilz.tearfund.org\/Portugues\/\" target=\"_blank\">Tearfund<\/a>.<\/p>\n<p>Fonte: <a href=\"http:\/\/tilz.tearfund.org\/Churches\/One+Voice\/Uma+Voz.htm\" target=\"_blank\">Tearfund &#8211; Uma Voz<\/a><\/p>\n<p>* Aproveite esta oportunidade para compartilhar esta experi\u00eancia conosco. Escreva para paralelo10@ultimato.com.br<\/p>\n","protected":false},"excerpt":{"rendered":"<p>Inclua a sua voz ao som da transforma\u00e7\u00e3o. Levante a sua voz em ora\u00e7\u00e3o e louvor ao nosso Deus de amor, esperan\u00e7a e transforma\u00e7\u00e3o. Fa\u00e7a parte de um movimento mundial de pessoas que buscam a Deus \u2013 orando e agindo por justi\u00e7a, miseric\u00f3rdia e um fim \u00e0 pobreza. Mar\u00e7o de 2010. Igrejas locais, igrejas em [&hellip;]<\/p>\n","protected":false},"author":2,"featured_media":0,"comment_status":"open","ping_status":"open","sticky":false,"template":"","format":"standard","meta":{"ngg_post_thumbnail":0,"footnotes":""},"categories":[1],"tags":[26,124,123,37],"class_list":["post-528","post","type-post","status-publish","format-standard","hentry","category-uncategorized","tag-missao-integral","tag-oracao","tag-pobreza","tag-tearfund"],"_links":{"self":[{"href":"https:\/\/ultimato.com.br\/sites\/paralelo10\/wp-json\/wp\/v2\/posts\/528","targetHints":{"allow":["GET"]}}],"collection":[{"href":"https:\/\/ultimato.com.br\/sites\/paralelo10\/wp-json\/wp\/v2\/posts"}],"about":[{"href":"https:\/\/ultimato.com.br\/sites\/paralelo10\/wp-json\/wp\/v2\/types\/post"}],"author":[{"embeddable":true,"href":"https:\/\/ultimato.com.br\/sites\/paralelo10\/wp-json\/wp\/v2\/users\/2"}],"replies":[{"embeddable":true,"href":"https:\/\/ultimato.com.br\/sites\/paralelo10\/wp-json\/wp\/v2\/comments?post=528"}],"version-history":[{"count":7,"href":"https:\/\/ultimato.com.br\/sites\/paralelo10\/wp-json\/wp\/v2\/posts\/528\/revisions"}],"predecessor-version":[{"id":542,"href":"https:\/\/ultimato.com.br\/sites\/paralelo10\/wp-json\/wp\/v2\/posts\/528\/revisions\/542"}],"wp:attachment":[{"href":"https:\/\/ultimato.com.br\/sites\/paralelo10\/wp-json\/wp\/v2\/media?parent=528"}],"wp:term":[{"taxonomy":"category","embeddable":true,"href":"https:\/\/ultimato.com.br\/sites\/paralelo10\/wp-json\/wp\/v2\/categories?post=528"},{"taxonomy":"post_tag","embeddable":true,"href":"https:\/\/ultimato.com.br\/sites\/paralelo10\/wp-json\/wp\/v2\/tags?post=528"}],"curies":[{"name":"wp","href":"https:\/\/api.w.org\/{rel}","templated":true}]}}