{"id":5271,"date":"2016-06-10T11:02:46","date_gmt":"2016-06-10T14:02:46","guid":{"rendered":"http:\/\/ultimato.com.br\/sites\/paralelo10\/?p=5271"},"modified":"2016-06-10T11:02:46","modified_gmt":"2016-06-10T14:02:46","slug":"como-levantar-recursos-em-tempos-de-crise","status":"publish","type":"post","link":"https:\/\/ultimato.com.br\/sites\/paralelo10\/2016\/06\/como-levantar-recursos-em-tempos-de-crise\/","title":{"rendered":"Como levantar recursos em tempos de crise?"},"content":{"rendered":"<p><a href=\"http:\/\/ultimato.com.br\/sites\/paralelo10\/files\/2016\/06\/evento-juvep-levantar-recursos.png\" class=\"lightview\" data-lightview-group=\"group-5271\" data-lightview-options=\"skin: 'dark', controls: 'relative', padding: '10', shadow: { color: '#000000', opacity: 0.08, blur: 3 }\"><img loading=\"lazy\" decoding=\"async\" class=\"alignright size-full wp-image-5272\" src=\"http:\/\/ultimato.com.br\/sites\/paralelo10\/files\/2016\/06\/evento-juvep-levantar-recursos.png\" alt=\"evento-juvep-levantar-recursos\" width=\"359\" height=\"359\" srcset=\"https:\/\/ultimato.com.br\/sites\/paralelo10\/files\/2016\/06\/evento-juvep-levantar-recursos.png 359w, https:\/\/ultimato.com.br\/sites\/paralelo10\/files\/2016\/06\/evento-juvep-levantar-recursos-150x150.png 150w, https:\/\/ultimato.com.br\/sites\/paralelo10\/files\/2016\/06\/evento-juvep-levantar-recursos-300x300.png 300w, https:\/\/ultimato.com.br\/sites\/paralelo10\/files\/2016\/06\/evento-juvep-levantar-recursos-80x80.png 80w\" sizes=\"auto, (max-width: 359px) 100vw, 359px\" \/><\/a>Levantar recursos \u00e9 sempre um desafio, ainda mais em um tempo de crise e recess\u00e3o econ\u00f4mica como a que o nosso pa\u00eds vive. \u00c9 pensando nisso que a miss\u00e3o Juvep vai realizar o Curso de Capacita\u00e7\u00e3o de Levantamento de Recursos, nos dias 14, 15 e 16 de junho, em Cabedelo (PB).<\/p>\n<p>Embora esteja aberto ao p\u00fablico em geral, o encontro quer ajudar pessoas envolvidas em minist\u00e9rios e projetos mission\u00e1rios a angariar o recursos necess\u00e1rios para suas a\u00e7\u00f5es.<\/p>\n<p>O palestrante do curso \u00e9\u00a0M\u00e1rcio Garcia, presidente da Miss\u00e3o Evang\u00e9lica de Apoio aos Pescadores (Meap). M\u00e1rcio possui grande experi\u00eancia na \u00e1rea e h\u00e1 anos tem ministrado esse curso em v\u00e1rias partes do Brasil.<\/p>\n<p>As vagas s\u00e3o limitadas.<\/p>\n<p><strong>Servi\u00e7o<\/strong><br \/>\nEvento: Curso de Capacita\u00e7\u00e3o de Levantamento de Recursos.<br \/>\nData: 14 a 16 de junho.<br \/>\nLocal: Sede da Miss\u00e3o Juvep, em Intermares, Cabedelo, Para\u00edba.<br \/>\nInvestimento: R$30 reais.<br \/>\n<a href=\"http:\/\/juvep.com.br\/v2\/?p=2078\">Clique aqui<\/a> para mais informa\u00e7\u00f5es.<\/p>\n","protected":false},"excerpt":{"rendered":"<p>Levantar recursos \u00e9 sempre um desafio, ainda mais em um tempo de crise e recess\u00e3o econ\u00f4mica como a que o nosso pa\u00eds vive. \u00c9 pensando nisso que a miss\u00e3o Juvep vai realizar o Curso de Capacita\u00e7\u00e3o de Levantamento de Recursos, nos dias 14, 15 e 16 de junho, em Cabedelo (PB). Embora esteja aberto ao [&hellip;]<\/p>\n","protected":false},"author":2,"featured_media":0,"comment_status":"open","ping_status":"open","sticky":false,"template":"","format":"standard","meta":{"ngg_post_thumbnail":0,"footnotes":""},"categories":[19290],"tags":[66,30820,22819],"class_list":["post-5271","post","type-post","status-publish","format-standard","hentry","category-capacitando","tag-juvep","tag-levantar-recursos","tag-meap"],"_links":{"self":[{"href":"https:\/\/ultimato.com.br\/sites\/paralelo10\/wp-json\/wp\/v2\/posts\/5271","targetHints":{"allow":["GET"]}}],"collection":[{"href":"https:\/\/ultimato.com.br\/sites\/paralelo10\/wp-json\/wp\/v2\/posts"}],"about":[{"href":"https:\/\/ultimato.com.br\/sites\/paralelo10\/wp-json\/wp\/v2\/types\/post"}],"author":[{"embeddable":true,"href":"https:\/\/ultimato.com.br\/sites\/paralelo10\/wp-json\/wp\/v2\/users\/2"}],"replies":[{"embeddable":true,"href":"https:\/\/ultimato.com.br\/sites\/paralelo10\/wp-json\/wp\/v2\/comments?post=5271"}],"version-history":[{"count":2,"href":"https:\/\/ultimato.com.br\/sites\/paralelo10\/wp-json\/wp\/v2\/posts\/5271\/revisions"}],"predecessor-version":[{"id":5274,"href":"https:\/\/ultimato.com.br\/sites\/paralelo10\/wp-json\/wp\/v2\/posts\/5271\/revisions\/5274"}],"wp:attachment":[{"href":"https:\/\/ultimato.com.br\/sites\/paralelo10\/wp-json\/wp\/v2\/media?parent=5271"}],"wp:term":[{"taxonomy":"category","embeddable":true,"href":"https:\/\/ultimato.com.br\/sites\/paralelo10\/wp-json\/wp\/v2\/categories?post=5271"},{"taxonomy":"post_tag","embeddable":true,"href":"https:\/\/ultimato.com.br\/sites\/paralelo10\/wp-json\/wp\/v2\/tags?post=5271"}],"curies":[{"name":"wp","href":"https:\/\/api.w.org\/{rel}","templated":true}]}}