{"id":5266,"date":"2016-06-08T10:31:16","date_gmt":"2016-06-08T13:31:16","guid":{"rendered":"http:\/\/ultimato.com.br\/sites\/paralelo10\/?p=5266"},"modified":"2016-06-08T10:31:16","modified_gmt":"2016-06-08T13:31:16","slug":"ore-pelos-pescadores-e-ribeirinhos-do-brasil","status":"publish","type":"post","link":"https:\/\/ultimato.com.br\/sites\/paralelo10\/2016\/06\/ore-pelos-pescadores-e-ribeirinhos-do-brasil\/","title":{"rendered":"Ore pelos pescadores e ribeirinhos do Brasil"},"content":{"rendered":"<p><a href=\"http:\/\/ultimato.com.br\/sites\/paralelo10\/files\/2016\/06\/pescador.jpg\" class=\"lightview\" data-lightview-group=\"group-5266\" data-lightview-options=\"skin: 'dark', controls: 'relative', padding: '10', shadow: { color: '#000000', opacity: 0.08, blur: 3 }\"><img loading=\"lazy\" decoding=\"async\" class=\"size-medium wp-image-5268 alignright\" src=\"http:\/\/ultimato.com.br\/sites\/paralelo10\/files\/2016\/06\/pescador-300x225.jpg\" alt=\"pescador\" width=\"300\" height=\"225\" srcset=\"https:\/\/ultimato.com.br\/sites\/paralelo10\/files\/2016\/06\/pescador-300x225.jpg 300w, https:\/\/ultimato.com.br\/sites\/paralelo10\/files\/2016\/06\/pescador-150x113.jpg 150w, https:\/\/ultimato.com.br\/sites\/paralelo10\/files\/2016\/06\/pescador.jpg 348w\" sizes=\"auto, (max-width: 300px) 100vw, 300px\" \/><\/a>Eles vivem isolados em ilhas, canais de mar e encostas de praias. S\u00e3o muito pobres e s\u00e3o explorados pelos chamados \u201catravessadores\u201d que compram seus produtos por pre\u00e7os baix\u00edssimos. Possuem um linguajar diferente, formado em seu contexto espec\u00edfico. Poucas igrejas existem l\u00e1. Assim s\u00e3o e vivem os pescadores nativos do litoral brasileiro e suas fam\u00edlias.<\/p>\n<p>A MEAP (<a href=\"http:\/\/meap.org.br\/\">Miss\u00e3o Evang\u00e9lica de Assist\u00eancia aos Pescadores<\/a>) \u00e9 uma das parceiras da RENAS e atua h\u00e1 30 anos na costa brasileira e na Amaz\u00f4nia, levando o Evangelho Integral a todos, por meio de planta\u00e7\u00e3o de igrejas e desenvolvimento comunit\u00e1rio.<\/p>\n<p>No dia 29 de junho, a MEAP promove o Dia Nacional de Intercess\u00e3o pelos Pescadores e Ribeirinhos. A campanha, no entanto, j\u00e1 come\u00e7ou. Durante todo o m\u00eas, motivos de ora\u00e7\u00e3o est\u00e3o sendo divulgados pela internet e em comunica\u00e7\u00e3o com os parceiros da MEAP.<\/p>\n<p><a href=\"http:\/\/ultimato.com.br\/sites\/paralelo10\/files\/2016\/06\/dia-intercessao_pescadores-e1465333099546.jpg\" class=\"lightview\" data-lightview-group=\"group-5266\" data-lightview-options=\"skin: 'dark', controls: 'relative', padding: '10', shadow: { color: '#000000', opacity: 0.08, blur: 3 }\"><img loading=\"lazy\" decoding=\"async\" class=\"aligncenter wp-image-5267 size-full\" src=\"http:\/\/ultimato.com.br\/sites\/paralelo10\/files\/2016\/06\/dia-intercessao_pescadores-e1465333099546.jpg\" alt=\"dia-intercessao_pescadores-e1465333099546\" width=\"550\" height=\"279\" srcset=\"https:\/\/ultimato.com.br\/sites\/paralelo10\/files\/2016\/06\/dia-intercessao_pescadores-e1465333099546.jpg 550w, https:\/\/ultimato.com.br\/sites\/paralelo10\/files\/2016\/06\/dia-intercessao_pescadores-e1465333099546-300x152.jpg 300w, https:\/\/ultimato.com.br\/sites\/paralelo10\/files\/2016\/06\/dia-intercessao_pescadores-e1465333099546-150x76.jpg 150w\" sizes=\"auto, (max-width: 550px) 100vw, 550px\" \/><\/a><!--more-->Confira a seguir os motivos de ora\u00e7\u00e3o e envolva-se nesta grande rede de ora\u00e7\u00e3o pelos povo que vive no litoral brasileiro e pelos ribeirinhos da Amaz\u00f4nia.<\/p>\n<p><strong>Clame a Deus conosco!<\/strong><\/p>\n<ul>\n<li>Por estrat\u00e9gias e recursos para expans\u00e3o do Reino a mais de 10.000 comunidades ribeirinhas.<\/li>\n<li>Pelos mission\u00e1rios nos campos, dando suas vidas na \u2018frente de batalha\u2019 e por mais mission\u00e1rios.<\/li>\n<li>Pelos que atuam na \u2018retaguarda\u2019 como intercessores, mantenedores e conselheiros.<\/li>\n<li>Por parcerias com mais igrejas na planta\u00e7\u00e3o de igrejas entre pescadores e ribeirinhos.<\/li>\n<li>Louve ao Senhor por todos os Seus feitos ao longo de 30 anos de minist\u00e9rio da MEAP.<\/li>\n<\/ul>\n<p><strong>Pedidos espec\u00edficos:<\/strong><\/p>\n<ul>\n<li>Pescadores nos mangues, rios e mares: prote\u00e7\u00e3o de suas vidas e pagamento justo pelo seu trabalho.<\/li>\n<li>Mission\u00e1rios, parcerias e recursos para expans\u00e3o do evangelho entre pescadores e ribeirinhos do Brasil.<\/li>\n<li>Ousadia dos convertidos no testemunho de sua f\u00e9 e pelos que se preparam para o minist\u00e9rio.<\/li>\n<li>Fortalecimento das igrejas plantadas na costa oce\u00e2nica e margens de rios.<\/li>\n<li>Recursos para manuten\u00e7\u00e3o e combust\u00edvel para os barcos.<\/li>\n<li>A\u00e7\u00f5es esportivas com aplica\u00e7\u00e3o dos princ\u00edpios b\u00edblicos para jovens.<\/li>\n<li>Profissionais de sa\u00fade para socorro do povo em suas necessidades.<\/li>\n<li>A\u00e7\u00f5es educacionais com adultos, para que perseverem e sintam o cuidado de Deus por suas vidas.<\/li>\n<li>Aconselhamento de crian\u00e7as em situa\u00e7\u00e3o de risco; que vida e lares sejam transformados.<\/li>\n<li>Vit\u00f3ria diante dos desafios mission\u00e1rios da \u201cJanela Amaz\u00f4nica\u201d.<\/li>\n<li>MEAP AM que nasce com o desafio da evangeliza\u00e7\u00e3o do Rio Purus.<\/li>\n<li>Doce Lar no Afu\u00e1\/PA; pela salva\u00e7\u00e3o das crian\u00e7as e de suas fam\u00edlias.<\/li>\n<li>Programa de r\u00e1dio que leva o evangelho \u00e0s comunidades do arquip\u00e9lago de Maraj\u00f3\/PA.<\/li>\n<li>Doce Lar Bailique\/AP; pela salva\u00e7\u00e3o dos alunos e de seus familiares.<\/li>\n<li>Constru\u00e7\u00e3o de casas \u00e0s fam\u00edlias em situa\u00e7\u00e3o prec\u00e1ria nas vilas baianas.<\/li>\n<li>Planta\u00e7\u00e3o de igrejas nas vilas do Complexo da Cassumba\/BA.<\/li>\n<li>Por l\u00edderes aut\u00f3ctones das igrejas nas beiradas baianas.<\/li>\n<li>Parcerias com igrejas, para que o evangelho chegue mais r\u00e1pido ao litoral oeste maranhense.<\/li>\n<li>Fam\u00edlia mission\u00e1ria para Igreja plantada na Ilha Santa B\u00e1rbara\/MA.<\/li>\n<li>Expans\u00e3o do Meu Peixinho no Delta\/PI e investimentos necess\u00e1rios para amplia\u00e7\u00e3o dos espa\u00e7os.<\/li>\n<li>Estrutura\u00e7\u00e3o f\u00edsica para a\u00e7\u00f5es de sa\u00fade no Delta\/PI.<\/li>\n<li>Projetos de sustentabilidade com coco, nas comunidades do Delta\/PI.<\/li>\n<li>Por duas fam\u00edlias mission\u00e1rias para planta\u00e7\u00e3o de igrejas no Delta\/PI.<\/li>\n<li>Salva\u00e7\u00e3o de homens e mulheres do Projeto Futebol no Ariri\/SP.<\/li>\n<li>Planta\u00e7\u00e3o da igreja na Ilha do Cardoso e Barra do Ararapira (SP)<\/li>\n<li>Alcance de jovens e adultos nos projetos de inclus\u00e3o digital.<\/li>\n<\/ul>\n<p><strong>29 de Junho \u2013 Dia Nacional de Intercess\u00e3o Pelos Pescadores e Ribeirinhos<\/strong><\/p>\n<p>Interceda! Ore com sua fam\u00edlia! Mobilize sua igreja!<\/p>\n<p><strong>Materiais para Intercess\u00e3o<br \/>\n<\/strong>Youtube: Canal MEAP BR Pescadores<br \/>\nFacebook: MEAP Miss\u00e3o Evang\u00e9lica Pescadores<br \/>\nSite: <a href=\"http:\/\/www.meap.org.br\">www.meap.org.br<\/a><\/p>\n<p>&nbsp;<\/p>\n","protected":false},"excerpt":{"rendered":"<p>Eles vivem isolados em ilhas, canais de mar e encostas de praias. S\u00e3o muito pobres e s\u00e3o explorados pelos chamados \u201catravessadores\u201d que compram seus produtos por pre\u00e7os baix\u00edssimos. Possuem um linguajar diferente, formado em seu contexto espec\u00edfico. Poucas igrejas existem l\u00e1. Assim s\u00e3o e vivem os pescadores nativos do litoral brasileiro e suas fam\u00edlias. A [&hellip;]<\/p>\n","protected":false},"author":2,"featured_media":0,"comment_status":"open","ping_status":"open","sticky":false,"template":"","format":"standard","meta":{"ngg_post_thumbnail":0,"footnotes":""},"categories":[7],"tags":[22819,11079,79],"class_list":["post-5266","post","type-post","status-publish","format-standard","hentry","category-noticias","tag-meap","tag-pescadores","tag-ribeirinhos"],"_links":{"self":[{"href":"https:\/\/ultimato.com.br\/sites\/paralelo10\/wp-json\/wp\/v2\/posts\/5266","targetHints":{"allow":["GET"]}}],"collection":[{"href":"https:\/\/ultimato.com.br\/sites\/paralelo10\/wp-json\/wp\/v2\/posts"}],"about":[{"href":"https:\/\/ultimato.com.br\/sites\/paralelo10\/wp-json\/wp\/v2\/types\/post"}],"author":[{"embeddable":true,"href":"https:\/\/ultimato.com.br\/sites\/paralelo10\/wp-json\/wp\/v2\/users\/2"}],"replies":[{"embeddable":true,"href":"https:\/\/ultimato.com.br\/sites\/paralelo10\/wp-json\/wp\/v2\/comments?post=5266"}],"version-history":[{"count":2,"href":"https:\/\/ultimato.com.br\/sites\/paralelo10\/wp-json\/wp\/v2\/posts\/5266\/revisions"}],"predecessor-version":[{"id":5270,"href":"https:\/\/ultimato.com.br\/sites\/paralelo10\/wp-json\/wp\/v2\/posts\/5266\/revisions\/5270"}],"wp:attachment":[{"href":"https:\/\/ultimato.com.br\/sites\/paralelo10\/wp-json\/wp\/v2\/media?parent=5266"}],"wp:term":[{"taxonomy":"category","embeddable":true,"href":"https:\/\/ultimato.com.br\/sites\/paralelo10\/wp-json\/wp\/v2\/categories?post=5266"},{"taxonomy":"post_tag","embeddable":true,"href":"https:\/\/ultimato.com.br\/sites\/paralelo10\/wp-json\/wp\/v2\/tags?post=5266"}],"curies":[{"name":"wp","href":"https:\/\/api.w.org\/{rel}","templated":true}]}}