{"id":5049,"date":"2016-02-26T09:00:05","date_gmt":"2016-02-26T12:00:05","guid":{"rendered":"http:\/\/ultimato.com.br\/sites\/paralelo10\/?p=5049"},"modified":"2016-02-26T09:00:05","modified_gmt":"2016-02-26T12:00:05","slug":"natal-recebe-curso-intensivo-de-plantacao-e-revitalizacao-de-igrejas","status":"publish","type":"post","link":"https:\/\/ultimato.com.br\/sites\/paralelo10\/2016\/02\/natal-recebe-curso-intensivo-de-plantacao-e-revitalizacao-de-igrejas\/","title":{"rendered":"Natal recebe curso intensivo de planta\u00e7\u00e3o e revitaliza\u00e7\u00e3o de igrejas"},"content":{"rendered":"<p><strong><img loading=\"lazy\" decoding=\"async\" class=\"aligncenter wp-image-5050 \" src=\"http:\/\/ultimato.com.br\/sites\/paralelo10\/files\/2016\/02\/P10_26_02_16_plantador.jpg\" alt=\"P10_26_02_16_plantador\" width=\"600\" height=\"600\" srcset=\"https:\/\/ultimato.com.br\/sites\/paralelo10\/files\/2016\/02\/P10_26_02_16_plantador.jpg 800w, https:\/\/ultimato.com.br\/sites\/paralelo10\/files\/2016\/02\/P10_26_02_16_plantador-150x150.jpg 150w, https:\/\/ultimato.com.br\/sites\/paralelo10\/files\/2016\/02\/P10_26_02_16_plantador-300x300.jpg 300w, https:\/\/ultimato.com.br\/sites\/paralelo10\/files\/2016\/02\/P10_26_02_16_plantador-768x768.jpg 768w, https:\/\/ultimato.com.br\/sites\/paralelo10\/files\/2016\/02\/P10_26_02_16_plantador-80x80.jpg 80w\" sizes=\"auto, (max-width: 600px) 100vw, 600px\" \/><\/strong><\/p>\n<p>Em parceria com Restore Brasil e Atos 29 Brasil, a Miss\u00e3o ALEF promove em Natal (RN) o treinamento O Plantador Intensivo. O encontro acontece no per\u00edodo de 31 de mar\u00e7o a 2 de abril, na Igreja Miss\u00e3o Evang\u00e9lica Pentecostal do Brasil.<\/p>\n<p>\u00c9 uma oportunidade de capacita\u00e7\u00e3o para pastores que estejam plantando ou revitalizando igrejas e l\u00edderes em geral. Confira e participe. As vagas s\u00e3o limitadas.<\/p>\n<p>Mais informa\u00e7\u00f5es e inscri\u00e7\u00f5es no site <a href=\"http:\/\/www.oplantador.net\/intensivo.html\">oplantador<\/a>.<\/p>\n","protected":false},"excerpt":{"rendered":"<p>Em parceria com Restore Brasil e Atos 29 Brasil, a Miss\u00e3o ALEF promove em Natal (RN) o treinamento O Plantador Intensivo. O encontro acontece no per\u00edodo de 31 de mar\u00e7o a 2 de abril, na Igreja Miss\u00e3o Evang\u00e9lica Pentecostal do Brasil. \u00c9 uma oportunidade de capacita\u00e7\u00e3o para pastores que estejam plantando ou revitalizando igrejas e [&hellip;]<\/p>\n","protected":false},"author":2,"featured_media":0,"comment_status":"open","ping_status":"open","sticky":false,"template":"","format":"standard","meta":{"ngg_post_thumbnail":0,"footnotes":""},"categories":[19290],"tags":[28342,28340,82,23167,28341],"class_list":["post-5049","post","type-post","status-publish","format-standard","hentry","category-capacitando","tag-atos-29-brasil","tag-missao-alef","tag-natal","tag-plantacao-de-igrejas","tag-restore-brasil"],"_links":{"self":[{"href":"https:\/\/ultimato.com.br\/sites\/paralelo10\/wp-json\/wp\/v2\/posts\/5049","targetHints":{"allow":["GET"]}}],"collection":[{"href":"https:\/\/ultimato.com.br\/sites\/paralelo10\/wp-json\/wp\/v2\/posts"}],"about":[{"href":"https:\/\/ultimato.com.br\/sites\/paralelo10\/wp-json\/wp\/v2\/types\/post"}],"author":[{"embeddable":true,"href":"https:\/\/ultimato.com.br\/sites\/paralelo10\/wp-json\/wp\/v2\/users\/2"}],"replies":[{"embeddable":true,"href":"https:\/\/ultimato.com.br\/sites\/paralelo10\/wp-json\/wp\/v2\/comments?post=5049"}],"version-history":[{"count":2,"href":"https:\/\/ultimato.com.br\/sites\/paralelo10\/wp-json\/wp\/v2\/posts\/5049\/revisions"}],"predecessor-version":[{"id":5052,"href":"https:\/\/ultimato.com.br\/sites\/paralelo10\/wp-json\/wp\/v2\/posts\/5049\/revisions\/5052"}],"wp:attachment":[{"href":"https:\/\/ultimato.com.br\/sites\/paralelo10\/wp-json\/wp\/v2\/media?parent=5049"}],"wp:term":[{"taxonomy":"category","embeddable":true,"href":"https:\/\/ultimato.com.br\/sites\/paralelo10\/wp-json\/wp\/v2\/categories?post=5049"},{"taxonomy":"post_tag","embeddable":true,"href":"https:\/\/ultimato.com.br\/sites\/paralelo10\/wp-json\/wp\/v2\/tags?post=5049"}],"curies":[{"name":"wp","href":"https:\/\/api.w.org\/{rel}","templated":true}]}}