{"id":5009,"date":"2016-02-10T10:28:39","date_gmt":"2016-02-10T13:28:39","guid":{"rendered":"http:\/\/ultimato.com.br\/sites\/paralelo10\/?p=5009"},"modified":"2016-02-10T10:28:39","modified_gmt":"2016-02-10T13:28:39","slug":"projeto-mapeia-presenca-evangelica-em-comunidades-amazonenses","status":"publish","type":"post","link":"https:\/\/ultimato.com.br\/sites\/paralelo10\/2016\/02\/projeto-mapeia-presenca-evangelica-em-comunidades-amazonenses\/","title":{"rendered":"Projeto mapeia presen\u00e7a evang\u00e9lica em comunidades amazonenses"},"content":{"rendered":"<p>Devido \u00e0s especificidades da regi\u00e3o, sempre foi um grande desafio reunir dados e informa\u00e7\u00f5es quantitativas exatas e confi\u00e1veis sobre o trabalho mission\u00e1rio no Amazonas. Tendo em vista suprir essa necessidade, um grupo de crist\u00e3os, formado por mission\u00e1rios, pastores, pesquisadores e volunt\u00e1rios, iniciou em abril de 2012 o Projeto Fronteiras, que tem entre seus objetivos pesquisar e processar informa\u00e7\u00f5es sobre as etnias ind\u00edgenas a respeito das quais pouco se sabe, as migra\u00e7\u00f5es ind\u00edgenas nos principais rios e os bols\u00f5es ribeirinhos menos evangelizados e socialmente carentes na Amaz\u00f4nia.<\/p>\n<p>Ap\u00f3s estabelecer uma metodologia e uma estrat\u00e9gia de pesquisa, os pesquisadores estiveram durante tr\u00eas anos em campo levantando e catalogando os dados, que podem ser acessado no <a href=\"http:\/\/www.projetofronteiras.com.br\/index\" target=\"_blank\">site <\/a>do Projeto.<!--more--><\/p>\n<p>O Projeto Fronteiras \u00e9 resultado da parceria entre algumas organiza\u00e7\u00f5es. Entre elas est\u00e3o a Associa\u00e7\u00e3o de Miss\u00f5es Transculturais Brasileiras (AMTB ), Conselho Nacional de Pastores e L\u00edderes Evang\u00e9licos Ind\u00edgenas (CONPLEI), Projeto Amanaj\u00e9 e Instituto Antropos.<\/p>\n<p>Confira a seguir o mapa criado pelo Fronteiras que identifica por cores a presen\u00e7a evang\u00e9lica no estado do Amazonas.<\/p>\n<p><iframe loading=\"lazy\" src=\"https:\/\/www.google.com\/maps\/d\/embed?mid=z_TpquwHLz-M.kOAV3QhMOdPg\" width=\"640\" height=\"480\"><\/iframe><\/p>\n<p>Cores de acordo com a presen\u00e7a evang\u00e9lica nas comunidades<\/p>\n<ul>\n<li>Vermelho: 0 a 10%.<\/li>\n<li>Laranja: 11 a 20%.<\/li>\n<li>Amarelo: 21 a 30%.<\/li>\n<li>Verde: 31 a 40%.<\/li>\n<li>Azul: acima de 41%.<\/li>\n<\/ul>\n<p>De acordo com pesquisas, estima-se que o Amazonas tem em torno de 7.500 comunidades tradicionais. Se apenas 20% das comunidades tradicionais do Estado do Amazonas tem presen\u00e7a evang\u00e9lica identificada, significa que os 80% restantes s\u00e3o 6.000 comunidades sem presen\u00e7a evang\u00e9lica \u2013 que representa mais de 500.000 pessoas a serem alcan\u00e7adas.<\/p>\n<p><a href=\"http:\/\/www.projetofronteiras.com.br\/mapas\/id\/TlRnPQ==\/Mapa-geral-do-amazonas-em-cores\" target=\"_blank\">Clique aqui<\/a> e veja mais detalhes do mapeamento.<\/p>\n","protected":false},"excerpt":{"rendered":"<p>Devido \u00e0s especificidades da regi\u00e3o, sempre foi um grande desafio reunir dados e informa\u00e7\u00f5es quantitativas exatas e confi\u00e1veis sobre o trabalho mission\u00e1rio no Amazonas. Tendo em vista suprir essa necessidade, um grupo de crist\u00e3os, formado por mission\u00e1rios, pastores, pesquisadores e volunt\u00e1rios, iniciou em abril de 2012 o Projeto Fronteiras, que tem entre seus objetivos pesquisar [&hellip;]<\/p>\n","protected":false},"author":2,"featured_media":0,"comment_status":"open","ping_status":"open","sticky":false,"template":"","format":"standard","meta":{"ngg_post_thumbnail":0,"footnotes":""},"categories":[7,14],"tags":[19288,15837,5860,28331,79],"class_list":["post-5009","post","type-post","status-publish","format-standard","hentry","category-noticias","category-recursos","tag-amazonas","tag-dados","tag-pesquisas","tag-projeto-fronteiras","tag-ribeirinhos"],"_links":{"self":[{"href":"https:\/\/ultimato.com.br\/sites\/paralelo10\/wp-json\/wp\/v2\/posts\/5009","targetHints":{"allow":["GET"]}}],"collection":[{"href":"https:\/\/ultimato.com.br\/sites\/paralelo10\/wp-json\/wp\/v2\/posts"}],"about":[{"href":"https:\/\/ultimato.com.br\/sites\/paralelo10\/wp-json\/wp\/v2\/types\/post"}],"author":[{"embeddable":true,"href":"https:\/\/ultimato.com.br\/sites\/paralelo10\/wp-json\/wp\/v2\/users\/2"}],"replies":[{"embeddable":true,"href":"https:\/\/ultimato.com.br\/sites\/paralelo10\/wp-json\/wp\/v2\/comments?post=5009"}],"version-history":[{"count":2,"href":"https:\/\/ultimato.com.br\/sites\/paralelo10\/wp-json\/wp\/v2\/posts\/5009\/revisions"}],"predecessor-version":[{"id":5011,"href":"https:\/\/ultimato.com.br\/sites\/paralelo10\/wp-json\/wp\/v2\/posts\/5009\/revisions\/5011"}],"wp:attachment":[{"href":"https:\/\/ultimato.com.br\/sites\/paralelo10\/wp-json\/wp\/v2\/media?parent=5009"}],"wp:term":[{"taxonomy":"category","embeddable":true,"href":"https:\/\/ultimato.com.br\/sites\/paralelo10\/wp-json\/wp\/v2\/categories?post=5009"},{"taxonomy":"post_tag","embeddable":true,"href":"https:\/\/ultimato.com.br\/sites\/paralelo10\/wp-json\/wp\/v2\/tags?post=5009"}],"curies":[{"name":"wp","href":"https:\/\/api.w.org\/{rel}","templated":true}]}}