{"id":5005,"date":"2016-02-05T09:51:46","date_gmt":"2016-02-05T12:51:46","guid":{"rendered":"http:\/\/ultimato.com.br\/sites\/paralelo10\/?p=5005"},"modified":"2016-02-05T10:05:24","modified_gmt":"2016-02-05T13:05:24","slug":"renas-vai-mobilizar-igrejas-no-combate-ao-aedes-aegypti-em-tocantins","status":"publish","type":"post","link":"https:\/\/ultimato.com.br\/sites\/paralelo10\/2016\/02\/renas-vai-mobilizar-igrejas-no-combate-ao-aedes-aegypti-em-tocantins\/","title":{"rendered":"RENAS vai mobilizar igrejas no combate ao Aedes aegypti em Tocantins"},"content":{"rendered":"<p><img loading=\"lazy\" decoding=\"async\" class=\"alignright wp-image-5006 size-full\" src=\"http:\/\/ultimato.com.br\/sites\/paralelo10\/files\/2016\/02\/P10_05_02_16_Renas_mosquito_aedes.jpg\" alt=\"P10_05_02_16_Renas_mosquito_aedes\" width=\"353\" height=\"245\" srcset=\"https:\/\/ultimato.com.br\/sites\/paralelo10\/files\/2016\/02\/P10_05_02_16_Renas_mosquito_aedes.jpg 353w, https:\/\/ultimato.com.br\/sites\/paralelo10\/files\/2016\/02\/P10_05_02_16_Renas_mosquito_aedes-300x208.jpg 300w, https:\/\/ultimato.com.br\/sites\/paralelo10\/files\/2016\/02\/P10_05_02_16_Renas_mosquito_aedes-150x104.jpg 150w\" sizes=\"auto, (max-width: 353px) 100vw, 353px\" \/>A Rede Evang\u00e9lica Nacional de A\u00e7\u00e3o Social (<a href=\"http:\/\/renas.org.br\/\">Renas<\/a>) foi convidada para integrar um comit\u00ea municipal, em Palmas (TO), que vai tra\u00e7ar estrat\u00e9gias para combater o mosquito transmissor da Dengue e do Zika v\u00edrus. O governo de Palmas deve declarar estado de emerg\u00eancia por conta da gravidade da epidemia.<\/p>\n<p>O Governo Brasileiro diz que o pa\u00eds est\u00e1 perdendo a guerra com o mosquito <em>Aedes aegypti<\/em>. A Organiza\u00e7\u00e3o Mundial da Sa\u00fade (OMS) declarou nesta segunda-feira (1) emerg\u00eancia de sa\u00fade p\u00fablica internacional pela microcefalia e outras anormalidades neurol\u00f3gicas relacionadas\u00a0ao Zika v\u00edrus.<\/p>\n<p>Como integrante do comit\u00ea municipal, a RENAS tem o papel de mobilizar a divulgar as a\u00e7\u00f5es nas igrejas evang\u00e9licas da cidade. Dorothea Luz, que lidera o in\u00edcio da forma\u00e7\u00e3o da RENAS Tocantins, ser\u00e1 a representante da RENAS no Comit\u00ea.<!--more--><\/p>\n<p>A Renas convida as organiza\u00e7\u00f5es sociais crist\u00e3s a se envolverem em algum projeto de combate ao mosquito <em>Aedes aegypti<\/em><strong><em>.<\/em><\/strong><\/p>\n<p>Assista ao v\u00eddeo e tire suas d\u00favidas sobre o v\u00edrus Zika.<\/p>\n<p><iframe loading=\"lazy\" src=\"https:\/\/www.youtube.com\/embed\/hCfcJYbymDQ\" width=\"560\" height=\"315\" frameborder=\"0\" allowfullscreen=\"allowfullscreen\"><\/iframe><\/p>\n<p>Com informa\u00e7\u00f5es da <a href=\"http:\/\/renas.org.br\/2016\/02\/04\/renas-vai-mobilizar-igrejas-no-combate-ao-aedes-aegypti-em-tocantins\/\" target=\"_blank\">RENAS<\/a>.<\/p>\n","protected":false},"excerpt":{"rendered":"<p>A Rede Evang\u00e9lica Nacional de A\u00e7\u00e3o Social (Renas) foi convidada para integrar um comit\u00ea municipal, em Palmas (TO), que vai tra\u00e7ar estrat\u00e9gias para combater o mosquito transmissor da Dengue e do Zika v\u00edrus. O governo de Palmas deve declarar estado de emerg\u00eancia por conta da gravidade da epidemia. O Governo Brasileiro diz que o pa\u00eds [&hellip;]<\/p>\n","protected":false},"author":2,"featured_media":0,"comment_status":"open","ping_status":"open","sticky":false,"template":"","format":"standard","meta":{"ngg_post_thumbnail":0,"footnotes":""},"categories":[7],"tags":[27452,28327,71,28329,11087,28330],"class_list":["post-5005","post","type-post","status-publish","format-standard","hentry","category-noticias","tag-dengue","tag-palmas","tag-renas","tag-saude-publica","tag-tocantins","tag-zika-virus"],"_links":{"self":[{"href":"https:\/\/ultimato.com.br\/sites\/paralelo10\/wp-json\/wp\/v2\/posts\/5005","targetHints":{"allow":["GET"]}}],"collection":[{"href":"https:\/\/ultimato.com.br\/sites\/paralelo10\/wp-json\/wp\/v2\/posts"}],"about":[{"href":"https:\/\/ultimato.com.br\/sites\/paralelo10\/wp-json\/wp\/v2\/types\/post"}],"author":[{"embeddable":true,"href":"https:\/\/ultimato.com.br\/sites\/paralelo10\/wp-json\/wp\/v2\/users\/2"}],"replies":[{"embeddable":true,"href":"https:\/\/ultimato.com.br\/sites\/paralelo10\/wp-json\/wp\/v2\/comments?post=5005"}],"version-history":[{"count":2,"href":"https:\/\/ultimato.com.br\/sites\/paralelo10\/wp-json\/wp\/v2\/posts\/5005\/revisions"}],"predecessor-version":[{"id":5008,"href":"https:\/\/ultimato.com.br\/sites\/paralelo10\/wp-json\/wp\/v2\/posts\/5005\/revisions\/5008"}],"wp:attachment":[{"href":"https:\/\/ultimato.com.br\/sites\/paralelo10\/wp-json\/wp\/v2\/media?parent=5005"}],"wp:term":[{"taxonomy":"category","embeddable":true,"href":"https:\/\/ultimato.com.br\/sites\/paralelo10\/wp-json\/wp\/v2\/categories?post=5005"},{"taxonomy":"post_tag","embeddable":true,"href":"https:\/\/ultimato.com.br\/sites\/paralelo10\/wp-json\/wp\/v2\/tags?post=5005"}],"curies":[{"name":"wp","href":"https:\/\/api.w.org\/{rel}","templated":true}]}}