{"id":4918,"date":"2016-01-07T09:17:45","date_gmt":"2016-01-07T12:17:45","guid":{"rendered":"http:\/\/ultimato.com.br\/sites\/paralelo10\/?p=4918"},"modified":"2016-01-07T10:06:15","modified_gmt":"2016-01-07T13:06:15","slug":"regiao-norte-registrou-mais-vitimas-fatais-da-violencia-no-campo-em-2015","status":"publish","type":"post","link":"https:\/\/ultimato.com.br\/sites\/paralelo10\/2016\/01\/regiao-norte-registrou-mais-vitimas-fatais-da-violencia-no-campo-em-2015\/","title":{"rendered":"Regi\u00e3o Norte registrou mais v\u00edtimas fatais da viol\u00eancia no campo em 2015"},"content":{"rendered":"<p><a href=\"http:\/\/ultimato.com.br\/sites\/paralelo10\/files\/2016\/01\/barbed-wire-1533289-638x477.jpg\" class=\"lightview\" data-lightview-group=\"group-4918\" data-lightview-options=\"skin: 'dark', controls: 'relative', padding: '10', shadow: { color: '#000000', opacity: 0.08, blur: 3 }\"><img loading=\"lazy\" decoding=\"async\" class=\"alignright size-medium wp-image-4921\" src=\"http:\/\/ultimato.com.br\/sites\/paralelo10\/files\/2016\/01\/barbed-wire-1533289-638x477-300x224.jpg\" alt=\"barbed-wire-1533289-638x477\" width=\"300\" height=\"224\" srcset=\"https:\/\/ultimato.com.br\/sites\/paralelo10\/files\/2016\/01\/barbed-wire-1533289-638x477-300x224.jpg 300w, https:\/\/ultimato.com.br\/sites\/paralelo10\/files\/2016\/01\/barbed-wire-1533289-638x477-150x112.jpg 150w, https:\/\/ultimato.com.br\/sites\/paralelo10\/files\/2016\/01\/barbed-wire-1533289-638x477.jpg 638w\" sizes=\"auto, (max-width: 300px) 100vw, 300px\" \/><\/a>A regi\u00e3o Norte apresentou, em 2015, os piores \u00edndices de conflitos agr\u00e1rios com v\u00edtimas fatais. Das 49 mortes ocorridas por viol\u00eancia no campo, 45 foram na regi\u00e3o da Amaz\u00f4nia Legal: 21 assassinatos em Rond\u00f4nia, 19 no Par\u00e1 e cinco, no Maranh\u00e3o.<\/p>\n<p>Os n\u00fameros fazem parte de um <a href=\"http:\/\/www.cptnacional.org.br\/index.php\/publicacoes-2\/destaque\/3044-balanco-da-questao-agraria-no-brasil-em-2015\">balan\u00e7o sobre quest\u00f5es agr\u00e1rias divulgado pela Comiss\u00e3o Pastoral da Terra (CPT)<\/a>, que tamb\u00e9m destaca 2015 com os piores n\u00fameros de viol\u00eancia contra camponeses desde 2004.<\/p>\n<p>Na Amaz\u00f4nia Legal, um dos casos ocorreu no munic\u00edpio de Concei\u00e7\u00e3o do Araguaia, no Par\u00e1, quando seis pessoas de uma mesma fam\u00edlia foram assassinadas a golpes de fac\u00e3o e tiros. Segundo a CPT, a disputa por um lote de terra motivou o crime.<\/p>\n<p>Os registros parciais apontam que o Nordeste foi a regi\u00e3o em que houve mais ocorr\u00eancia de conflitos no campo em 2015, representando 35% dos casos em todo o pa\u00eds. Em seguida, veio a regi\u00e3o Norte, com 27% das ocorr\u00eancias, o Centro-Oeste com 17%, o Sudeste com 15% e, finalmente, o Sul do pa\u00eds com 5,5%.<!--more--><\/p>\n<p>A entidade adverte que a demora nos processos de regulariza\u00e7\u00e3o fundi\u00e1ria \u00e9 uma das principais causas do acirramento da viol\u00eancia no campo, como explica Pl\u00e1cido J\u00fanior, coordenador da CPT na regi\u00e3o Nordeste e um dos autores do balan\u00e7o: \u201cCabe ao Estado brasileiro cumprir no m\u00ednimo o que manda a legisla\u00e7\u00e3o, que \u00e9 garantir os direitos dos povos quilombolas, ind\u00edgenas e desapropriar as propriedades que n\u00e3o cumprem com sua fun\u00e7\u00e3o social\u201d.<\/p>\n<p>De acordo com o balan\u00e7o da Comiss\u00e3o, no ano passado, as desapropria\u00e7\u00f5es de terras foram drasticamente prejudicadas com o corte de 15,1%, afetado pelo contingenciamento do or\u00e7amento da Uni\u00e3o.<\/p>\n<p>Segundo a Comiss\u00e3o, o Minist\u00e9rio do Desenvolvimento Agr\u00e1rio sofreu, em termos absolutos, uma redu\u00e7\u00e3o de 49% do montante previsto inicialmente na Lei Or\u00e7ament\u00e1ria Anual de 2015. O Incra, que possu\u00eda um or\u00e7amento inicial de cerca de R$ 1,5 bilh\u00e3o, atuou em 2015 com metade deste valor.<\/p>\n<p>N\u00fameros sobre desmatamento, utiliza\u00e7\u00e3o de agrot\u00f3xicos, resgates de trabalhadores em situa\u00e7\u00e3o de escravid\u00e3o, e viol\u00eancia contra popula\u00e7\u00f5es ind\u00edgenas tamb\u00e9m constam no <a href=\"http:\/\/www.cptnacional.org.br\/index.php\/publicacoes-2\/destaque\/3044-balanco-da-questao-agraria-no-brasil-em-2015\">balan\u00e7o da Comiss\u00e3o Pastoral da Terra<\/a>.<\/p>\n<p>A entidade refor\u00e7a que, em 2016, as popula\u00e7\u00f5es camponesas devem intensificar a luta por direitos, mas alerta para uma tend\u00eancia de acirramento dos conflitos agr\u00e1rios em todo o pa\u00eds.<\/p>\n<p>&nbsp;<\/p>\n<p>Fonte: <a href=\"http:\/\/radioagencianacional.ebc.com.br\/geral\/audio\/2016-01\/violencia-no-campo-fez-mais-vitimas-fatais-na-regiao-norte-em-2015\">R\u00e1dio Ag\u00eancia Brasil<\/a> \/ Maira Heinen<\/p>\n<p>Imagem: Freeimages.com<\/p>\n","protected":false},"excerpt":{"rendered":"<p>A regi\u00e3o Norte apresentou, em 2015, os piores \u00edndices de conflitos agr\u00e1rios com v\u00edtimas fatais. Das 49 mortes ocorridas por viol\u00eancia no campo, 45 foram na regi\u00e3o da Amaz\u00f4nia Legal: 21 assassinatos em Rond\u00f4nia, 19 no Par\u00e1 e cinco, no Maranh\u00e3o. Os n\u00fameros fazem parte de um balan\u00e7o sobre quest\u00f5es agr\u00e1rias divulgado pela Comiss\u00e3o Pastoral [&hellip;]<\/p>\n","protected":false},"author":2,"featured_media":0,"comment_status":"open","ping_status":"open","sticky":false,"template":"","format":"standard","meta":{"ngg_post_thumbnail":0,"footnotes":""},"categories":[7],"tags":[],"class_list":["post-4918","post","type-post","status-publish","format-standard","hentry","category-noticias"],"_links":{"self":[{"href":"https:\/\/ultimato.com.br\/sites\/paralelo10\/wp-json\/wp\/v2\/posts\/4918","targetHints":{"allow":["GET"]}}],"collection":[{"href":"https:\/\/ultimato.com.br\/sites\/paralelo10\/wp-json\/wp\/v2\/posts"}],"about":[{"href":"https:\/\/ultimato.com.br\/sites\/paralelo10\/wp-json\/wp\/v2\/types\/post"}],"author":[{"embeddable":true,"href":"https:\/\/ultimato.com.br\/sites\/paralelo10\/wp-json\/wp\/v2\/users\/2"}],"replies":[{"embeddable":true,"href":"https:\/\/ultimato.com.br\/sites\/paralelo10\/wp-json\/wp\/v2\/comments?post=4918"}],"version-history":[{"count":4,"href":"https:\/\/ultimato.com.br\/sites\/paralelo10\/wp-json\/wp\/v2\/posts\/4918\/revisions"}],"predecessor-version":[{"id":4923,"href":"https:\/\/ultimato.com.br\/sites\/paralelo10\/wp-json\/wp\/v2\/posts\/4918\/revisions\/4923"}],"wp:attachment":[{"href":"https:\/\/ultimato.com.br\/sites\/paralelo10\/wp-json\/wp\/v2\/media?parent=4918"}],"wp:term":[{"taxonomy":"category","embeddable":true,"href":"https:\/\/ultimato.com.br\/sites\/paralelo10\/wp-json\/wp\/v2\/categories?post=4918"},{"taxonomy":"post_tag","embeddable":true,"href":"https:\/\/ultimato.com.br\/sites\/paralelo10\/wp-json\/wp\/v2\/tags?post=4918"}],"curies":[{"name":"wp","href":"https:\/\/api.w.org\/{rel}","templated":true}]}}