{"id":4913,"date":"2015-12-29T09:24:28","date_gmt":"2015-12-29T12:24:28","guid":{"rendered":"http:\/\/ultimato.com.br\/sites\/paralelo10\/?p=4913"},"modified":"2015-12-29T09:24:28","modified_gmt":"2015-12-29T12:24:28","slug":"missao-alef-promove-semana-de-desenvolvimento-comunitario-em-natal","status":"publish","type":"post","link":"https:\/\/ultimato.com.br\/sites\/paralelo10\/2015\/12\/missao-alef-promove-semana-de-desenvolvimento-comunitario-em-natal\/","title":{"rendered":"Miss\u00e3o ALEF promove semana de desenvolvimento comunit\u00e1rio em Natal"},"content":{"rendered":"<p>&nbsp;<\/p>\n<p><a href=\"http:\/\/ultimato.com.br\/sites\/paralelo10\/files\/2015\/12\/P10_29_12_15_alef.jpg\" class=\"lightview\" data-lightview-group=\"group-4913\" data-lightview-options=\"skin: 'dark', controls: 'relative', padding: '10', shadow: { color: '#000000', opacity: 0.08, blur: 3 }\"><img loading=\"lazy\" decoding=\"async\" class=\"alignright size-full wp-image-4914\" src=\"http:\/\/ultimato.com.br\/sites\/paralelo10\/files\/2015\/12\/P10_29_12_15_alef.jpg\" alt=\"P10_29_12_15_alef\" width=\"367\" height=\"254\" srcset=\"https:\/\/ultimato.com.br\/sites\/paralelo10\/files\/2015\/12\/P10_29_12_15_alef.jpg 367w, https:\/\/ultimato.com.br\/sites\/paralelo10\/files\/2015\/12\/P10_29_12_15_alef-300x208.jpg 300w, https:\/\/ultimato.com.br\/sites\/paralelo10\/files\/2015\/12\/P10_29_12_15_alef-150x104.jpg 150w\" sizes=\"auto, (max-width: 367px) 100vw, 367px\" \/><\/a>A Miss\u00e3o ALEF (Associa\u00e7\u00e3o dos L\u00edderes Evang\u00e9licos de Felipe Camar\u00e3o) promove uma Semana de Capacita\u00e7\u00e3o em Desenvolvimento Comunit\u00e1rio, que acontecer\u00e1 no per\u00edodo de 25 a 29 de janeiro de 2016, em Natal, RN.<\/p>\n<p>O treinamento tem \u00eanfase nas \u00e1reas de Miss\u00e3o Integral e Servi\u00e7o Comunit\u00e1rio. Al\u00e9m de equipar l\u00edderes crist\u00e3os, o encontro visa oferecer ferramentas para a implanta\u00e7\u00e3o de projetos de transforma\u00e7\u00e3o de comunidades empobrecidas.<\/p>\n<p>Durante o curso, os participantes aprender\u00e3o ainda como fazer um diagn\u00f3stico de comunidades, desenhar projetos, mobilizar recursos e os princ\u00edpios fundamentais do desenvolvimento comunit\u00e1rio.<!--more--><\/p>\n<p>O curr\u00edculo do treinamento abrange os seguintes t\u00f3picos: Miss\u00e3o Integral &#8211; Teologia e Pr\u00e1tica; Introdu\u00e7\u00e3o a Perspectiva Crist\u00e3 do Desenvolvimento Comunit\u00e1rio; Conhecendo e Analisando sua Cidade; Evangelho Integral; Cosmovis\u00e3o B\u00edblica; Princ\u00edpios Teol\u00f3gicos para uma Igreja Missional; Princ\u00edpios teol\u00f3gicos para uma Lideran\u00e7a Missional; Princ\u00edpios Pr\u00e1ticos para uma Lideran\u00e7a Missional; Modelos de Desenvolvimento Integral; Teologia B\u00edblica da Justi\u00e7a e Pobreza; Modos de Interven\u00e7\u00e3o; Mobiliza\u00e7\u00e3o de Recursos e Gest\u00e3o de Projetos; Projeto Semente.<\/p>\n<p><strong>Servi\u00e7o<br \/>\n<\/strong>Evento: Semana de Capacita\u00e7\u00e3o em Desenvolvimento Comunit\u00e1rio<br \/>\nData: 25 a 29 de janeiro de 2016<br \/>\nLocal:\u00a0Igreja de Cristo de Felipe Camar\u00e3o &#8211; Rua Santa Cristina, S\/N, Felipe Camar\u00e3o \u2013 Natal\/RN (pr\u00f3ximo a Garagem da Empresa Jardinense).<br \/>\nInscri\u00e7\u00f5es e mais informa\u00e7\u00f5es:\u00a0\u00a0<a href=\"mailto:diretoria.alef@gmail.com\">diretoria.alef@gmail.com<\/a><br \/>\nInvestimento:\u00a0100 reais.<\/p>\n","protected":false},"excerpt":{"rendered":"<p>&nbsp; A Miss\u00e3o ALEF (Associa\u00e7\u00e3o dos L\u00edderes Evang\u00e9licos de Felipe Camar\u00e3o) promove uma Semana de Capacita\u00e7\u00e3o em Desenvolvimento Comunit\u00e1rio, que acontecer\u00e1 no per\u00edodo de 25 a 29 de janeiro de 2016, em Natal, RN. O treinamento tem \u00eanfase nas \u00e1reas de Miss\u00e3o Integral e Servi\u00e7o Comunit\u00e1rio. Al\u00e9m de equipar l\u00edderes crist\u00e3os, o encontro visa oferecer [&hellip;]<\/p>\n","protected":false},"author":2,"featured_media":0,"comment_status":"open","ping_status":"open","sticky":false,"template":"","format":"standard","meta":{"ngg_post_thumbnail":0,"footnotes":""},"categories":[19290],"tags":[23121,100,26,82,83],"class_list":["post-4913","post","type-post","status-publish","format-standard","hentry","category-capacitando","tag-alef","tag-desenvolvimento-comunitario","tag-missao-integral","tag-natal","tag-rio-grande-do-norte"],"_links":{"self":[{"href":"https:\/\/ultimato.com.br\/sites\/paralelo10\/wp-json\/wp\/v2\/posts\/4913","targetHints":{"allow":["GET"]}}],"collection":[{"href":"https:\/\/ultimato.com.br\/sites\/paralelo10\/wp-json\/wp\/v2\/posts"}],"about":[{"href":"https:\/\/ultimato.com.br\/sites\/paralelo10\/wp-json\/wp\/v2\/types\/post"}],"author":[{"embeddable":true,"href":"https:\/\/ultimato.com.br\/sites\/paralelo10\/wp-json\/wp\/v2\/users\/2"}],"replies":[{"embeddable":true,"href":"https:\/\/ultimato.com.br\/sites\/paralelo10\/wp-json\/wp\/v2\/comments?post=4913"}],"version-history":[{"count":2,"href":"https:\/\/ultimato.com.br\/sites\/paralelo10\/wp-json\/wp\/v2\/posts\/4913\/revisions"}],"predecessor-version":[{"id":4916,"href":"https:\/\/ultimato.com.br\/sites\/paralelo10\/wp-json\/wp\/v2\/posts\/4913\/revisions\/4916"}],"wp:attachment":[{"href":"https:\/\/ultimato.com.br\/sites\/paralelo10\/wp-json\/wp\/v2\/media?parent=4913"}],"wp:term":[{"taxonomy":"category","embeddable":true,"href":"https:\/\/ultimato.com.br\/sites\/paralelo10\/wp-json\/wp\/v2\/categories?post=4913"},{"taxonomy":"post_tag","embeddable":true,"href":"https:\/\/ultimato.com.br\/sites\/paralelo10\/wp-json\/wp\/v2\/tags?post=4913"}],"curies":[{"name":"wp","href":"https:\/\/api.w.org\/{rel}","templated":true}]}}