{"id":4819,"date":"2015-11-18T09:08:03","date_gmt":"2015-11-18T12:08:03","guid":{"rendered":"http:\/\/ultimato.com.br\/sites\/paralelo10\/?p=4819"},"modified":"2015-11-18T09:08:03","modified_gmt":"2015-11-18T12:08:03","slug":"o-sertao-que-a-igreja-precisa-enxergar","status":"publish","type":"post","link":"https:\/\/ultimato.com.br\/sites\/paralelo10\/2015\/11\/o-sertao-que-a-igreja-precisa-enxergar\/","title":{"rendered":"O Sert\u00e3o que a igreja precisa enxergar"},"content":{"rendered":"<p><em><a href=\"http:\/\/ultimato.com.br\/sites\/paralelo10\/files\/2015\/11\/P10_maicon-3_blog.jpg\" class=\"lightview\" data-lightview-group=\"group-4819\" data-lightview-options=\"skin: 'dark', controls: 'relative', padding: '10', shadow: { color: '#000000', opacity: 0.08, blur: 3 }\"><img loading=\"lazy\" decoding=\"async\" class=\"alignright size-full wp-image-4821\" src=\"http:\/\/ultimato.com.br\/sites\/paralelo10\/files\/2015\/11\/P10_maicon-3_blog.jpg\" alt=\"P10_maicon (3)_blog\" width=\"352\" height=\"352\" srcset=\"https:\/\/ultimato.com.br\/sites\/paralelo10\/files\/2015\/11\/P10_maicon-3_blog.jpg 352w, https:\/\/ultimato.com.br\/sites\/paralelo10\/files\/2015\/11\/P10_maicon-3_blog-150x150.jpg 150w, https:\/\/ultimato.com.br\/sites\/paralelo10\/files\/2015\/11\/P10_maicon-3_blog-300x300.jpg 300w, https:\/\/ultimato.com.br\/sites\/paralelo10\/files\/2015\/11\/P10_maicon-3_blog-80x80.jpg 80w\" sizes=\"auto, (max-width: 352px) 100vw, 352px\" \/><\/a>Por Maycon Barroco<\/em><\/p>\n<p>Para a maior parte de n\u00f3s, pensar no sert\u00e3o brasileiro \u00e9 ter em mente imagens da seca, da pobreza, da extrema necessidade. N\u00e3o h\u00e1 nada de surpreendente nisso, uma vez que os notici\u00e1rios e os conte\u00fados produzidos pela ind\u00fastria do entretenimento sobre a regi\u00e3o s\u00e3o recheados com imagens desse tipo. Mas como morador e mission\u00e1rio no sert\u00e3o brasileiro, tenho visto e ouvido de perto a realidade e os desafios do povo sertanejo.<\/p>\n<p>Confesso que estou apreensivo com a situa\u00e7\u00e3o atual da nossa na\u00e7\u00e3o e principalmente com o sert\u00e3o. A crise no Brasil e o corte de dezenas de programas de assist\u00eancia do governo nos deixa em alerta e j\u00e1 podemos ver o caos batendo em nossas portas. Todos os dias, dezenas de fam\u00edlias t\u00eam nos procurado com necessidades extremas e admito que n\u00e3o h\u00e1 como ficar alheio ao clamor delas. As necessidades s\u00e3o diversas: \u00e1gua, energia, sa\u00fade, educa\u00e7\u00e3o, empresas, emprego, alimenta\u00e7\u00e3o, transporte, etc. E a desigualdade social por aqui ainda \u00e9 gritante.<\/p>\n<p>Diante dessa situa\u00e7\u00e3o eu s\u00f3 posso fazer uma dessas coisas: observar e lan\u00e7ar cr\u00edticas ou me movimentar e cooperar para, de alguma forma, amenizar a dor de alguns. Ent\u00e3o, escolhi ir al\u00e9m do lugar comum e encontrei um sert\u00e3o de pessoas am\u00e1veis, hospitaleiras, batalhadoras, sempre prontas a compartilhar o que t\u00eam com aqueles que enfrentam alguma dificuldade. A resili\u00eancia do sertanejo me entusiasma, como diz a minha esposa: \u201cEles t\u00eam a capacidade de reinventar a cada chuva que n\u00e3o cai\u201d. A seca castiga. E mesmo sem previs\u00e3o de chuvas eles continuam arando a terra e lan\u00e7ando as sementes.<!--more--><\/p>\n<p><strong>Lan\u00e7ar a semente em terra \u00e1rida<\/strong><\/p>\n<p>Durante muito tempo, as denomina\u00e7\u00f5es, com suas boas inten\u00e7\u00f5es, adentraram o sert\u00e3o com a ideia de evangeliza\u00e7\u00e3o e planta\u00e7\u00e3o de igrejas e at\u00e9 hoje eu ainda n\u00e3o conheci um centro de cidade sertaneja sem nenhuma igreja evang\u00e9lica, ao mesmo tempo em que vi pouqu\u00edssimas igrejas plantadas nos vilarejos, povoados, s\u00edtios e quilombos&#8230; O desafio \u00e9 que, mesmo nos centros, a maioria n\u00e3o investe em projetos na \u00e1rea de desenvolvimento comunit\u00e1rio &#8211; ou por falta de recursos ou talvez por n\u00e3o ter o entendimento de cooperar dessa forma. A entrega de cestas b\u00e1sicas ajuda nas situa\u00e7\u00f5es emergenciais, mas a regi\u00e3o, com o menor \u00edndice de desenvolvimento humano (IDH) do pa\u00eds, necessita de projetos que operem a transforma\u00e7\u00e3o integral da comunidade.<\/p>\n<p><strong>O que igrejas podem fazer?<\/strong><\/p>\n<p>Pode adotar uma cidade do sert\u00e3o nordestino, investindo recursos em trabalhos j\u00e1 estabelecidos (claro que \u00e9 necess\u00e1rio conhecer antes de investir). Pensar na cria\u00e7\u00e3o de novos projetos. Enviar mission\u00e1rios para essas localidades, principalmente para os interiores (existem milhares de localidades sem nenhuma igreja ou mission\u00e1rio). Mobilizar volunt\u00e1rios na \u00e1rea da educa\u00e7\u00e3o e sa\u00fade para servirem nessas cidades.<\/p>\n<p><strong>O que voc\u00ea pode fazer?<\/strong><\/p>\n<p>Adotar uma cidade do sert\u00e3o nordestino em ora\u00e7\u00e3o. Investir seus recursos na vida de mission\u00e1rios e projetos, e dedicar parte do seu tempo em mobiliza\u00e7\u00e3o ou servi\u00e7o volunt\u00e1rio.<\/p>\n<p><strong>Os campos nos aguardam!<\/strong><\/p>\n<p>Existe uma tarefa inacabada por aqui e precisamos termin\u00e1-la urgentemente! Eu n\u00e3o tenho d\u00favidas do clamor do cora\u00e7\u00e3o de Deus em favor dos sertanejos. O nosso papel hoje \u00e9 encarnar aquilo que acreditamos, ou seja, ser aquilo que pregamos. Chegou a hora do servi\u00e7o, do socorro ao necessitado e aflito.<\/p>\n<p><strong><a href=\"http:\/\/ultimato.com.br\/sites\/paralelo10\/files\/2015\/11\/P10_maicon-1-Blog.jpg\" class=\"lightview\" data-lightview-group=\"group-4819\" data-lightview-options=\"skin: 'dark', controls: 'relative', padding: '10', shadow: { color: '#000000', opacity: 0.08, blur: 3 }\"><img loading=\"lazy\" decoding=\"async\" class=\"alignleft wp-image-4820 size-thumbnail\" src=\"http:\/\/ultimato.com.br\/sites\/paralelo10\/files\/2015\/11\/P10_maicon-1-Blog-150x150.jpg\" alt=\"P10_maicon (1) - Blog\" width=\"150\" height=\"150\" srcset=\"https:\/\/ultimato.com.br\/sites\/paralelo10\/files\/2015\/11\/P10_maicon-1-Blog-150x150.jpg 150w, https:\/\/ultimato.com.br\/sites\/paralelo10\/files\/2015\/11\/P10_maicon-1-Blog-80x80.jpg 80w\" sizes=\"auto, (max-width: 150px) 100vw, 150px\" \/><\/a>\u2022 Maycon Barroco<\/strong>, casado com Vivian e pai de Estev\u00e3o \u2013 todos mission\u00e1rios no sert\u00e3o do Piau\u00ed, na cidade de Acau\u00e3. \u00c9 diretor, mission\u00e1rio e fundador da base do <a href=\"http:\/\/www.irisglobal.org\/\">IRIS Global<\/a> no <a href=\"http:\/\/www.facebook.com\/irispiaui\">Piau\u00ed<\/a>, tamb\u00e9m mission\u00e1rio da <a href=\"http:\/\/www.maisnomundo.org\/\">MAIS<\/a> (Miss\u00e3o em Apoio \u00e0 Igreja Sofredora) e vice-presidente do Instituto Novo Sert\u00e3o. Atualmente trabalha com outros mission\u00e1rios no processo de planta\u00e7\u00e3o de igrejas e com projetos de desenvolvimento comunit\u00e1rio (Sa\u00fade, Esporte, Educa\u00e7\u00e3o, Cultura, etc.).<\/p>\n<p>&nbsp;<\/p>\n<p>&nbsp;<\/p>\n<p>&nbsp;<\/p>\n\n\t\t<style type=\"text\/css\">\n\t\t\t#gallery-1 {\n\t\t\t\tmargin: auto;\n\t\t\t}\n\t\t\t#gallery-1 .gallery-item {\n\t\t\t\tfloat: left;\n\t\t\t\tmargin-top: 10px;\n\t\t\t\ttext-align: center;\n\t\t\t\twidth: 50%;\n\t\t\t}\n\t\t\t#gallery-1 img {\n\t\t\t\tborder: 2px solid #cfcfcf;\n\t\t\t}\n\t\t\t#gallery-1 .gallery-caption {\n\t\t\t\tmargin-left: 0;\n\t\t\t}\n\t\t\t\/* see gallery_shortcode() in wp-includes\/media.php *\/\n\t\t<\/style>\n\t\t<div id='gallery-1' class='gallery galleryid-4819 gallery-columns-2 gallery-size-medium'><dl class='gallery-item'>\n\t\t\t<dt class='gallery-icon landscape'>\n\t\t\t\t<a href='https:\/\/ultimato.com.br\/sites\/paralelo10\/files\/2015\/11\/P10_maicon-6.jpg#main'><img loading=\"lazy\" decoding=\"async\" width=\"300\" height=\"169\" src=\"https:\/\/ultimato.com.br\/sites\/paralelo10\/files\/2015\/11\/P10_maicon-6-300x169.jpg\" class=\"attachment-medium size-medium\" alt=\"\" srcset=\"https:\/\/ultimato.com.br\/sites\/paralelo10\/files\/2015\/11\/P10_maicon-6-300x169.jpg 300w, https:\/\/ultimato.com.br\/sites\/paralelo10\/files\/2015\/11\/P10_maicon-6-150x85.jpg 150w, https:\/\/ultimato.com.br\/sites\/paralelo10\/files\/2015\/11\/P10_maicon-6.jpg 355w\" sizes=\"auto, (max-width: 300px) 100vw, 300px\" \/><\/a>\n\t\t\t<\/dt><\/dl><dl class='gallery-item'>\n\t\t\t<dt class='gallery-icon landscape'>\n\t\t\t\t<a href='https:\/\/ultimato.com.br\/sites\/paralelo10\/files\/2015\/11\/P10_maicon-5.jpg#main'><img loading=\"lazy\" decoding=\"async\" width=\"300\" height=\"169\" src=\"https:\/\/ultimato.com.br\/sites\/paralelo10\/files\/2015\/11\/P10_maicon-5-300x169.jpg\" class=\"attachment-medium size-medium\" alt=\"\" srcset=\"https:\/\/ultimato.com.br\/sites\/paralelo10\/files\/2015\/11\/P10_maicon-5-300x169.jpg 300w, https:\/\/ultimato.com.br\/sites\/paralelo10\/files\/2015\/11\/P10_maicon-5-150x85.jpg 150w, https:\/\/ultimato.com.br\/sites\/paralelo10\/files\/2015\/11\/P10_maicon-5.jpg 355w\" sizes=\"auto, (max-width: 300px) 100vw, 300px\" \/><\/a>\n\t\t\t<\/dt><\/dl><br style=\"clear: both\" \/><dl class='gallery-item'>\n\t\t\t<dt class='gallery-icon landscape'>\n\t\t\t\t<a href='https:\/\/ultimato.com.br\/sites\/paralelo10\/files\/2015\/11\/P10_maicon-2.jpg#main'><img loading=\"lazy\" decoding=\"async\" width=\"300\" height=\"225\" src=\"https:\/\/ultimato.com.br\/sites\/paralelo10\/files\/2015\/11\/P10_maicon-2-300x225.jpg\" class=\"attachment-medium size-medium\" alt=\"\" srcset=\"https:\/\/ultimato.com.br\/sites\/paralelo10\/files\/2015\/11\/P10_maicon-2-300x225.jpg 300w, https:\/\/ultimato.com.br\/sites\/paralelo10\/files\/2015\/11\/P10_maicon-2-150x112.jpg 150w, https:\/\/ultimato.com.br\/sites\/paralelo10\/files\/2015\/11\/P10_maicon-2.jpg 347w\" sizes=\"auto, (max-width: 300px) 100vw, 300px\" \/><\/a>\n\t\t\t<\/dt><\/dl><dl class='gallery-item'>\n\t\t\t<dt class='gallery-icon landscape'>\n\t\t\t\t<a href='https:\/\/ultimato.com.br\/sites\/paralelo10\/files\/2015\/11\/P10_maicon-7.jpg#main'><img loading=\"lazy\" decoding=\"async\" width=\"300\" height=\"300\" src=\"https:\/\/ultimato.com.br\/sites\/paralelo10\/files\/2015\/11\/P10_maicon-7-300x300.jpg\" class=\"attachment-medium size-medium\" alt=\"\" srcset=\"https:\/\/ultimato.com.br\/sites\/paralelo10\/files\/2015\/11\/P10_maicon-7-300x300.jpg 300w, https:\/\/ultimato.com.br\/sites\/paralelo10\/files\/2015\/11\/P10_maicon-7-150x150.jpg 150w, https:\/\/ultimato.com.br\/sites\/paralelo10\/files\/2015\/11\/P10_maicon-7-80x80.jpg 80w, https:\/\/ultimato.com.br\/sites\/paralelo10\/files\/2015\/11\/P10_maicon-7.jpg 355w\" sizes=\"auto, (max-width: 300px) 100vw, 300px\" \/><\/a>\n\t\t\t<\/dt><\/dl><br style=\"clear: both\" \/>\n\t\t<\/div>\n\n","protected":false},"excerpt":{"rendered":"<p>Por Maycon Barroco Para a maior parte de n\u00f3s, pensar no sert\u00e3o brasileiro \u00e9 ter em mente imagens da seca, da pobreza, da extrema necessidade. N\u00e3o h\u00e1 nada de surpreendente nisso, uma vez que os notici\u00e1rios e os conte\u00fados produzidos pela ind\u00fastria do entretenimento sobre a regi\u00e3o s\u00e3o recheados com imagens desse tipo. Mas como [&hellip;]<\/p>\n","protected":false},"author":2,"featured_media":0,"comment_status":"open","ping_status":"open","sticky":false,"template":"","format":"standard","meta":{"ngg_post_thumbnail":0,"footnotes":""},"categories":[6],"tags":[100,23247,23248,21547],"class_list":["post-4819","post","type-post","status-publish","format-standard","hentry","category-bom-tempero","tag-desenvolvimento-comunitario","tag-iris-global","tag-maycon-barroco","tag-piaui"],"_links":{"self":[{"href":"https:\/\/ultimato.com.br\/sites\/paralelo10\/wp-json\/wp\/v2\/posts\/4819","targetHints":{"allow":["GET"]}}],"collection":[{"href":"https:\/\/ultimato.com.br\/sites\/paralelo10\/wp-json\/wp\/v2\/posts"}],"about":[{"href":"https:\/\/ultimato.com.br\/sites\/paralelo10\/wp-json\/wp\/v2\/types\/post"}],"author":[{"embeddable":true,"href":"https:\/\/ultimato.com.br\/sites\/paralelo10\/wp-json\/wp\/v2\/users\/2"}],"replies":[{"embeddable":true,"href":"https:\/\/ultimato.com.br\/sites\/paralelo10\/wp-json\/wp\/v2\/comments?post=4819"}],"version-history":[{"count":2,"href":"https:\/\/ultimato.com.br\/sites\/paralelo10\/wp-json\/wp\/v2\/posts\/4819\/revisions"}],"predecessor-version":[{"id":4827,"href":"https:\/\/ultimato.com.br\/sites\/paralelo10\/wp-json\/wp\/v2\/posts\/4819\/revisions\/4827"}],"wp:attachment":[{"href":"https:\/\/ultimato.com.br\/sites\/paralelo10\/wp-json\/wp\/v2\/media?parent=4819"}],"wp:term":[{"taxonomy":"category","embeddable":true,"href":"https:\/\/ultimato.com.br\/sites\/paralelo10\/wp-json\/wp\/v2\/categories?post=4819"},{"taxonomy":"post_tag","embeddable":true,"href":"https:\/\/ultimato.com.br\/sites\/paralelo10\/wp-json\/wp\/v2\/tags?post=4819"}],"curies":[{"name":"wp","href":"https:\/\/api.w.org\/{rel}","templated":true}]}}